{"id":7205,"date":"2021-08-23T11:22:00","date_gmt":"2021-08-23T09:22:00","guid":{"rendered":"https:\/\/dhalmann.fr\/music\/?p=7205"},"modified":"2021-09-05T11:31:07","modified_gmt":"2021-09-05T09:31:07","slug":"creation-dazzi-suisse","status":"publish","type":"post","link":"https:\/\/dhalmann.fr\/music\/creation-dazzi-suisse\/","title":{"rendered":"Cr\u00e9ation de Gualtiero Dazzi"},"content":{"rendered":"\n<p>Cr\u00e9ation de la nouvelle version de &#8220;<a href=\"https:\/\/dhalmann.fr\/music\/produit\/fragments-retrouves-clarinette-basson-marimba-dazzi-gualtiero\/\">Fragments Retrouv\u00e9s<\/a>&#8221; de <a href=\"https:\/\/dhalmann.fr\/music\/product-category\/auteurs\/dazzi-gualtiero\/\">Gualtiero Dazzi<\/a> \u00e0 Bienne, Suisse, par l&#8217;orchestre Symphonique Bienne Soleure.<\/p>\n\n\n\n<p>Le 24 aout 2021 \u00e0 Bienne, Suisse.<\/p>\n\n\n\n<figure class=\"wp-block-image size-medium\"><a href=\"https:\/\/dhalmann.fr\/music\/produit\/fragments-retrouves-clarinette-basson-marimba-dazzi-gualtiero\/\"><img decoding=\"async\" width=\"212\" height=\"300\" src=\"https:\/\/dhalmann.fr\/music\/wp-content\/uploads\/2021\/07\/FD0773_fragments_Cl-Fg-Mrb-212x300.jpg\" alt=\"Fragments retrouv\u00e9s\" class=\"wp-image-903\" srcset=\"https:\/\/dhalmann.fr\/music\/wp-content\/uploads\/2021\/07\/FD0773_fragments_Cl-Fg-Mrb-212x300.jpg 212w, https:\/\/dhalmann.fr\/music\/wp-content\/uploads\/2021\/07\/FD0773_fragments_Cl-Fg-Mrb-300x424.jpg 300w, https:\/\/dhalmann.fr\/music\/wp-content\/uploads\/2021\/07\/FD0773_fragments_Cl-Fg-Mrb-600x849.jpg 600w, https:\/\/dhalmann.fr\/music\/wp-content\/uploads\/2021\/07\/FD0773_fragments_Cl-Fg-Mrb-64x91.jpg 64w, https:\/\/dhalmann.fr\/music\/wp-content\/uploads\/2021\/07\/FD0773_fragments_Cl-Fg-Mrb.jpg 724w\" sizes=\"(max-width: 212px) 100vw, 212px\" \/><\/a><\/figure>\n","protected":false},"excerpt":{"rendered":"<p>Cr\u00e9ation de la nouvelle version de &#8220;Fragments Retrouv\u00e9s&#8221; de Gualtiero Dazzi \u00e0 Bienne, Suisse, par l&#8217;orchestre Symphonique Bienne Soleure. Le 24 aout 2021 \u00e0 Bienne, Suisse.<\/p>\n","protected":false},"author":2,"featured_media":0,"comment_status":"closed","ping_status":"closed","sticky":false,"template":"","format":"standard","meta":{"ocean_post_layout":"","ocean_both_sidebars_style":"","ocean_both_sidebars_content_width":0,"ocean_both_sidebars_sidebars_width":0,"ocean_sidebar":"0","ocean_second_sidebar":"0","ocean_disable_margins":"enable","ocean_add_body_class":"","ocean_shortcode_before_top_bar":"","ocean_shortcode_after_top_bar":"","ocean_shortcode_before_header":"","ocean_shortcode_after_header":"","ocean_has_shortcode":"","ocean_shortcode_after_title":"","ocean_shortcode_before_footer_widgets":"","ocean_shortcode_after_footer_widgets":"","ocean_shortcode_before_footer_bottom":"","ocean_shortcode_after_footer_bottom":"","ocean_display_top_bar":"default","ocean_display_header":"default","ocean_header_style":"","ocean_center_header_left_menu":"0","ocean_custom_header_template":"0","ocean_custom_logo":0,"ocean_custom_retina_logo":0,"ocean_custom_logo_max_width":0,"ocean_custom_logo_tablet_max_width":0,"ocean_custom_logo_mobile_max_width":0,"ocean_custom_logo_max_height":0,"ocean_custom_logo_tablet_max_height":0,"ocean_custom_logo_mobile_max_height":0,"ocean_header_custom_menu":"0","ocean_menu_typo_font_family":"0","ocean_menu_typo_font_subset":"","ocean_menu_typo_font_size":0,"ocean_menu_typo_font_size_tablet":0,"ocean_menu_typo_font_size_mobile":0,"ocean_menu_typo_font_size_unit":"px","ocean_menu_typo_font_weight":"","ocean_menu_typo_font_weight_tablet":"","ocean_menu_typo_font_weight_mobile":"","ocean_menu_typo_transform":"","ocean_menu_typo_transform_tablet":"","ocean_menu_typo_transform_mobile":"","ocean_menu_typo_line_height":0,"ocean_menu_typo_line_height_tablet":0,"ocean_menu_typo_line_height_mobile":0,"ocean_menu_typo_line_height_unit":"","ocean_menu_typo_spacing":0,"ocean_menu_typo_spacing_tablet":0,"ocean_menu_typo_spacing_mobile":0,"ocean_menu_typo_spacing_unit":"","ocean_menu_link_color":"","ocean_menu_link_color_hover":"","ocean_menu_link_color_active":"","ocean_menu_link_background":"","ocean_menu_link_hover_background":"","ocean_menu_link_active_background":"","ocean_menu_social_links_bg":"","ocean_menu_social_hover_links_bg":"","ocean_menu_social_links_color":"","ocean_menu_social_hover_links_color":"","ocean_disable_title":"default","ocean_disable_heading":"default","ocean_post_title":"","ocean_post_subheading":"","ocean_post_title_style":"","ocean_post_title_background_color":"","ocean_post_title_background":0,"ocean_post_title_bg_image_position":"","ocean_post_title_bg_image_attachment":"","ocean_post_title_bg_image_repeat":"","ocean_post_title_bg_image_size":"","ocean_post_title_height":0,"ocean_post_title_bg_overlay":0.5,"ocean_post_title_bg_overlay_color":"","ocean_disable_breadcrumbs":"default","ocean_breadcrumbs_color":"","ocean_breadcrumbs_separator_color":"","ocean_breadcrumbs_links_color":"","ocean_breadcrumbs_links_hover_color":"","ocean_display_footer_widgets":"default","ocean_display_footer_bottom":"default","ocean_custom_footer_template":"0","ocean_post_oembed":"","ocean_post_self_hosted_media":"","ocean_post_video_embed":"","ocean_link_format":"","ocean_link_format_target":"self","ocean_quote_format":"","ocean_quote_format_link":"post","ocean_gallery_link_images":"off","ocean_gallery_id":[],"footnotes":""},"categories":[512],"tags":[],"class_list":["post-7205","post","type-post","status-publish","format-standard","hentry","category-actualites","entry","owp-thumbs-layout-horizontal","owp-btn-normal","owp-tabs-layout-horizontal","has-no-thumbnails","has-product-nav"],"yoast_head":"<!-- This site is optimized with the Yoast SEO plugin v27.5 - https:\/\/yoast.com\/product\/yoast-seo-wordpress\/ -->\n<title>Cr\u00e9ation de Gualtiero Dazzi - Editions Fran\u00e7ois Dhalmann<\/title>\n<meta name=\"description\" content=\"Cr\u00e9ation de la nouvelle version de &quot;Fragments Retrouv\u00e9s&quot; de Gualtiero Dazzi \u00e0 Bienne, Suisse, par l&#039;orchestre Symphonique Bienne Soleure.\" \/>\n<meta name=\"robots\" content=\"index, follow, max-snippet:-1, max-image-preview:large, max-video-preview:-1\" \/>\n<link rel=\"canonical\" href=\"https:\/\/dhalmann.fr\/music\/creation-dazzi-suisse\/\" \/>\n<meta property=\"og:locale\" content=\"fr_FR\" \/>\n<meta property=\"og:type\" content=\"article\" \/>\n<meta property=\"og:title\" content=\"Cr\u00e9ation de Gualtiero Dazzi - Editions Fran\u00e7ois Dhalmann\" \/>\n<meta property=\"og:description\" content=\"Cr\u00e9ation de la nouvelle version de &quot;Fragments Retrouv\u00e9s&quot; de Gualtiero Dazzi \u00e0 Bienne, Suisse, par l&#039;orchestre Symphonique Bienne Soleure.\" \/>\n<meta property=\"og:url\" content=\"https:\/\/dhalmann.fr\/music\/creation-dazzi-suisse\/\" \/>\n<meta property=\"og:site_name\" content=\"Editions Fran\u00e7ois Dhalmann\" \/>\n<meta property=\"article:publisher\" content=\"https:\/\/www.facebook.com\/EditionsDhalmann\/\" \/>\n<meta property=\"article:published_time\" content=\"2021-08-23T09:22:00+00:00\" \/>\n<meta property=\"article:modified_time\" content=\"2021-09-05T09:31:07+00:00\" \/>\n<meta property=\"og:image\" content=\"https:\/\/dhalmann.fr\/music\/wp-content\/uploads\/2021\/07\/FD0773_fragments_Cl-Fg-Mrb-212x300.jpg\" \/>\n<meta name=\"author\" content=\"Editions Dhalmann\" \/>\n<meta name=\"twitter:card\" content=\"summary_large_image\" \/>\n<meta name=\"twitter:creator\" content=\"@editiondhalmann\" \/>\n<meta name=\"twitter:site\" content=\"@editiondhalmann\" \/>\n<meta name=\"twitter:label1\" content=\"\u00c9crit par\" \/>\n\t<meta name=\"twitter:data1\" content=\"Editions Dhalmann\" \/>\n\t<meta name=\"twitter:label2\" content=\"Dur\u00e9e de lecture estim\u00e9e\" \/>\n\t<meta name=\"twitter:data2\" content=\"1 minute\" \/>\n<script type=\"application\/ld+json\" class=\"yoast-schema-graph\">{\"@context\":\"https:\\\/\\\/schema.org\",\"@graph\":[{\"@type\":\"Article\",\"@id\":\"https:\\\/\\\/dhalmann.fr\\\/music\\\/creation-dazzi-suisse\\\/#article\",\"isPartOf\":{\"@id\":\"https:\\\/\\\/dhalmann.fr\\\/music\\\/creation-dazzi-suisse\\\/\"},\"author\":{\"name\":\"Editions Dhalmann\",\"@id\":\"https:\\\/\\\/dhalmann.fr\\\/music\\\/#\\\/schema\\\/person\\\/a369157ae86c5e8f064177bad48750fa\"},\"headline\":\"Cr\u00e9ation de Gualtiero Dazzi\",\"datePublished\":\"2021-08-23T09:22:00+00:00\",\"dateModified\":\"2021-09-05T09:31:07+00:00\",\"mainEntityOfPage\":{\"@id\":\"https:\\\/\\\/dhalmann.fr\\\/music\\\/creation-dazzi-suisse\\\/\"},\"wordCount\":30,\"publisher\":{\"@id\":\"https:\\\/\\\/dhalmann.fr\\\/music\\\/#organization\"},\"image\":{\"@id\":\"https:\\\/\\\/dhalmann.fr\\\/music\\\/creation-dazzi-suisse\\\/#primaryimage\"},\"thumbnailUrl\":\"https:\\\/\\\/dhalmann.fr\\\/music\\\/wp-content\\\/uploads\\\/2021\\\/07\\\/FD0773_fragments_Cl-Fg-Mrb-212x300.jpg\",\"articleSection\":[\"Actualit\u00e9s\"],\"inLanguage\":\"fr-FR\"},{\"@type\":\"WebPage\",\"@id\":\"https:\\\/\\\/dhalmann.fr\\\/music\\\/creation-dazzi-suisse\\\/\",\"url\":\"https:\\\/\\\/dhalmann.fr\\\/music\\\/creation-dazzi-suisse\\\/\",\"name\":\"Cr\u00e9ation de Gualtiero Dazzi - Editions Fran\u00e7ois Dhalmann\",\"isPartOf\":{\"@id\":\"https:\\\/\\\/dhalmann.fr\\\/music\\\/#website\"},\"primaryImageOfPage\":{\"@id\":\"https:\\\/\\\/dhalmann.fr\\\/music\\\/creation-dazzi-suisse\\\/#primaryimage\"},\"image\":{\"@id\":\"https:\\\/\\\/dhalmann.fr\\\/music\\\/creation-dazzi-suisse\\\/#primaryimage\"},\"thumbnailUrl\":\"https:\\\/\\\/dhalmann.fr\\\/music\\\/wp-content\\\/uploads\\\/2021\\\/07\\\/FD0773_fragments_Cl-Fg-Mrb-212x300.jpg\",\"datePublished\":\"2021-08-23T09:22:00+00:00\",\"dateModified\":\"2021-09-05T09:31:07+00:00\",\"description\":\"Cr\u00e9ation de la nouvelle version de \\\"Fragments Retrouv\u00e9s\\\" de Gualtiero Dazzi \u00e0 Bienne, Suisse, par l'orchestre Symphonique Bienne Soleure.\",\"breadcrumb\":{\"@id\":\"https:\\\/\\\/dhalmann.fr\\\/music\\\/creation-dazzi-suisse\\\/#breadcrumb\"},\"inLanguage\":\"fr-FR\",\"potentialAction\":[{\"@type\":\"ReadAction\",\"target\":[\"https:\\\/\\\/dhalmann.fr\\\/music\\\/creation-dazzi-suisse\\\/\"]}]},{\"@type\":\"ImageObject\",\"inLanguage\":\"fr-FR\",\"@id\":\"https:\\\/\\\/dhalmann.fr\\\/music\\\/creation-dazzi-suisse\\\/#primaryimage\",\"url\":\"https:\\\/\\\/dhalmann.fr\\\/music\\\/wp-content\\\/uploads\\\/2021\\\/07\\\/FD0773_fragments_Cl-Fg-Mrb.jpg\",\"contentUrl\":\"https:\\\/\\\/dhalmann.fr\\\/music\\\/wp-content\\\/uploads\\\/2021\\\/07\\\/FD0773_fragments_Cl-Fg-Mrb.jpg\",\"width\":724,\"height\":1024,\"caption\":\"Fragments retrouv\u00e9s\"},{\"@type\":\"BreadcrumbList\",\"@id\":\"https:\\\/\\\/dhalmann.fr\\\/music\\\/creation-dazzi-suisse\\\/#breadcrumb\",\"itemListElement\":[{\"@type\":\"ListItem\",\"position\":1,\"name\":\"Home\",\"item\":\"https:\\\/\\\/dhalmann.fr\\\/music\\\/\"},{\"@type\":\"ListItem\",\"position\":2,\"name\":\"Cr\u00e9ation de Gualtiero Dazzi\"}]},{\"@type\":\"WebSite\",\"@id\":\"https:\\\/\\\/dhalmann.fr\\\/music\\\/#website\",\"url\":\"https:\\\/\\\/dhalmann.fr\\\/music\\\/\",\"name\":\"Editions Fran\u00e7ois Dhalmann\",\"description\":\"Partitions musicales des Editions Dhalmann pour tous les instruments - Percussion, piano, cordes, vents, ensemble, orchestre et bien plus\",\"publisher\":{\"@id\":\"https:\\\/\\\/dhalmann.fr\\\/music\\\/#organization\"},\"alternateName\":\"Dhalmann\",\"potentialAction\":[{\"@type\":\"SearchAction\",\"target\":{\"@type\":\"EntryPoint\",\"urlTemplate\":\"https:\\\/\\\/dhalmann.fr\\\/music\\\/?s={search_term_string}\"},\"query-input\":{\"@type\":\"PropertyValueSpecification\",\"valueRequired\":true,\"valueName\":\"search_term_string\"}}],\"inLanguage\":\"fr-FR\"},{\"@type\":\"Organization\",\"@id\":\"https:\\\/\\\/dhalmann.fr\\\/music\\\/#organization\",\"name\":\"Editions Francois Dhalmann\",\"alternateName\":\"Dhalmann\",\"url\":\"https:\\\/\\\/dhalmann.fr\\\/music\\\/\",\"logo\":{\"@type\":\"ImageObject\",\"inLanguage\":\"fr-FR\",\"@id\":\"https:\\\/\\\/dhalmann.fr\\\/music\\\/#\\\/schema\\\/logo\\\/image\\\/\",\"url\":\"https:\\\/\\\/dhalmann.fr\\\/music\\\/wp-content\\\/uploads\\\/2021\\\/07\\\/editions-francois-dhalmann-1397749175.jpg\",\"contentUrl\":\"https:\\\/\\\/dhalmann.fr\\\/music\\\/wp-content\\\/uploads\\\/2021\\\/07\\\/editions-francois-dhalmann-1397749175.jpg\",\"width\":559,\"height\":354,\"caption\":\"Editions Francois Dhalmann\"},\"image\":{\"@id\":\"https:\\\/\\\/dhalmann.fr\\\/music\\\/#\\\/schema\\\/logo\\\/image\\\/\"},\"sameAs\":[\"https:\\\/\\\/www.facebook.com\\\/EditionsDhalmann\\\/\",\"https:\\\/\\\/x.com\\\/editiondhalmann\",\"https:\\\/\\\/www.youtube.com\\\/channel\\\/UCZdGOJXKqg6ByF1pQloitAg\"]},{\"@type\":\"Person\",\"@id\":\"https:\\\/\\\/dhalmann.fr\\\/music\\\/#\\\/schema\\\/person\\\/a369157ae86c5e8f064177bad48750fa\",\"name\":\"Editions Dhalmann\",\"image\":{\"@type\":\"ImageObject\",\"inLanguage\":\"fr-FR\",\"@id\":\"https:\\\/\\\/secure.gravatar.com\\\/avatar\\\/7c78cfdb4a1fdf68108dcbb2afc53e5515fada4b9418f47e0456d1463bd3903b?s=96&d=mm&r=g\",\"url\":\"https:\\\/\\\/secure.gravatar.com\\\/avatar\\\/7c78cfdb4a1fdf68108dcbb2afc53e5515fada4b9418f47e0456d1463bd3903b?s=96&d=mm&r=g\",\"contentUrl\":\"https:\\\/\\\/secure.gravatar.com\\\/avatar\\\/7c78cfdb4a1fdf68108dcbb2afc53e5515fada4b9418f47e0456d1463bd3903b?s=96&d=mm&r=g\",\"caption\":\"Editions Dhalmann\"},\"url\":\"https:\\\/\\\/dhalmann.fr\\\/music\\\/author\\\/editionsdhal_18_1_19\\\/\"}]}<\/script>\n<!-- \/ Yoast SEO plugin. -->","yoast_head_json":{"title":"Cr\u00e9ation de Gualtiero Dazzi - Editions Fran\u00e7ois Dhalmann","description":"Cr\u00e9ation de la nouvelle version de \"Fragments Retrouv\u00e9s\" de Gualtiero Dazzi \u00e0 Bienne, Suisse, par l'orchestre Symphonique Bienne Soleure.","robots":{"index":"index","follow":"follow","max-snippet":"max-snippet:-1","max-image-preview":"max-image-preview:large","max-video-preview":"max-video-preview:-1"},"canonical":"https:\/\/dhalmann.fr\/music\/creation-dazzi-suisse\/","og_locale":"fr_FR","og_type":"article","og_title":"Cr\u00e9ation de Gualtiero Dazzi - Editions Fran\u00e7ois Dhalmann","og_description":"Cr\u00e9ation de la nouvelle version de \"Fragments Retrouv\u00e9s\" de Gualtiero Dazzi \u00e0 Bienne, Suisse, par l'orchestre Symphonique Bienne Soleure.","og_url":"https:\/\/dhalmann.fr\/music\/creation-dazzi-suisse\/","og_site_name":"Editions Fran\u00e7ois Dhalmann","article_publisher":"https:\/\/www.facebook.com\/EditionsDhalmann\/","article_published_time":"2021-08-23T09:22:00+00:00","article_modified_time":"2021-09-05T09:31:07+00:00","og_image":[{"url":"https:\/\/dhalmann.fr\/music\/wp-content\/uploads\/2021\/07\/FD0773_fragments_Cl-Fg-Mrb-212x300.jpg","type":"","width":"","height":""}],"author":"Editions Dhalmann","twitter_card":"summary_large_image","twitter_creator":"@editiondhalmann","twitter_site":"@editiondhalmann","twitter_misc":{"\u00c9crit par":"Editions Dhalmann","Dur\u00e9e de lecture estim\u00e9e":"1 minute"},"schema":{"@context":"https:\/\/schema.org","@graph":[{"@type":"Article","@id":"https:\/\/dhalmann.fr\/music\/creation-dazzi-suisse\/#article","isPartOf":{"@id":"https:\/\/dhalmann.fr\/music\/creation-dazzi-suisse\/"},"author":{"name":"Editions Dhalmann","@id":"https:\/\/dhalmann.fr\/music\/#\/schema\/person\/a369157ae86c5e8f064177bad48750fa"},"headline":"Cr\u00e9ation de Gualtiero Dazzi","datePublished":"2021-08-23T09:22:00+00:00","dateModified":"2021-09-05T09:31:07+00:00","mainEntityOfPage":{"@id":"https:\/\/dhalmann.fr\/music\/creation-dazzi-suisse\/"},"wordCount":30,"publisher":{"@id":"https:\/\/dhalmann.fr\/music\/#organization"},"image":{"@id":"https:\/\/dhalmann.fr\/music\/creation-dazzi-suisse\/#primaryimage"},"thumbnailUrl":"https:\/\/dhalmann.fr\/music\/wp-content\/uploads\/2021\/07\/FD0773_fragments_Cl-Fg-Mrb-212x300.jpg","articleSection":["Actualit\u00e9s"],"inLanguage":"fr-FR"},{"@type":"WebPage","@id":"https:\/\/dhalmann.fr\/music\/creation-dazzi-suisse\/","url":"https:\/\/dhalmann.fr\/music\/creation-dazzi-suisse\/","name":"Cr\u00e9ation de Gualtiero Dazzi - Editions Fran\u00e7ois Dhalmann","isPartOf":{"@id":"https:\/\/dhalmann.fr\/music\/#website"},"primaryImageOfPage":{"@id":"https:\/\/dhalmann.fr\/music\/creation-dazzi-suisse\/#primaryimage"},"image":{"@id":"https:\/\/dhalmann.fr\/music\/creation-dazzi-suisse\/#primaryimage"},"thumbnailUrl":"https:\/\/dhalmann.fr\/music\/wp-content\/uploads\/2021\/07\/FD0773_fragments_Cl-Fg-Mrb-212x300.jpg","datePublished":"2021-08-23T09:22:00+00:00","dateModified":"2021-09-05T09:31:07+00:00","description":"Cr\u00e9ation de la nouvelle version de \"Fragments Retrouv\u00e9s\" de Gualtiero Dazzi \u00e0 Bienne, Suisse, par l'orchestre Symphonique Bienne Soleure.","breadcrumb":{"@id":"https:\/\/dhalmann.fr\/music\/creation-dazzi-suisse\/#breadcrumb"},"inLanguage":"fr-FR","potentialAction":[{"@type":"ReadAction","target":["https:\/\/dhalmann.fr\/music\/creation-dazzi-suisse\/"]}]},{"@type":"ImageObject","inLanguage":"fr-FR","@id":"https:\/\/dhalmann.fr\/music\/creation-dazzi-suisse\/#primaryimage","url":"https:\/\/dhalmann.fr\/music\/wp-content\/uploads\/2021\/07\/FD0773_fragments_Cl-Fg-Mrb.jpg","contentUrl":"https:\/\/dhalmann.fr\/music\/wp-content\/uploads\/2021\/07\/FD0773_fragments_Cl-Fg-Mrb.jpg","width":724,"height":1024,"caption":"Fragments retrouv\u00e9s"},{"@type":"BreadcrumbList","@id":"https:\/\/dhalmann.fr\/music\/creation-dazzi-suisse\/#breadcrumb","itemListElement":[{"@type":"ListItem","position":1,"name":"Home","item":"https:\/\/dhalmann.fr\/music\/"},{"@type":"ListItem","position":2,"name":"Cr\u00e9ation de Gualtiero Dazzi"}]},{"@type":"WebSite","@id":"https:\/\/dhalmann.fr\/music\/#website","url":"https:\/\/dhalmann.fr\/music\/","name":"Editions Fran\u00e7ois Dhalmann","description":"Partitions musicales des Editions Dhalmann pour tous les instruments - Percussion, piano, cordes, vents, ensemble, orchestre et bien plus","publisher":{"@id":"https:\/\/dhalmann.fr\/music\/#organization"},"alternateName":"Dhalmann","potentialAction":[{"@type":"SearchAction","target":{"@type":"EntryPoint","urlTemplate":"https:\/\/dhalmann.fr\/music\/?s={search_term_string}"},"query-input":{"@type":"PropertyValueSpecification","valueRequired":true,"valueName":"search_term_string"}}],"inLanguage":"fr-FR"},{"@type":"Organization","@id":"https:\/\/dhalmann.fr\/music\/#organization","name":"Editions Francois Dhalmann","alternateName":"Dhalmann","url":"https:\/\/dhalmann.fr\/music\/","logo":{"@type":"ImageObject","inLanguage":"fr-FR","@id":"https:\/\/dhalmann.fr\/music\/#\/schema\/logo\/image\/","url":"https:\/\/dhalmann.fr\/music\/wp-content\/uploads\/2021\/07\/editions-francois-dhalmann-1397749175.jpg","contentUrl":"https:\/\/dhalmann.fr\/music\/wp-content\/uploads\/2021\/07\/editions-francois-dhalmann-1397749175.jpg","width":559,"height":354,"caption":"Editions Francois Dhalmann"},"image":{"@id":"https:\/\/dhalmann.fr\/music\/#\/schema\/logo\/image\/"},"sameAs":["https:\/\/www.facebook.com\/EditionsDhalmann\/","https:\/\/x.com\/editiondhalmann","https:\/\/www.youtube.com\/channel\/UCZdGOJXKqg6ByF1pQloitAg"]},{"@type":"Person","@id":"https:\/\/dhalmann.fr\/music\/#\/schema\/person\/a369157ae86c5e8f064177bad48750fa","name":"Editions Dhalmann","image":{"@type":"ImageObject","inLanguage":"fr-FR","@id":"https:\/\/secure.gravatar.com\/avatar\/7c78cfdb4a1fdf68108dcbb2afc53e5515fada4b9418f47e0456d1463bd3903b?s=96&d=mm&r=g","url":"https:\/\/secure.gravatar.com\/avatar\/7c78cfdb4a1fdf68108dcbb2afc53e5515fada4b9418f47e0456d1463bd3903b?s=96&d=mm&r=g","contentUrl":"https:\/\/secure.gravatar.com\/avatar\/7c78cfdb4a1fdf68108dcbb2afc53e5515fada4b9418f47e0456d1463bd3903b?s=96&d=mm&r=g","caption":"Editions Dhalmann"},"url":"https:\/\/dhalmann.fr\/music\/author\/editionsdhal_18_1_19\/"}]}},"_links":{"self":[{"href":"https:\/\/dhalmann.fr\/music\/wp-json\/wp\/v2\/posts\/7205","targetHints":{"allow":["GET"]}}],"collection":[{"href":"https:\/\/dhalmann.fr\/music\/wp-json\/wp\/v2\/posts"}],"about":[{"href":"https:\/\/dhalmann.fr\/music\/wp-json\/wp\/v2\/types\/post"}],"author":[{"embeddable":true,"href":"https:\/\/dhalmann.fr\/music\/wp-json\/wp\/v2\/users\/2"}],"replies":[{"embeddable":true,"href":"https:\/\/dhalmann.fr\/music\/wp-json\/wp\/v2\/comments?post=7205"}],"version-history":[{"count":1,"href":"https:\/\/dhalmann.fr\/music\/wp-json\/wp\/v2\/posts\/7205\/revisions"}],"predecessor-version":[{"id":7206,"href":"https:\/\/dhalmann.fr\/music\/wp-json\/wp\/v2\/posts\/7205\/revisions\/7206"}],"wp:attachment":[{"href":"https:\/\/dhalmann.fr\/music\/wp-json\/wp\/v2\/media?parent=7205"}],"wp:term":[{"taxonomy":"category","embeddable":true,"href":"https:\/\/dhalmann.fr\/music\/wp-json\/wp\/v2\/categories?post=7205"},{"taxonomy":"post_tag","embeddable":true,"href":"https:\/\/dhalmann.fr\/music\/wp-json\/wp\/v2\/tags?post=7205"}],"curies":[{"name":"wp","href":"https:\/\/api.w.org\/{rel}","templated":true}]}}