{"id":7345,"date":"2021-09-10T15:35:19","date_gmt":"2021-09-10T13:35:19","guid":{"rendered":"https:\/\/dhalmann.fr\/music\/?p=7345"},"modified":"2023-02-04T17:30:47","modified_gmt":"2023-02-04T15:30:47","slug":"les-morceaux-dexamens-2021-2022","status":"publish","type":"post","link":"https:\/\/dhalmann.fr\/music\/les-morceaux-dexamens-2021-2022\/","title":{"rendered":"Les morceaux d&#8217;examens : annales"},"content":{"rendered":"\n<p class=\"has-medium-font-size\">La s\u00e9lection de la Conf\u00e9d\u00e9ration Musicale de France (CMF) pour les examens musicaux <\/p>\n\n\n\n<p class=\"has-large-font-size\"><strong>Fin de premier cycle :<\/strong><\/p>\n\n\n<div class=\"woocommerce columns-3 \">\r\n<ul class=\"products oceanwp-row clr grid tablet-col tablet-2-col mobile-col mobile-1-col\">\r\n<li class=\"entry has-media add-to-wishlist-before_image has-product-nav col span_1_of_3 owp-content-center owp-thumbs-layout-horizontal owp-btn-normal owp-tabs-layout-horizontal product type-product post-623 status-publish first instock product_cat-claviers product_cat-duo product_cat-giner-bruno product_cat-multipercussion product_cat-piano has-post-thumbnail taxable shipping-taxable purchasable product-type-variable\">\n\t\n<div\n\tclass=\"yith-wcwl-add-to-wishlist add-to-wishlist-623 yith-wcwl-add-to-wishlist--link-style wishlist-fragment on-first-load\"\n\tdata-fragment-ref=\"623\"\n\tdata-fragment-options=\"{&quot;base_url&quot;:&quot;&quot;,&quot;product_id&quot;:623,&quot;parent_product_id&quot;:0,&quot;product_type&quot;:&quot;variable&quot;,&quot;is_single&quot;:false,&quot;in_default_wishlist&quot;:false,&quot;show_view&quot;:false,&quot;browse_wishlist_text&quot;:&quot;Voir la liste des favoris&quot;,&quot;already_in_wishslist_text&quot;:&quot;Le produit est d\\u00e9j\\u00e0 dans vos favoris\\u00a0!&quot;,&quot;product_added_text&quot;:&quot;Produit ajout\\u00e9 \\u00e0 vos favoris !&quot;,&quot;available_multi_wishlist&quot;:false,&quot;disable_wishlist&quot;:false,&quot;show_count&quot;:false,&quot;ajax_loading&quot;:false,&quot;loop_position&quot;:&quot;before_image&quot;,&quot;item&quot;:&quot;add_to_wishlist&quot;}\"\n>\n\t<\/div>\n<div class=\"product-inner clr\">\r\n\t<div class=\"woo-entry-image-swap woo-entry-image clr\">\r\n\t\t<a href=\"https:\/\/dhalmann.fr\/music\/produit\/pantomime-giner-bruno\/\" class=\"woocommerce-LoopProduct-link\"><img decoding=\"async\" width=\"300\" height=\"425\" src=\"https:\/\/dhalmann.fr\/music\/wp-content\/uploads\/2021\/07\/FD0385-pantomime-300x425.jpg\" class=\"woo-entry-image-main\" alt=\"Pantomime &#8211; Bruno Giner\" itemprop=\"image\" srcset=\"https:\/\/dhalmann.fr\/music\/wp-content\/uploads\/2021\/07\/FD0385-pantomime-300x425.jpg 300w, https:\/\/dhalmann.fr\/music\/wp-content\/uploads\/2021\/07\/FD0385-pantomime-64x91.jpg 64w, https:\/\/dhalmann.fr\/music\/wp-content\/uploads\/2021\/07\/FD0385-pantomime-212x300.jpg 212w, https:\/\/dhalmann.fr\/music\/wp-content\/uploads\/2021\/07\/FD0385-pantomime-416x589.jpg 416w, https:\/\/dhalmann.fr\/music\/wp-content\/uploads\/2021\/07\/FD0385-pantomime.jpg 597w\" sizes=\"(max-width: 300px) 100vw, 300px\" \/><img decoding=\"async\" width=\"300\" height=\"424\" src=\"https:\/\/dhalmann.fr\/music\/wp-content\/uploads\/2021\/08\/FD0385_03-300x424.jpg\" class=\"woo-entry-image-secondary\" alt=\"Pantomime &#8211; Bruno Giner\" itemprop=\"image\" srcset=\"https:\/\/dhalmann.fr\/music\/wp-content\/uploads\/2021\/08\/FD0385_03-300x424.jpg 300w, https:\/\/dhalmann.fr\/music\/wp-content\/uploads\/2021\/08\/FD0385_03-600x848.jpg 600w, https:\/\/dhalmann.fr\/music\/wp-content\/uploads\/2021\/08\/FD0385_03-64x90.jpg 64w, https:\/\/dhalmann.fr\/music\/wp-content\/uploads\/2021\/08\/FD0385_03-212x300.jpg 212w, https:\/\/dhalmann.fr\/music\/wp-content\/uploads\/2021\/08\/FD0385_03-725x1024.jpg 725w, https:\/\/dhalmann.fr\/music\/wp-content\/uploads\/2021\/08\/FD0385_03-768x1085.jpg 768w, https:\/\/dhalmann.fr\/music\/wp-content\/uploads\/2021\/08\/FD0385_03.jpg 794w\" sizes=\"(max-width: 300px) 100vw, 300px\" \/><\/a><a href=\"#\" id=\"product_id_623\" class=\"owp-quick-view\" data-product_id=\"623\" aria-label=\"Pr\u00e9visualiser rapidement le produit Pantomime - Bruno Giner\"><i class=\" icon-eye\" aria-hidden=\"true\" role=\"img\"><\/i> Vue rapide<\/a>\t<\/div><!-- .woo-entry-image-swap -->\r\n\r\n<ul class=\"woo-entry-inner clr\"><li class=\"image-wrap\">\r\n\t<div class=\"woo-entry-image-swap woo-entry-image clr\">\r\n\t\t<a href=\"https:\/\/dhalmann.fr\/music\/produit\/pantomime-giner-bruno\/\" class=\"woocommerce-LoopProduct-link\"><img decoding=\"async\" width=\"300\" height=\"425\" src=\"https:\/\/dhalmann.fr\/music\/wp-content\/uploads\/2021\/07\/FD0385-pantomime-300x425.jpg\" class=\"woo-entry-image-main\" alt=\"Pantomime &#8211; Bruno Giner\" itemprop=\"image\" srcset=\"https:\/\/dhalmann.fr\/music\/wp-content\/uploads\/2021\/07\/FD0385-pantomime-300x425.jpg 300w, https:\/\/dhalmann.fr\/music\/wp-content\/uploads\/2021\/07\/FD0385-pantomime-64x91.jpg 64w, https:\/\/dhalmann.fr\/music\/wp-content\/uploads\/2021\/07\/FD0385-pantomime-212x300.jpg 212w, https:\/\/dhalmann.fr\/music\/wp-content\/uploads\/2021\/07\/FD0385-pantomime-416x589.jpg 416w, https:\/\/dhalmann.fr\/music\/wp-content\/uploads\/2021\/07\/FD0385-pantomime.jpg 597w\" sizes=\"(max-width: 300px) 100vw, 300px\" \/><img decoding=\"async\" width=\"300\" height=\"424\" src=\"https:\/\/dhalmann.fr\/music\/wp-content\/uploads\/2021\/08\/FD0385_03-300x424.jpg\" class=\"woo-entry-image-secondary\" alt=\"Pantomime &#8211; Bruno Giner\" itemprop=\"image\" srcset=\"https:\/\/dhalmann.fr\/music\/wp-content\/uploads\/2021\/08\/FD0385_03-300x424.jpg 300w, https:\/\/dhalmann.fr\/music\/wp-content\/uploads\/2021\/08\/FD0385_03-600x848.jpg 600w, https:\/\/dhalmann.fr\/music\/wp-content\/uploads\/2021\/08\/FD0385_03-64x90.jpg 64w, https:\/\/dhalmann.fr\/music\/wp-content\/uploads\/2021\/08\/FD0385_03-212x300.jpg 212w, https:\/\/dhalmann.fr\/music\/wp-content\/uploads\/2021\/08\/FD0385_03-725x1024.jpg 725w, https:\/\/dhalmann.fr\/music\/wp-content\/uploads\/2021\/08\/FD0385_03-768x1085.jpg 768w, https:\/\/dhalmann.fr\/music\/wp-content\/uploads\/2021\/08\/FD0385_03.jpg 794w\" sizes=\"(max-width: 300px) 100vw, 300px\" \/><\/a><a href=\"#\" id=\"product_id_623\" class=\"owp-quick-view\" data-product_id=\"623\" aria-label=\"Pr\u00e9visualiser rapidement le produit Pantomime - Bruno Giner\"><i class=\" icon-eye\" aria-hidden=\"true\" role=\"img\"><\/i> Vue rapide<\/a>\t<\/div><!-- .woo-entry-image-swap -->\r\n\r\n<\/li><li class=\"category\"><a href=\"https:\/\/dhalmann.fr\/music\/product-category\/instrument\/claviers\/\" rel=\"tag\">Claviers<\/a>, <a href=\"https:\/\/dhalmann.fr\/music\/product-category\/formation\/duo\/\" rel=\"tag\">Duo<\/a>, <a href=\"https:\/\/dhalmann.fr\/music\/product-category\/auteurs\/giner-bruno\/\" rel=\"tag\">Giner Bruno<\/a>, <a href=\"https:\/\/dhalmann.fr\/music\/product-category\/instrument\/percussion\/multipercussion\/\" rel=\"tag\">Multi-percussion<\/a>, <a href=\"https:\/\/dhalmann.fr\/music\/product-category\/instrument\/claviers\/piano\/\" rel=\"tag\">Piano<\/a><\/li><li class=\"title\"><h2><a href=\"https:\/\/dhalmann.fr\/music\/produit\/pantomime-giner-bruno\/\">Pantomime &#8211; Bruno Giner<\/a><\/h2><\/li><li class=\"price-wrap\">\n\t<span class=\"price\"><span class=\"woocommerce-Price-amount amount\"><bdi>16,70<span class=\"woocommerce-Price-currencySymbol\">&euro;<\/span><\/bdi><\/span><\/span>\n<\/li><li class=\"btn-wrap clr\"><a href=\"https:\/\/dhalmann.fr\/music\/produit\/pantomime-giner-bruno\/\" aria-describedby=\"woocommerce_loop_add_to_cart_link_describedby_623\" data-quantity=\"1\" class=\"button product_type_variable add_to_cart_button\" data-product_id=\"623\" data-product_sku=\"FD0385\" aria-label=\"S\u00e9lectionner les options pour &ldquo;Pantomime - Bruno Giner&rdquo;\" rel=\"nofollow\">Choix des options<\/a>\t<span id=\"woocommerce_loop_add_to_cart_link_describedby_623\" class=\"screen-reader-text\">\n\t\tCe produit a plusieurs variations. Les options peuvent \u00eatre choisies sur la page du produit\t<\/span>\n<\/li><\/ul><\/div><!-- .product-inner .clr --><\/li>\n<li class=\"entry has-media add-to-wishlist-before_image has-product-nav col span_1_of_3 owp-content-center owp-thumbs-layout-horizontal owp-btn-normal owp-tabs-layout-horizontal product type-product post-62 status-publish instock product_cat-duo product_cat-ensemble-percussion product_cat-multipercussion product_cat-sauvage-daniel has-post-thumbnail taxable shipping-taxable purchasable product-type-variable\">\n\t\n<div\n\tclass=\"yith-wcwl-add-to-wishlist add-to-wishlist-62 yith-wcwl-add-to-wishlist--link-style wishlist-fragment on-first-load\"\n\tdata-fragment-ref=\"62\"\n\tdata-fragment-options=\"{&quot;base_url&quot;:&quot;&quot;,&quot;product_id&quot;:62,&quot;parent_product_id&quot;:0,&quot;product_type&quot;:&quot;variable&quot;,&quot;is_single&quot;:false,&quot;in_default_wishlist&quot;:false,&quot;show_view&quot;:false,&quot;browse_wishlist_text&quot;:&quot;Voir la liste des favoris&quot;,&quot;already_in_wishslist_text&quot;:&quot;Le produit est d\\u00e9j\\u00e0 dans vos favoris\\u00a0!&quot;,&quot;product_added_text&quot;:&quot;Produit ajout\\u00e9 \\u00e0 vos favoris !&quot;,&quot;available_multi_wishlist&quot;:false,&quot;disable_wishlist&quot;:false,&quot;show_count&quot;:false,&quot;ajax_loading&quot;:false,&quot;loop_position&quot;:&quot;before_image&quot;,&quot;item&quot;:&quot;add_to_wishlist&quot;}\"\n>\n\t<\/div>\n<div class=\"product-inner clr\">\r\n\t<div class=\"woo-entry-image-swap woo-entry-image clr\">\r\n\t\t<a href=\"https:\/\/dhalmann.fr\/music\/produit\/voltiges-sauvage-daniel\/\" class=\"woocommerce-LoopProduct-link\"><img decoding=\"async\" width=\"300\" height=\"422\" src=\"https:\/\/dhalmann.fr\/music\/wp-content\/uploads\/2021\/07\/FD0041-voltiges-300x422.jpg\" class=\"woo-entry-image-main\" alt=\"Voltiges &#8211; Daniel Sauvage\" itemprop=\"image\" srcset=\"https:\/\/dhalmann.fr\/music\/wp-content\/uploads\/2021\/07\/FD0041-voltiges-300x422.jpg 300w, https:\/\/dhalmann.fr\/music\/wp-content\/uploads\/2021\/07\/FD0041-voltiges-600x843.jpg 600w, https:\/\/dhalmann.fr\/music\/wp-content\/uploads\/2021\/07\/FD0041-voltiges-64x90.jpg 64w, https:\/\/dhalmann.fr\/music\/wp-content\/uploads\/2021\/07\/FD0041-voltiges-213x300.jpg 213w, https:\/\/dhalmann.fr\/music\/wp-content\/uploads\/2021\/07\/FD0041-voltiges-728x1024.jpg 728w, https:\/\/dhalmann.fr\/music\/wp-content\/uploads\/2021\/07\/FD0041-voltiges-768x1080.jpg 768w, https:\/\/dhalmann.fr\/music\/wp-content\/uploads\/2021\/07\/FD0041-voltiges.jpg 796w\" sizes=\"(max-width: 300px) 100vw, 300px\" \/><img decoding=\"async\" width=\"300\" height=\"424\" src=\"https:\/\/dhalmann.fr\/music\/wp-content\/uploads\/2021\/08\/FD0041_04-300x424.jpg\" class=\"woo-entry-image-secondary\" alt=\"Voltiges &#8211; Daniel Sauvage\" itemprop=\"image\" srcset=\"https:\/\/dhalmann.fr\/music\/wp-content\/uploads\/2021\/08\/FD0041_04-300x424.jpg 300w, https:\/\/dhalmann.fr\/music\/wp-content\/uploads\/2021\/08\/FD0041_04-600x848.jpg 600w, https:\/\/dhalmann.fr\/music\/wp-content\/uploads\/2021\/08\/FD0041_04-64x90.jpg 64w, https:\/\/dhalmann.fr\/music\/wp-content\/uploads\/2021\/08\/FD0041_04-212x300.jpg 212w, https:\/\/dhalmann.fr\/music\/wp-content\/uploads\/2021\/08\/FD0041_04-725x1024.jpg 725w, https:\/\/dhalmann.fr\/music\/wp-content\/uploads\/2021\/08\/FD0041_04-768x1085.jpg 768w, https:\/\/dhalmann.fr\/music\/wp-content\/uploads\/2021\/08\/FD0041_04.jpg 794w\" sizes=\"(max-width: 300px) 100vw, 300px\" \/><\/a><a href=\"#\" id=\"product_id_62\" class=\"owp-quick-view\" data-product_id=\"62\" aria-label=\"Pr\u00e9visualiser rapidement le produit Voltiges - Daniel Sauvage\"><i class=\" icon-eye\" aria-hidden=\"true\" role=\"img\"><\/i> Vue rapide<\/a>\t<\/div><!-- .woo-entry-image-swap -->\r\n\r\n<ul class=\"woo-entry-inner clr\"><li class=\"image-wrap\">\r\n\t<div class=\"woo-entry-image-swap woo-entry-image clr\">\r\n\t\t<a href=\"https:\/\/dhalmann.fr\/music\/produit\/voltiges-sauvage-daniel\/\" class=\"woocommerce-LoopProduct-link\"><img decoding=\"async\" width=\"300\" height=\"422\" src=\"https:\/\/dhalmann.fr\/music\/wp-content\/uploads\/2021\/07\/FD0041-voltiges-300x422.jpg\" class=\"woo-entry-image-main\" alt=\"Voltiges &#8211; Daniel Sauvage\" itemprop=\"image\" srcset=\"https:\/\/dhalmann.fr\/music\/wp-content\/uploads\/2021\/07\/FD0041-voltiges-300x422.jpg 300w, https:\/\/dhalmann.fr\/music\/wp-content\/uploads\/2021\/07\/FD0041-voltiges-600x843.jpg 600w, https:\/\/dhalmann.fr\/music\/wp-content\/uploads\/2021\/07\/FD0041-voltiges-64x90.jpg 64w, https:\/\/dhalmann.fr\/music\/wp-content\/uploads\/2021\/07\/FD0041-voltiges-213x300.jpg 213w, https:\/\/dhalmann.fr\/music\/wp-content\/uploads\/2021\/07\/FD0041-voltiges-728x1024.jpg 728w, https:\/\/dhalmann.fr\/music\/wp-content\/uploads\/2021\/07\/FD0041-voltiges-768x1080.jpg 768w, https:\/\/dhalmann.fr\/music\/wp-content\/uploads\/2021\/07\/FD0041-voltiges.jpg 796w\" sizes=\"(max-width: 300px) 100vw, 300px\" \/><img decoding=\"async\" width=\"300\" height=\"424\" src=\"https:\/\/dhalmann.fr\/music\/wp-content\/uploads\/2021\/08\/FD0041_04-300x424.jpg\" class=\"woo-entry-image-secondary\" alt=\"Voltiges &#8211; Daniel Sauvage\" itemprop=\"image\" srcset=\"https:\/\/dhalmann.fr\/music\/wp-content\/uploads\/2021\/08\/FD0041_04-300x424.jpg 300w, https:\/\/dhalmann.fr\/music\/wp-content\/uploads\/2021\/08\/FD0041_04-600x848.jpg 600w, https:\/\/dhalmann.fr\/music\/wp-content\/uploads\/2021\/08\/FD0041_04-64x90.jpg 64w, https:\/\/dhalmann.fr\/music\/wp-content\/uploads\/2021\/08\/FD0041_04-212x300.jpg 212w, https:\/\/dhalmann.fr\/music\/wp-content\/uploads\/2021\/08\/FD0041_04-725x1024.jpg 725w, https:\/\/dhalmann.fr\/music\/wp-content\/uploads\/2021\/08\/FD0041_04-768x1085.jpg 768w, https:\/\/dhalmann.fr\/music\/wp-content\/uploads\/2021\/08\/FD0041_04.jpg 794w\" sizes=\"(max-width: 300px) 100vw, 300px\" \/><\/a><a href=\"#\" id=\"product_id_62\" class=\"owp-quick-view\" data-product_id=\"62\" aria-label=\"Pr\u00e9visualiser rapidement le produit Voltiges - Daniel Sauvage\"><i class=\" icon-eye\" aria-hidden=\"true\" role=\"img\"><\/i> Vue rapide<\/a>\t<\/div><!-- .woo-entry-image-swap -->\r\n\r\n<\/li><li class=\"category\"><a href=\"https:\/\/dhalmann.fr\/music\/product-category\/formation\/duo\/\" rel=\"tag\">Duo<\/a>, <a href=\"https:\/\/dhalmann.fr\/music\/product-category\/instrument\/percussion\/ensemble-percussion\/\" rel=\"tag\">Ensembles de percussion<\/a>, <a href=\"https:\/\/dhalmann.fr\/music\/product-category\/instrument\/percussion\/multipercussion\/\" rel=\"tag\">Multi-percussion<\/a>, <a href=\"https:\/\/dhalmann.fr\/music\/product-category\/auteurs\/sauvage-daniel\/\" rel=\"tag\">Sauvage Daniel<\/a><\/li><li class=\"title\"><h2><a href=\"https:\/\/dhalmann.fr\/music\/produit\/voltiges-sauvage-daniel\/\">Voltiges &#8211; Daniel Sauvage<\/a><\/h2><\/li><li class=\"price-wrap\">\n\t<span class=\"price\"><span class=\"woocommerce-Price-amount amount\"><bdi>23,10<span class=\"woocommerce-Price-currencySymbol\">&euro;<\/span><\/bdi><\/span><\/span>\n<\/li><li class=\"btn-wrap clr\"><a href=\"https:\/\/dhalmann.fr\/music\/produit\/voltiges-sauvage-daniel\/\" aria-describedby=\"woocommerce_loop_add_to_cart_link_describedby_62\" data-quantity=\"1\" class=\"button product_type_variable add_to_cart_button\" data-product_id=\"62\" data-product_sku=\"FD0041\" aria-label=\"S\u00e9lectionner les options pour &ldquo;Voltiges - Daniel Sauvage&rdquo;\" rel=\"nofollow\">Choix des options<\/a>\t<span id=\"woocommerce_loop_add_to_cart_link_describedby_62\" class=\"screen-reader-text\">\n\t\tCe produit a plusieurs variations. Les options peuvent \u00eatre choisies sur la page du produit\t<\/span>\n<\/li><\/ul><\/div><!-- .product-inner .clr --><\/li>\n<li class=\"entry has-media add-to-wishlist-before_image has-product-nav col span_1_of_3 owp-content-center owp-thumbs-layout-horizontal owp-btn-normal owp-tabs-layout-horizontal product type-product post-833 status-publish last instock product_cat-compositrices product_cat-donati-isabelle product_cat-duo product_cat-multipercussion has-post-thumbnail taxable shipping-taxable purchasable product-type-variable\">\n\t\n<div\n\tclass=\"yith-wcwl-add-to-wishlist add-to-wishlist-833 yith-wcwl-add-to-wishlist--link-style wishlist-fragment on-first-load\"\n\tdata-fragment-ref=\"833\"\n\tdata-fragment-options=\"{&quot;base_url&quot;:&quot;&quot;,&quot;product_id&quot;:833,&quot;parent_product_id&quot;:0,&quot;product_type&quot;:&quot;variable&quot;,&quot;is_single&quot;:false,&quot;in_default_wishlist&quot;:false,&quot;show_view&quot;:false,&quot;browse_wishlist_text&quot;:&quot;Voir la liste des favoris&quot;,&quot;already_in_wishslist_text&quot;:&quot;Le produit est d\\u00e9j\\u00e0 dans vos favoris\\u00a0!&quot;,&quot;product_added_text&quot;:&quot;Produit ajout\\u00e9 \\u00e0 vos favoris !&quot;,&quot;available_multi_wishlist&quot;:false,&quot;disable_wishlist&quot;:false,&quot;show_count&quot;:false,&quot;ajax_loading&quot;:false,&quot;loop_position&quot;:&quot;before_image&quot;,&quot;item&quot;:&quot;add_to_wishlist&quot;}\"\n>\n\t<\/div>\n<div class=\"product-inner clr\">\r\n\t<div class=\"woo-entry-image-swap woo-entry-image clr\">\r\n\t\t<a href=\"https:\/\/dhalmann.fr\/music\/produit\/reditum-regis-donati-isabelle\/\" class=\"woocommerce-LoopProduct-link\"><img decoding=\"async\" width=\"300\" height=\"424\" src=\"https:\/\/dhalmann.fr\/music\/wp-content\/uploads\/2021\/07\/FD0739_Reditum-300x424.jpg\" class=\"woo-entry-image-main\" alt=\"Reditum Regis &#8211; Donati Isabelle\" itemprop=\"image\" srcset=\"https:\/\/dhalmann.fr\/music\/wp-content\/uploads\/2021\/07\/FD0739_Reditum-300x424.jpg 300w, https:\/\/dhalmann.fr\/music\/wp-content\/uploads\/2021\/07\/FD0739_Reditum-600x849.jpg 600w, https:\/\/dhalmann.fr\/music\/wp-content\/uploads\/2021\/07\/FD0739_Reditum-64x91.jpg 64w, https:\/\/dhalmann.fr\/music\/wp-content\/uploads\/2021\/07\/FD0739_Reditum-212x300.jpg 212w, https:\/\/dhalmann.fr\/music\/wp-content\/uploads\/2021\/07\/FD0739_Reditum-724x1024.jpg 724w, https:\/\/dhalmann.fr\/music\/wp-content\/uploads\/2021\/07\/FD0739_Reditum-768x1086.jpg 768w, https:\/\/dhalmann.fr\/music\/wp-content\/uploads\/2021\/07\/FD0739_Reditum.jpg 794w\" sizes=\"(max-width: 300px) 100vw, 300px\" \/><img decoding=\"async\" width=\"300\" height=\"424\" src=\"https:\/\/dhalmann.fr\/music\/wp-content\/uploads\/2021\/07\/FD0739_01-300x424.jpg\" class=\"woo-entry-image-secondary\" alt=\"Reditum Regis &#8211; Donati Isabelle\" itemprop=\"image\" srcset=\"https:\/\/dhalmann.fr\/music\/wp-content\/uploads\/2021\/07\/FD0739_01-300x424.jpg 300w, https:\/\/dhalmann.fr\/music\/wp-content\/uploads\/2021\/07\/FD0739_01-600x849.jpg 600w, https:\/\/dhalmann.fr\/music\/wp-content\/uploads\/2021\/07\/FD0739_01-64x91.jpg 64w, https:\/\/dhalmann.fr\/music\/wp-content\/uploads\/2021\/07\/FD0739_01-212x300.jpg 212w, https:\/\/dhalmann.fr\/music\/wp-content\/uploads\/2021\/07\/FD0739_01-724x1024.jpg 724w, https:\/\/dhalmann.fr\/music\/wp-content\/uploads\/2021\/07\/FD0739_01-768x1086.jpg 768w, https:\/\/dhalmann.fr\/music\/wp-content\/uploads\/2021\/07\/FD0739_01.jpg 905w\" sizes=\"(max-width: 300px) 100vw, 300px\" \/><\/a><a href=\"#\" id=\"product_id_833\" class=\"owp-quick-view\" data-product_id=\"833\" aria-label=\"Pr\u00e9visualiser rapidement le produit Reditum Regis - Donati Isabelle\"><i class=\" icon-eye\" aria-hidden=\"true\" role=\"img\"><\/i> Vue rapide<\/a>\t<\/div><!-- .woo-entry-image-swap -->\r\n\r\n<ul class=\"woo-entry-inner clr\"><li class=\"image-wrap\">\r\n\t<div class=\"woo-entry-image-swap woo-entry-image clr\">\r\n\t\t<a href=\"https:\/\/dhalmann.fr\/music\/produit\/reditum-regis-donati-isabelle\/\" class=\"woocommerce-LoopProduct-link\"><img decoding=\"async\" width=\"300\" height=\"424\" src=\"https:\/\/dhalmann.fr\/music\/wp-content\/uploads\/2021\/07\/FD0739_Reditum-300x424.jpg\" class=\"woo-entry-image-main\" alt=\"Reditum Regis &#8211; Donati Isabelle\" itemprop=\"image\" srcset=\"https:\/\/dhalmann.fr\/music\/wp-content\/uploads\/2021\/07\/FD0739_Reditum-300x424.jpg 300w, https:\/\/dhalmann.fr\/music\/wp-content\/uploads\/2021\/07\/FD0739_Reditum-600x849.jpg 600w, https:\/\/dhalmann.fr\/music\/wp-content\/uploads\/2021\/07\/FD0739_Reditum-64x91.jpg 64w, https:\/\/dhalmann.fr\/music\/wp-content\/uploads\/2021\/07\/FD0739_Reditum-212x300.jpg 212w, https:\/\/dhalmann.fr\/music\/wp-content\/uploads\/2021\/07\/FD0739_Reditum-724x1024.jpg 724w, https:\/\/dhalmann.fr\/music\/wp-content\/uploads\/2021\/07\/FD0739_Reditum-768x1086.jpg 768w, https:\/\/dhalmann.fr\/music\/wp-content\/uploads\/2021\/07\/FD0739_Reditum.jpg 794w\" sizes=\"(max-width: 300px) 100vw, 300px\" \/><img decoding=\"async\" width=\"300\" height=\"424\" src=\"https:\/\/dhalmann.fr\/music\/wp-content\/uploads\/2021\/07\/FD0739_01-300x424.jpg\" class=\"woo-entry-image-secondary\" alt=\"Reditum Regis &#8211; Donati Isabelle\" itemprop=\"image\" srcset=\"https:\/\/dhalmann.fr\/music\/wp-content\/uploads\/2021\/07\/FD0739_01-300x424.jpg 300w, https:\/\/dhalmann.fr\/music\/wp-content\/uploads\/2021\/07\/FD0739_01-600x849.jpg 600w, https:\/\/dhalmann.fr\/music\/wp-content\/uploads\/2021\/07\/FD0739_01-64x91.jpg 64w, https:\/\/dhalmann.fr\/music\/wp-content\/uploads\/2021\/07\/FD0739_01-212x300.jpg 212w, https:\/\/dhalmann.fr\/music\/wp-content\/uploads\/2021\/07\/FD0739_01-724x1024.jpg 724w, https:\/\/dhalmann.fr\/music\/wp-content\/uploads\/2021\/07\/FD0739_01-768x1086.jpg 768w, https:\/\/dhalmann.fr\/music\/wp-content\/uploads\/2021\/07\/FD0739_01.jpg 905w\" sizes=\"(max-width: 300px) 100vw, 300px\" \/><\/a><a href=\"#\" id=\"product_id_833\" class=\"owp-quick-view\" data-product_id=\"833\" aria-label=\"Pr\u00e9visualiser rapidement le produit Reditum Regis - Donati Isabelle\"><i class=\" icon-eye\" aria-hidden=\"true\" role=\"img\"><\/i> Vue rapide<\/a>\t<\/div><!-- .woo-entry-image-swap -->\r\n\r\n<\/li><li class=\"category\"><a href=\"https:\/\/dhalmann.fr\/music\/product-category\/auteurs\/compositrices\/\" rel=\"tag\">Compositrices<\/a>, <a href=\"https:\/\/dhalmann.fr\/music\/product-category\/auteurs\/donati-isabelle\/\" rel=\"tag\">Donati Isabelle<\/a>, <a href=\"https:\/\/dhalmann.fr\/music\/product-category\/formation\/duo\/\" rel=\"tag\">Duo<\/a>, <a href=\"https:\/\/dhalmann.fr\/music\/product-category\/instrument\/percussion\/multipercussion\/\" rel=\"tag\">Multi-percussion<\/a><\/li><li class=\"title\"><h2><a href=\"https:\/\/dhalmann.fr\/music\/produit\/reditum-regis-donati-isabelle\/\">Reditum Regis &#8211; Donati Isabelle<\/a><\/h2><\/li><li class=\"price-wrap\">\n\t<span class=\"price\"><span class=\"woocommerce-Price-amount amount\"><bdi>20,20<span class=\"woocommerce-Price-currencySymbol\">&euro;<\/span><\/bdi><\/span><\/span>\n<\/li><li class=\"btn-wrap clr\"><a href=\"https:\/\/dhalmann.fr\/music\/produit\/reditum-regis-donati-isabelle\/\" aria-describedby=\"woocommerce_loop_add_to_cart_link_describedby_833\" data-quantity=\"1\" class=\"button product_type_variable add_to_cart_button\" data-product_id=\"833\" data-product_sku=\"FD0739\" aria-label=\"S\u00e9lectionner les options pour &ldquo;Reditum Regis - Donati Isabelle&rdquo;\" rel=\"nofollow\">Choix des options<\/a>\t<span id=\"woocommerce_loop_add_to_cart_link_describedby_833\" class=\"screen-reader-text\">\n\t\tCe produit a plusieurs variations. Les options peuvent \u00eatre choisies sur la page du produit\t<\/span>\n<\/li><\/ul><\/div><!-- .product-inner .clr --><\/li>\n<li class=\"entry has-media add-to-wishlist-before_image has-product-nav col span_1_of_3 owp-content-center owp-thumbs-layout-horizontal owp-btn-normal owp-tabs-layout-horizontal has-no-thumbnails product type-product post-420 status-publish first instock product_cat-avec-piano product_cat-concerto product_cat-duo product_cat-multipercussion product_cat-sauvage-daniel has-post-thumbnail taxable shipping-taxable purchasable product-type-variable\">\n\t\n<div\n\tclass=\"yith-wcwl-add-to-wishlist add-to-wishlist-420 yith-wcwl-add-to-wishlist--link-style wishlist-fragment on-first-load\"\n\tdata-fragment-ref=\"420\"\n\tdata-fragment-options=\"{&quot;base_url&quot;:&quot;&quot;,&quot;product_id&quot;:420,&quot;parent_product_id&quot;:0,&quot;product_type&quot;:&quot;variable&quot;,&quot;is_single&quot;:false,&quot;in_default_wishlist&quot;:false,&quot;show_view&quot;:false,&quot;browse_wishlist_text&quot;:&quot;Voir la liste des favoris&quot;,&quot;already_in_wishslist_text&quot;:&quot;Le produit est d\\u00e9j\\u00e0 dans vos favoris\\u00a0!&quot;,&quot;product_added_text&quot;:&quot;Produit ajout\\u00e9 \\u00e0 vos favoris !&quot;,&quot;available_multi_wishlist&quot;:false,&quot;disable_wishlist&quot;:false,&quot;show_count&quot;:false,&quot;ajax_loading&quot;:false,&quot;loop_position&quot;:&quot;before_image&quot;,&quot;item&quot;:&quot;add_to_wishlist&quot;}\"\n>\n\t<\/div>\n<div class=\"product-inner clr\">\r\n\t<div class=\"woo-entry-image clr\">\r\n\t\t<a href=\"https:\/\/dhalmann.fr\/music\/produit\/temballes-sauvage-daniel\/\" class=\"woocommerce-LoopProduct-link\"><img decoding=\"async\" width=\"300\" height=\"425\" src=\"https:\/\/dhalmann.fr\/music\/wp-content\/uploads\/2021\/07\/FD0246-t-emballes-300x425.jpg\" class=\"woo-entry-image-main\" alt=\"T&#8217;emballes ? &#8211; Daniel Sauvage\" itemprop=\"image\" srcset=\"https:\/\/dhalmann.fr\/music\/wp-content\/uploads\/2021\/07\/FD0246-t-emballes-300x425.jpg 300w, https:\/\/dhalmann.fr\/music\/wp-content\/uploads\/2021\/07\/FD0246-t-emballes-64x91.jpg 64w, https:\/\/dhalmann.fr\/music\/wp-content\/uploads\/2021\/07\/FD0246-t-emballes-212x300.jpg 212w, https:\/\/dhalmann.fr\/music\/wp-content\/uploads\/2021\/07\/FD0246-t-emballes.jpg 399w\" sizes=\"(max-width: 300px) 100vw, 300px\" \/><\/a><a href=\"#\" id=\"product_id_420\" class=\"owp-quick-view\" data-product_id=\"420\" aria-label=\"Pr\u00e9visualiser rapidement le produit T'emballes ? - Daniel Sauvage\"><i class=\" icon-eye\" aria-hidden=\"true\" role=\"img\"><\/i> Vue rapide<\/a>\t<\/div><!-- .woo-entry-image -->\r\n\r\n<ul class=\"woo-entry-inner clr\"><li class=\"image-wrap\">\r\n\t<div class=\"woo-entry-image clr\">\r\n\t\t<a href=\"https:\/\/dhalmann.fr\/music\/produit\/temballes-sauvage-daniel\/\" class=\"woocommerce-LoopProduct-link\"><img decoding=\"async\" width=\"300\" height=\"425\" src=\"https:\/\/dhalmann.fr\/music\/wp-content\/uploads\/2021\/07\/FD0246-t-emballes-300x425.jpg\" class=\"woo-entry-image-main\" alt=\"T&#8217;emballes ? &#8211; Daniel Sauvage\" itemprop=\"image\" srcset=\"https:\/\/dhalmann.fr\/music\/wp-content\/uploads\/2021\/07\/FD0246-t-emballes-300x425.jpg 300w, https:\/\/dhalmann.fr\/music\/wp-content\/uploads\/2021\/07\/FD0246-t-emballes-64x91.jpg 64w, https:\/\/dhalmann.fr\/music\/wp-content\/uploads\/2021\/07\/FD0246-t-emballes-212x300.jpg 212w, https:\/\/dhalmann.fr\/music\/wp-content\/uploads\/2021\/07\/FD0246-t-emballes.jpg 399w\" sizes=\"(max-width: 300px) 100vw, 300px\" \/><\/a><a href=\"#\" id=\"product_id_420\" class=\"owp-quick-view\" data-product_id=\"420\" aria-label=\"Pr\u00e9visualiser rapidement le produit T'emballes ? - Daniel Sauvage\"><i class=\" icon-eye\" aria-hidden=\"true\" role=\"img\"><\/i> Vue rapide<\/a>\t<\/div><!-- .woo-entry-image -->\r\n\r\n<\/li><li class=\"category\"><a href=\"https:\/\/dhalmann.fr\/music\/product-category\/formation\/avec-piano\/\" rel=\"tag\">Avec piano<\/a>, <a href=\"https:\/\/dhalmann.fr\/music\/product-category\/formation\/concerto\/\" rel=\"tag\">Concerto<\/a>, <a href=\"https:\/\/dhalmann.fr\/music\/product-category\/formation\/duo\/\" rel=\"tag\">Duo<\/a>, <a href=\"https:\/\/dhalmann.fr\/music\/product-category\/instrument\/percussion\/multipercussion\/\" rel=\"tag\">Multi-percussion<\/a>, <a href=\"https:\/\/dhalmann.fr\/music\/product-category\/auteurs\/sauvage-daniel\/\" rel=\"tag\">Sauvage Daniel<\/a><\/li><li class=\"title\"><h2><a href=\"https:\/\/dhalmann.fr\/music\/produit\/temballes-sauvage-daniel\/\">T&#8217;emballes ? &#8211; Daniel Sauvage<\/a><\/h2><\/li><li class=\"price-wrap\">\n\t<span class=\"price\"><span class=\"woocommerce-Price-amount amount\"><bdi>18,80<span class=\"woocommerce-Price-currencySymbol\">&euro;<\/span><\/bdi><\/span><\/span>\n<\/li><li class=\"btn-wrap clr\"><a href=\"https:\/\/dhalmann.fr\/music\/produit\/temballes-sauvage-daniel\/\" aria-describedby=\"woocommerce_loop_add_to_cart_link_describedby_420\" data-quantity=\"1\" class=\"button product_type_variable add_to_cart_button\" data-product_id=\"420\" data-product_sku=\"FD0246\" aria-label=\"S\u00e9lectionner les options pour &ldquo;T&#039;emballes ? - Daniel Sauvage&rdquo;\" rel=\"nofollow\">Choix des options<\/a>\t<span id=\"woocommerce_loop_add_to_cart_link_describedby_420\" class=\"screen-reader-text\">\n\t\tCe produit a plusieurs variations. Les options peuvent \u00eatre choisies sur la page du produit\t<\/span>\n<\/li><\/ul><\/div><!-- .product-inner .clr --><\/li>\n<li class=\"entry has-media add-to-wishlist-before_image has-product-nav col span_1_of_3 owp-content-center owp-thumbs-layout-horizontal owp-btn-normal owp-tabs-layout-horizontal product type-product post-135 status-publish instock product_cat-duo product_cat-ensemble-percussion product_cat-multipercussion product_cat-sauvage-daniel has-post-thumbnail taxable shipping-taxable purchasable product-type-variable\">\n\t\n<div\n\tclass=\"yith-wcwl-add-to-wishlist add-to-wishlist-135 yith-wcwl-add-to-wishlist--link-style wishlist-fragment on-first-load\"\n\tdata-fragment-ref=\"135\"\n\tdata-fragment-options=\"{&quot;base_url&quot;:&quot;&quot;,&quot;product_id&quot;:135,&quot;parent_product_id&quot;:0,&quot;product_type&quot;:&quot;variable&quot;,&quot;is_single&quot;:false,&quot;in_default_wishlist&quot;:false,&quot;show_view&quot;:false,&quot;browse_wishlist_text&quot;:&quot;Voir la liste des favoris&quot;,&quot;already_in_wishslist_text&quot;:&quot;Le produit est d\\u00e9j\\u00e0 dans vos favoris\\u00a0!&quot;,&quot;product_added_text&quot;:&quot;Produit ajout\\u00e9 \\u00e0 vos favoris !&quot;,&quot;available_multi_wishlist&quot;:false,&quot;disable_wishlist&quot;:false,&quot;show_count&quot;:false,&quot;ajax_loading&quot;:false,&quot;loop_position&quot;:&quot;before_image&quot;,&quot;item&quot;:&quot;add_to_wishlist&quot;}\"\n>\n\t<\/div>\n<div class=\"product-inner clr\">\r\n\t<div class=\"woo-entry-image-swap woo-entry-image clr\">\r\n\t\t<a href=\"https:\/\/dhalmann.fr\/music\/produit\/louis-segare-sauvage-daniel\/\" class=\"woocommerce-LoopProduct-link\"><img decoding=\"async\" width=\"276\" height=\"387\" src=\"https:\/\/dhalmann.fr\/music\/wp-content\/uploads\/2021\/07\/FD0079-louis-segare.jpg\" class=\"woo-entry-image-main\" alt=\"Louis s&#8217;\u00e9gare &#8211; Daniel Sauvage\" itemprop=\"image\" srcset=\"https:\/\/dhalmann.fr\/music\/wp-content\/uploads\/2021\/07\/FD0079-louis-segare.jpg 276w, https:\/\/dhalmann.fr\/music\/wp-content\/uploads\/2021\/07\/FD0079-louis-segare-64x90.jpg 64w, https:\/\/dhalmann.fr\/music\/wp-content\/uploads\/2021\/07\/FD0079-louis-segare-214x300.jpg 214w\" sizes=\"(max-width: 276px) 100vw, 276px\" \/><img decoding=\"async\" width=\"300\" height=\"424\" src=\"https:\/\/dhalmann.fr\/music\/wp-content\/uploads\/2021\/08\/FD0079_04-300x424.jpg\" class=\"woo-entry-image-secondary\" alt=\"Louis s&#8217;\u00e9gare &#8211; Daniel Sauvage\" itemprop=\"image\" srcset=\"https:\/\/dhalmann.fr\/music\/wp-content\/uploads\/2021\/08\/FD0079_04-300x424.jpg 300w, https:\/\/dhalmann.fr\/music\/wp-content\/uploads\/2021\/08\/FD0079_04-600x848.jpg 600w, https:\/\/dhalmann.fr\/music\/wp-content\/uploads\/2021\/08\/FD0079_04-64x90.jpg 64w, https:\/\/dhalmann.fr\/music\/wp-content\/uploads\/2021\/08\/FD0079_04-212x300.jpg 212w, https:\/\/dhalmann.fr\/music\/wp-content\/uploads\/2021\/08\/FD0079_04-725x1024.jpg 725w, https:\/\/dhalmann.fr\/music\/wp-content\/uploads\/2021\/08\/FD0079_04-768x1085.jpg 768w, https:\/\/dhalmann.fr\/music\/wp-content\/uploads\/2021\/08\/FD0079_04.jpg 794w\" sizes=\"(max-width: 300px) 100vw, 300px\" \/><\/a><a href=\"#\" id=\"product_id_135\" class=\"owp-quick-view\" data-product_id=\"135\" aria-label=\"Pr\u00e9visualiser rapidement le produit Louis s'\u00e9gare - Daniel Sauvage\"><i class=\" icon-eye\" aria-hidden=\"true\" role=\"img\"><\/i> Vue rapide<\/a>\t<\/div><!-- .woo-entry-image-swap -->\r\n\r\n<ul class=\"woo-entry-inner clr\"><li class=\"image-wrap\">\r\n\t<div class=\"woo-entry-image-swap woo-entry-image clr\">\r\n\t\t<a href=\"https:\/\/dhalmann.fr\/music\/produit\/louis-segare-sauvage-daniel\/\" class=\"woocommerce-LoopProduct-link\"><img decoding=\"async\" width=\"276\" height=\"387\" src=\"https:\/\/dhalmann.fr\/music\/wp-content\/uploads\/2021\/07\/FD0079-louis-segare.jpg\" class=\"woo-entry-image-main\" alt=\"Louis s&#8217;\u00e9gare &#8211; Daniel Sauvage\" itemprop=\"image\" srcset=\"https:\/\/dhalmann.fr\/music\/wp-content\/uploads\/2021\/07\/FD0079-louis-segare.jpg 276w, https:\/\/dhalmann.fr\/music\/wp-content\/uploads\/2021\/07\/FD0079-louis-segare-64x90.jpg 64w, https:\/\/dhalmann.fr\/music\/wp-content\/uploads\/2021\/07\/FD0079-louis-segare-214x300.jpg 214w\" sizes=\"(max-width: 276px) 100vw, 276px\" \/><img decoding=\"async\" width=\"300\" height=\"424\" src=\"https:\/\/dhalmann.fr\/music\/wp-content\/uploads\/2021\/08\/FD0079_04-300x424.jpg\" class=\"woo-entry-image-secondary\" alt=\"Louis s&#8217;\u00e9gare &#8211; Daniel Sauvage\" itemprop=\"image\" srcset=\"https:\/\/dhalmann.fr\/music\/wp-content\/uploads\/2021\/08\/FD0079_04-300x424.jpg 300w, https:\/\/dhalmann.fr\/music\/wp-content\/uploads\/2021\/08\/FD0079_04-600x848.jpg 600w, https:\/\/dhalmann.fr\/music\/wp-content\/uploads\/2021\/08\/FD0079_04-64x90.jpg 64w, https:\/\/dhalmann.fr\/music\/wp-content\/uploads\/2021\/08\/FD0079_04-212x300.jpg 212w, https:\/\/dhalmann.fr\/music\/wp-content\/uploads\/2021\/08\/FD0079_04-725x1024.jpg 725w, https:\/\/dhalmann.fr\/music\/wp-content\/uploads\/2021\/08\/FD0079_04-768x1085.jpg 768w, https:\/\/dhalmann.fr\/music\/wp-content\/uploads\/2021\/08\/FD0079_04.jpg 794w\" sizes=\"(max-width: 300px) 100vw, 300px\" \/><\/a><a href=\"#\" id=\"product_id_135\" class=\"owp-quick-view\" data-product_id=\"135\" aria-label=\"Pr\u00e9visualiser rapidement le produit Louis s'\u00e9gare - Daniel Sauvage\"><i class=\" icon-eye\" aria-hidden=\"true\" role=\"img\"><\/i> Vue rapide<\/a>\t<\/div><!-- .woo-entry-image-swap -->\r\n\r\n<\/li><li class=\"category\"><a href=\"https:\/\/dhalmann.fr\/music\/product-category\/formation\/duo\/\" rel=\"tag\">Duo<\/a>, <a href=\"https:\/\/dhalmann.fr\/music\/product-category\/instrument\/percussion\/ensemble-percussion\/\" rel=\"tag\">Ensembles de percussion<\/a>, <a href=\"https:\/\/dhalmann.fr\/music\/product-category\/instrument\/percussion\/multipercussion\/\" rel=\"tag\">Multi-percussion<\/a>, <a href=\"https:\/\/dhalmann.fr\/music\/product-category\/auteurs\/sauvage-daniel\/\" rel=\"tag\">Sauvage Daniel<\/a><\/li><li class=\"title\"><h2><a href=\"https:\/\/dhalmann.fr\/music\/produit\/louis-segare-sauvage-daniel\/\">Louis s&#8217;\u00e9gare &#8211; Daniel Sauvage<\/a><\/h2><\/li><li class=\"price-wrap\">\n\t<span class=\"price\"><span class=\"woocommerce-Price-amount amount\"><bdi>20,20<span class=\"woocommerce-Price-currencySymbol\">&euro;<\/span><\/bdi><\/span><\/span>\n<\/li><li class=\"btn-wrap clr\"><a href=\"https:\/\/dhalmann.fr\/music\/produit\/louis-segare-sauvage-daniel\/\" aria-describedby=\"woocommerce_loop_add_to_cart_link_describedby_135\" data-quantity=\"1\" class=\"button product_type_variable add_to_cart_button\" data-product_id=\"135\" data-product_sku=\"FD0079\" aria-label=\"S\u00e9lectionner les options pour &ldquo;Louis s&#039;\u00e9gare - Daniel Sauvage&rdquo;\" rel=\"nofollow\">Choix des options<\/a>\t<span id=\"woocommerce_loop_add_to_cart_link_describedby_135\" class=\"screen-reader-text\">\n\t\tCe produit a plusieurs variations. Les options peuvent \u00eatre choisies sur la page du produit\t<\/span>\n<\/li><\/ul><\/div><!-- .product-inner .clr --><\/li>\n<li class=\"entry has-media add-to-wishlist-before_image has-product-nav col span_1_of_3 owp-content-center owp-thumbs-layout-horizontal owp-btn-normal owp-tabs-layout-horizontal product type-product post-658 status-publish last instock product_cat-flute-bec product_cat-solo product_cat-vivaldi-antonio has-post-thumbnail taxable shipping-taxable purchasable product-type-variable\">\n\t\n<div\n\tclass=\"yith-wcwl-add-to-wishlist add-to-wishlist-658 yith-wcwl-add-to-wishlist--link-style wishlist-fragment on-first-load\"\n\tdata-fragment-ref=\"658\"\n\tdata-fragment-options=\"{&quot;base_url&quot;:&quot;&quot;,&quot;product_id&quot;:658,&quot;parent_product_id&quot;:0,&quot;product_type&quot;:&quot;variable&quot;,&quot;is_single&quot;:false,&quot;in_default_wishlist&quot;:false,&quot;show_view&quot;:false,&quot;browse_wishlist_text&quot;:&quot;Voir la liste des favoris&quot;,&quot;already_in_wishslist_text&quot;:&quot;Le produit est d\\u00e9j\\u00e0 dans vos favoris\\u00a0!&quot;,&quot;product_added_text&quot;:&quot;Produit ajout\\u00e9 \\u00e0 vos favoris !&quot;,&quot;available_multi_wishlist&quot;:false,&quot;disable_wishlist&quot;:false,&quot;show_count&quot;:false,&quot;ajax_loading&quot;:false,&quot;loop_position&quot;:&quot;before_image&quot;,&quot;item&quot;:&quot;add_to_wishlist&quot;}\"\n>\n\t<\/div>\n<div class=\"product-inner clr\">\r\n\t<div class=\"woo-entry-image-swap woo-entry-image clr\">\r\n\t\t<a href=\"https:\/\/dhalmann.fr\/music\/produit\/6-sonates-pour-flute-a-bec-vivaldi-antonio\/\" class=\"woocommerce-LoopProduct-link\"><img decoding=\"async\" width=\"300\" height=\"425\" src=\"https:\/\/dhalmann.fr\/music\/wp-content\/uploads\/2021\/07\/FD0402-vivaldi-300x425.jpg\" class=\"woo-entry-image-main\" alt=\"6 sonates pour fl\u00fbte \u00e0 bec &#8211; Antonio Vivaldi\" itemprop=\"image\" srcset=\"https:\/\/dhalmann.fr\/music\/wp-content\/uploads\/2021\/07\/FD0402-vivaldi-300x425.jpg 300w, https:\/\/dhalmann.fr\/music\/wp-content\/uploads\/2021\/07\/FD0402-vivaldi-64x91.jpg 64w, https:\/\/dhalmann.fr\/music\/wp-content\/uploads\/2021\/07\/FD0402-vivaldi-212x300.jpg 212w, https:\/\/dhalmann.fr\/music\/wp-content\/uploads\/2021\/07\/FD0402-vivaldi-416x589.jpg 416w, https:\/\/dhalmann.fr\/music\/wp-content\/uploads\/2021\/07\/FD0402-vivaldi.jpg 597w\" sizes=\"(max-width: 300px) 100vw, 300px\" \/><img decoding=\"async\" width=\"300\" height=\"425\" src=\"https:\/\/dhalmann.fr\/music\/wp-content\/uploads\/2021\/09\/fd0402_03-300x425.jpg\" class=\"woo-entry-image-secondary\" alt=\"6 sonates pour fl\u00fbte \u00e0 bec &#8211; Antonio Vivaldi\" itemprop=\"image\" srcset=\"https:\/\/dhalmann.fr\/music\/wp-content\/uploads\/2021\/09\/fd0402_03-300x425.jpg 300w, https:\/\/dhalmann.fr\/music\/wp-content\/uploads\/2021\/09\/fd0402_03-600x849.jpg 600w, https:\/\/dhalmann.fr\/music\/wp-content\/uploads\/2021\/09\/fd0402_03-64x91.jpg 64w, https:\/\/dhalmann.fr\/music\/wp-content\/uploads\/2021\/09\/fd0402_03-212x300.jpg 212w, https:\/\/dhalmann.fr\/music\/wp-content\/uploads\/2021\/09\/fd0402_03-724x1024.jpg 724w, https:\/\/dhalmann.fr\/music\/wp-content\/uploads\/2021\/09\/fd0402_03.jpg 744w\" sizes=\"(max-width: 300px) 100vw, 300px\" \/><\/a><a href=\"#\" id=\"product_id_658\" class=\"owp-quick-view\" data-product_id=\"658\" aria-label=\"Pr\u00e9visualiser rapidement le produit 6 sonates pour fl\u00fbte \u00e0 bec - Antonio Vivaldi\"><i class=\" icon-eye\" aria-hidden=\"true\" role=\"img\"><\/i> Vue rapide<\/a>\t<\/div><!-- .woo-entry-image-swap -->\r\n\r\n<ul class=\"woo-entry-inner clr\"><li class=\"image-wrap\">\r\n\t<div class=\"woo-entry-image-swap woo-entry-image clr\">\r\n\t\t<a href=\"https:\/\/dhalmann.fr\/music\/produit\/6-sonates-pour-flute-a-bec-vivaldi-antonio\/\" class=\"woocommerce-LoopProduct-link\"><img decoding=\"async\" width=\"300\" height=\"425\" src=\"https:\/\/dhalmann.fr\/music\/wp-content\/uploads\/2021\/07\/FD0402-vivaldi-300x425.jpg\" class=\"woo-entry-image-main\" alt=\"6 sonates pour fl\u00fbte \u00e0 bec &#8211; Antonio Vivaldi\" itemprop=\"image\" srcset=\"https:\/\/dhalmann.fr\/music\/wp-content\/uploads\/2021\/07\/FD0402-vivaldi-300x425.jpg 300w, https:\/\/dhalmann.fr\/music\/wp-content\/uploads\/2021\/07\/FD0402-vivaldi-64x91.jpg 64w, https:\/\/dhalmann.fr\/music\/wp-content\/uploads\/2021\/07\/FD0402-vivaldi-212x300.jpg 212w, https:\/\/dhalmann.fr\/music\/wp-content\/uploads\/2021\/07\/FD0402-vivaldi-416x589.jpg 416w, https:\/\/dhalmann.fr\/music\/wp-content\/uploads\/2021\/07\/FD0402-vivaldi.jpg 597w\" sizes=\"(max-width: 300px) 100vw, 300px\" \/><img decoding=\"async\" width=\"300\" height=\"425\" src=\"https:\/\/dhalmann.fr\/music\/wp-content\/uploads\/2021\/09\/fd0402_03-300x425.jpg\" class=\"woo-entry-image-secondary\" alt=\"6 sonates pour fl\u00fbte \u00e0 bec &#8211; Antonio Vivaldi\" itemprop=\"image\" srcset=\"https:\/\/dhalmann.fr\/music\/wp-content\/uploads\/2021\/09\/fd0402_03-300x425.jpg 300w, https:\/\/dhalmann.fr\/music\/wp-content\/uploads\/2021\/09\/fd0402_03-600x849.jpg 600w, https:\/\/dhalmann.fr\/music\/wp-content\/uploads\/2021\/09\/fd0402_03-64x91.jpg 64w, https:\/\/dhalmann.fr\/music\/wp-content\/uploads\/2021\/09\/fd0402_03-212x300.jpg 212w, https:\/\/dhalmann.fr\/music\/wp-content\/uploads\/2021\/09\/fd0402_03-724x1024.jpg 724w, https:\/\/dhalmann.fr\/music\/wp-content\/uploads\/2021\/09\/fd0402_03.jpg 744w\" sizes=\"(max-width: 300px) 100vw, 300px\" \/><\/a><a href=\"#\" id=\"product_id_658\" class=\"owp-quick-view\" data-product_id=\"658\" aria-label=\"Pr\u00e9visualiser rapidement le produit 6 sonates pour fl\u00fbte \u00e0 bec - Antonio Vivaldi\"><i class=\" icon-eye\" aria-hidden=\"true\" role=\"img\"><\/i> Vue rapide<\/a>\t<\/div><!-- .woo-entry-image-swap -->\r\n\r\n<\/li><li class=\"category\"><a href=\"https:\/\/dhalmann.fr\/music\/product-category\/instrument\/instruments-anciens\/flute-bec\/\" rel=\"tag\">Fl\u00fbte \u00e0 bec<\/a>, <a href=\"https:\/\/dhalmann.fr\/music\/product-category\/formation\/solo\/\" rel=\"tag\">Solo<\/a>, <a href=\"https:\/\/dhalmann.fr\/music\/product-category\/auteurs\/vivaldi-antonio\/\" rel=\"tag\">Vivaldi Antonio<\/a><\/li><li class=\"title\"><h2><a href=\"https:\/\/dhalmann.fr\/music\/produit\/6-sonates-pour-flute-a-bec-vivaldi-antonio\/\">6 sonates pour fl\u00fbte \u00e0 bec &#8211; Antonio Vivaldi<\/a><\/h2><\/li><li class=\"price-wrap\">\n\t<span class=\"price\"><span class=\"woocommerce-Price-amount amount\"><bdi>16,70<span class=\"woocommerce-Price-currencySymbol\">&euro;<\/span><\/bdi><\/span><\/span>\n<\/li><li class=\"btn-wrap clr\"><a href=\"https:\/\/dhalmann.fr\/music\/produit\/6-sonates-pour-flute-a-bec-vivaldi-antonio\/\" aria-describedby=\"woocommerce_loop_add_to_cart_link_describedby_658\" data-quantity=\"1\" class=\"button product_type_variable add_to_cart_button\" data-product_id=\"658\" data-product_sku=\"FD0402\" aria-label=\"S\u00e9lectionner les options pour &ldquo;6 sonates pour fl\u00fbte \u00e0 bec - Antonio Vivaldi&rdquo;\" rel=\"nofollow\">Choix des options<\/a>\t<span id=\"woocommerce_loop_add_to_cart_link_describedby_658\" class=\"screen-reader-text\">\n\t\tCe produit a plusieurs variations. Les options peuvent \u00eatre choisies sur la page du produit\t<\/span>\n<\/li><\/ul><\/div><!-- .product-inner .clr --><\/li>\n<li class=\"entry has-media add-to-wishlist-before_image has-product-nav col span_1_of_3 owp-content-center owp-thumbs-layout-horizontal owp-btn-normal owp-tabs-layout-horizontal product type-product post-681 status-publish first instock product_cat-divers-auteurs product_cat-duo product_cat-violon has-post-thumbnail taxable shipping-taxable purchasable product-type-variable\">\n\t\n<div\n\tclass=\"yith-wcwl-add-to-wishlist add-to-wishlist-681 yith-wcwl-add-to-wishlist--link-style wishlist-fragment on-first-load\"\n\tdata-fragment-ref=\"681\"\n\tdata-fragment-options=\"{&quot;base_url&quot;:&quot;&quot;,&quot;product_id&quot;:681,&quot;parent_product_id&quot;:0,&quot;product_type&quot;:&quot;variable&quot;,&quot;is_single&quot;:false,&quot;in_default_wishlist&quot;:false,&quot;show_view&quot;:false,&quot;browse_wishlist_text&quot;:&quot;Voir la liste des favoris&quot;,&quot;already_in_wishslist_text&quot;:&quot;Le produit est d\\u00e9j\\u00e0 dans vos favoris\\u00a0!&quot;,&quot;product_added_text&quot;:&quot;Produit ajout\\u00e9 \\u00e0 vos favoris !&quot;,&quot;available_multi_wishlist&quot;:false,&quot;disable_wishlist&quot;:false,&quot;show_count&quot;:false,&quot;ajax_loading&quot;:false,&quot;loop_position&quot;:&quot;before_image&quot;,&quot;item&quot;:&quot;add_to_wishlist&quot;}\"\n>\n\t<\/div>\n<div class=\"product-inner clr\">\r\n\t<div class=\"woo-entry-image-swap woo-entry-image clr\">\r\n\t\t<a href=\"https:\/\/dhalmann.fr\/music\/produit\/9-duos-contemporains-faciles-violon-divers-auteurs\/\" class=\"woocommerce-LoopProduct-link\"><img decoding=\"async\" width=\"300\" height=\"425\" src=\"https:\/\/dhalmann.fr\/music\/wp-content\/uploads\/2021\/07\/FD0414-violon-9-duos-300x425.jpg\" class=\"woo-entry-image-main\" alt=\"9 duos contemporains faciles violon &#8211; Divers Auteurs\" itemprop=\"image\" srcset=\"https:\/\/dhalmann.fr\/music\/wp-content\/uploads\/2021\/07\/FD0414-violon-9-duos-300x425.jpg 300w, https:\/\/dhalmann.fr\/music\/wp-content\/uploads\/2021\/07\/FD0414-violon-9-duos-64x91.jpg 64w, https:\/\/dhalmann.fr\/music\/wp-content\/uploads\/2021\/07\/FD0414-violon-9-duos-212x300.jpg 212w, https:\/\/dhalmann.fr\/music\/wp-content\/uploads\/2021\/07\/FD0414-violon-9-duos-416x589.jpg 416w, https:\/\/dhalmann.fr\/music\/wp-content\/uploads\/2021\/07\/FD0414-violon-9-duos.jpg 597w\" sizes=\"(max-width: 300px) 100vw, 300px\" \/><img decoding=\"async\" width=\"300\" height=\"424\" src=\"https:\/\/dhalmann.fr\/music\/wp-content\/uploads\/2021\/08\/fd0414_Page_17-300x424.jpg\" class=\"woo-entry-image-secondary\" alt=\"9 duos contemporains faciles violon &#8211; Divers Auteurs\" itemprop=\"image\" srcset=\"https:\/\/dhalmann.fr\/music\/wp-content\/uploads\/2021\/08\/fd0414_Page_17-300x424.jpg 300w, https:\/\/dhalmann.fr\/music\/wp-content\/uploads\/2021\/08\/fd0414_Page_17-600x848.jpg 600w, https:\/\/dhalmann.fr\/music\/wp-content\/uploads\/2021\/08\/fd0414_Page_17-64x90.jpg 64w, https:\/\/dhalmann.fr\/music\/wp-content\/uploads\/2021\/08\/fd0414_Page_17-212x300.jpg 212w, https:\/\/dhalmann.fr\/music\/wp-content\/uploads\/2021\/08\/fd0414_Page_17-724x1024.jpg 724w, https:\/\/dhalmann.fr\/music\/wp-content\/uploads\/2021\/08\/fd0414_Page_17.jpg 745w\" sizes=\"(max-width: 300px) 100vw, 300px\" \/><\/a><a href=\"#\" id=\"product_id_681\" class=\"owp-quick-view\" data-product_id=\"681\" aria-label=\"Pr\u00e9visualiser rapidement le produit 9 duos contemporains faciles violon - Divers Auteurs\"><i class=\" icon-eye\" aria-hidden=\"true\" role=\"img\"><\/i> Vue rapide<\/a>\t<\/div><!-- .woo-entry-image-swap -->\r\n\r\n<ul class=\"woo-entry-inner clr\"><li class=\"image-wrap\">\r\n\t<div class=\"woo-entry-image-swap woo-entry-image clr\">\r\n\t\t<a href=\"https:\/\/dhalmann.fr\/music\/produit\/9-duos-contemporains-faciles-violon-divers-auteurs\/\" class=\"woocommerce-LoopProduct-link\"><img decoding=\"async\" width=\"300\" height=\"425\" src=\"https:\/\/dhalmann.fr\/music\/wp-content\/uploads\/2021\/07\/FD0414-violon-9-duos-300x425.jpg\" class=\"woo-entry-image-main\" alt=\"9 duos contemporains faciles violon &#8211; Divers Auteurs\" itemprop=\"image\" srcset=\"https:\/\/dhalmann.fr\/music\/wp-content\/uploads\/2021\/07\/FD0414-violon-9-duos-300x425.jpg 300w, https:\/\/dhalmann.fr\/music\/wp-content\/uploads\/2021\/07\/FD0414-violon-9-duos-64x91.jpg 64w, https:\/\/dhalmann.fr\/music\/wp-content\/uploads\/2021\/07\/FD0414-violon-9-duos-212x300.jpg 212w, https:\/\/dhalmann.fr\/music\/wp-content\/uploads\/2021\/07\/FD0414-violon-9-duos-416x589.jpg 416w, https:\/\/dhalmann.fr\/music\/wp-content\/uploads\/2021\/07\/FD0414-violon-9-duos.jpg 597w\" sizes=\"(max-width: 300px) 100vw, 300px\" \/><img decoding=\"async\" width=\"300\" height=\"424\" src=\"https:\/\/dhalmann.fr\/music\/wp-content\/uploads\/2021\/08\/fd0414_Page_17-300x424.jpg\" class=\"woo-entry-image-secondary\" alt=\"9 duos contemporains faciles violon &#8211; Divers Auteurs\" itemprop=\"image\" srcset=\"https:\/\/dhalmann.fr\/music\/wp-content\/uploads\/2021\/08\/fd0414_Page_17-300x424.jpg 300w, https:\/\/dhalmann.fr\/music\/wp-content\/uploads\/2021\/08\/fd0414_Page_17-600x848.jpg 600w, https:\/\/dhalmann.fr\/music\/wp-content\/uploads\/2021\/08\/fd0414_Page_17-64x90.jpg 64w, https:\/\/dhalmann.fr\/music\/wp-content\/uploads\/2021\/08\/fd0414_Page_17-212x300.jpg 212w, https:\/\/dhalmann.fr\/music\/wp-content\/uploads\/2021\/08\/fd0414_Page_17-724x1024.jpg 724w, https:\/\/dhalmann.fr\/music\/wp-content\/uploads\/2021\/08\/fd0414_Page_17.jpg 745w\" sizes=\"(max-width: 300px) 100vw, 300px\" \/><\/a><a href=\"#\" id=\"product_id_681\" class=\"owp-quick-view\" data-product_id=\"681\" aria-label=\"Pr\u00e9visualiser rapidement le produit 9 duos contemporains faciles violon - Divers Auteurs\"><i class=\" icon-eye\" aria-hidden=\"true\" role=\"img\"><\/i> Vue rapide<\/a>\t<\/div><!-- .woo-entry-image-swap -->\r\n\r\n<\/li><li class=\"category\"><a href=\"https:\/\/dhalmann.fr\/music\/product-category\/auteurs\/divers-auteurs\/\" rel=\"tag\">Divers Auteurs<\/a>, <a href=\"https:\/\/dhalmann.fr\/music\/product-category\/formation\/duo\/\" rel=\"tag\">Duo<\/a>, <a href=\"https:\/\/dhalmann.fr\/music\/product-category\/instrument\/cordes\/violon\/\" rel=\"tag\">Violon<\/a><\/li><li class=\"title\"><h2><a href=\"https:\/\/dhalmann.fr\/music\/produit\/9-duos-contemporains-faciles-violon-divers-auteurs\/\">9 duos contemporains faciles violon &#8211; Divers Auteurs<\/a><\/h2><\/li><li class=\"price-wrap\">\n\t<span class=\"price\"><span class=\"woocommerce-Price-amount amount\"><bdi>24,90<span class=\"woocommerce-Price-currencySymbol\">&euro;<\/span><\/bdi><\/span><\/span>\n<\/li><li class=\"btn-wrap clr\"><a href=\"https:\/\/dhalmann.fr\/music\/produit\/9-duos-contemporains-faciles-violon-divers-auteurs\/\" aria-describedby=\"woocommerce_loop_add_to_cart_link_describedby_681\" data-quantity=\"1\" class=\"button product_type_variable add_to_cart_button\" data-product_id=\"681\" data-product_sku=\"FD0414\" aria-label=\"S\u00e9lectionner les options pour &ldquo;9 duos contemporains faciles violon - Divers Auteurs&rdquo;\" rel=\"nofollow\">Choix des options<\/a>\t<span id=\"woocommerce_loop_add_to_cart_link_describedby_681\" class=\"screen-reader-text\">\n\t\tCe produit a plusieurs variations. Les options peuvent \u00eatre choisies sur la page du produit\t<\/span>\n<\/li><\/ul><\/div><!-- .product-inner .clr --><\/li>\n<li class=\"entry has-media add-to-wishlist-before_image has-product-nav col span_1_of_3 owp-content-center owp-thumbs-layout-horizontal owp-btn-normal owp-tabs-layout-horizontal product type-product post-264 status-publish instock product_cat-claviers product_cat-fischer-eric product_cat-piano product_cat-solo has-post-thumbnail taxable shipping-taxable purchasable product-type-variable\">\n\t\n<div\n\tclass=\"yith-wcwl-add-to-wishlist add-to-wishlist-264 yith-wcwl-add-to-wishlist--link-style wishlist-fragment on-first-load\"\n\tdata-fragment-ref=\"264\"\n\tdata-fragment-options=\"{&quot;base_url&quot;:&quot;&quot;,&quot;product_id&quot;:264,&quot;parent_product_id&quot;:0,&quot;product_type&quot;:&quot;variable&quot;,&quot;is_single&quot;:false,&quot;in_default_wishlist&quot;:false,&quot;show_view&quot;:false,&quot;browse_wishlist_text&quot;:&quot;Voir la liste des favoris&quot;,&quot;already_in_wishslist_text&quot;:&quot;Le produit est d\\u00e9j\\u00e0 dans vos favoris\\u00a0!&quot;,&quot;product_added_text&quot;:&quot;Produit ajout\\u00e9 \\u00e0 vos favoris !&quot;,&quot;available_multi_wishlist&quot;:false,&quot;disable_wishlist&quot;:false,&quot;show_count&quot;:false,&quot;ajax_loading&quot;:false,&quot;loop_position&quot;:&quot;before_image&quot;,&quot;item&quot;:&quot;add_to_wishlist&quot;}\"\n>\n\t<\/div>\n<div class=\"product-inner clr\">\r\n\t<div class=\"woo-entry-image-swap woo-entry-image clr\">\r\n\t\t<a href=\"https:\/\/dhalmann.fr\/music\/produit\/a-coffee-with-carla-fischer-eric\/\" class=\"woocommerce-LoopProduct-link\"><img decoding=\"async\" width=\"300\" height=\"424\" src=\"https:\/\/dhalmann.fr\/music\/wp-content\/uploads\/2021\/07\/FD0123-a-coffee-with-carla-300x424.jpg\" class=\"woo-entry-image-main\" alt=\"A coffee with Carla &#8211; Eric Fischer\" itemprop=\"image\" srcset=\"https:\/\/dhalmann.fr\/music\/wp-content\/uploads\/2021\/07\/FD0123-a-coffee-with-carla-300x424.jpg 300w, https:\/\/dhalmann.fr\/music\/wp-content\/uploads\/2021\/07\/FD0123-a-coffee-with-carla-600x848.jpg 600w, https:\/\/dhalmann.fr\/music\/wp-content\/uploads\/2021\/07\/FD0123-a-coffee-with-carla-64x90.jpg 64w, https:\/\/dhalmann.fr\/music\/wp-content\/uploads\/2021\/07\/FD0123-a-coffee-with-carla-212x300.jpg 212w, https:\/\/dhalmann.fr\/music\/wp-content\/uploads\/2021\/07\/FD0123-a-coffee-with-carla-724x1024.jpg 724w, https:\/\/dhalmann.fr\/music\/wp-content\/uploads\/2021\/07\/FD0123-a-coffee-with-carla-768x1086.jpg 768w, https:\/\/dhalmann.fr\/music\/wp-content\/uploads\/2021\/07\/FD0123-a-coffee-with-carla.jpg 800w\" sizes=\"(max-width: 300px) 100vw, 300px\" \/><img decoding=\"async\" width=\"300\" height=\"424\" src=\"https:\/\/dhalmann.fr\/music\/wp-content\/uploads\/2021\/08\/FD0123_03-300x424.jpg\" class=\"woo-entry-image-secondary\" alt=\"A coffee with Carla &#8211; Eric Fischer\" itemprop=\"image\" srcset=\"https:\/\/dhalmann.fr\/music\/wp-content\/uploads\/2021\/08\/FD0123_03-300x424.jpg 300w, https:\/\/dhalmann.fr\/music\/wp-content\/uploads\/2021\/08\/FD0123_03-600x848.jpg 600w, https:\/\/dhalmann.fr\/music\/wp-content\/uploads\/2021\/08\/FD0123_03-64x90.jpg 64w, https:\/\/dhalmann.fr\/music\/wp-content\/uploads\/2021\/08\/FD0123_03-212x300.jpg 212w, https:\/\/dhalmann.fr\/music\/wp-content\/uploads\/2021\/08\/FD0123_03-725x1024.jpg 725w, https:\/\/dhalmann.fr\/music\/wp-content\/uploads\/2021\/08\/FD0123_03-768x1085.jpg 768w, https:\/\/dhalmann.fr\/music\/wp-content\/uploads\/2021\/08\/FD0123_03.jpg 794w\" sizes=\"(max-width: 300px) 100vw, 300px\" \/><\/a><a href=\"#\" id=\"product_id_264\" class=\"owp-quick-view\" data-product_id=\"264\" aria-label=\"Pr\u00e9visualiser rapidement le produit A coffee with Carla - Eric Fischer\"><i class=\" icon-eye\" aria-hidden=\"true\" role=\"img\"><\/i> Vue rapide<\/a>\t<\/div><!-- .woo-entry-image-swap -->\r\n\r\n<ul class=\"woo-entry-inner clr\"><li class=\"image-wrap\">\r\n\t<div class=\"woo-entry-image-swap woo-entry-image clr\">\r\n\t\t<a href=\"https:\/\/dhalmann.fr\/music\/produit\/a-coffee-with-carla-fischer-eric\/\" class=\"woocommerce-LoopProduct-link\"><img decoding=\"async\" width=\"300\" height=\"424\" src=\"https:\/\/dhalmann.fr\/music\/wp-content\/uploads\/2021\/07\/FD0123-a-coffee-with-carla-300x424.jpg\" class=\"woo-entry-image-main\" alt=\"A coffee with Carla &#8211; Eric Fischer\" itemprop=\"image\" srcset=\"https:\/\/dhalmann.fr\/music\/wp-content\/uploads\/2021\/07\/FD0123-a-coffee-with-carla-300x424.jpg 300w, https:\/\/dhalmann.fr\/music\/wp-content\/uploads\/2021\/07\/FD0123-a-coffee-with-carla-600x848.jpg 600w, https:\/\/dhalmann.fr\/music\/wp-content\/uploads\/2021\/07\/FD0123-a-coffee-with-carla-64x90.jpg 64w, https:\/\/dhalmann.fr\/music\/wp-content\/uploads\/2021\/07\/FD0123-a-coffee-with-carla-212x300.jpg 212w, https:\/\/dhalmann.fr\/music\/wp-content\/uploads\/2021\/07\/FD0123-a-coffee-with-carla-724x1024.jpg 724w, https:\/\/dhalmann.fr\/music\/wp-content\/uploads\/2021\/07\/FD0123-a-coffee-with-carla-768x1086.jpg 768w, https:\/\/dhalmann.fr\/music\/wp-content\/uploads\/2021\/07\/FD0123-a-coffee-with-carla.jpg 800w\" sizes=\"(max-width: 300px) 100vw, 300px\" \/><img decoding=\"async\" width=\"300\" height=\"424\" src=\"https:\/\/dhalmann.fr\/music\/wp-content\/uploads\/2021\/08\/FD0123_03-300x424.jpg\" class=\"woo-entry-image-secondary\" alt=\"A coffee with Carla &#8211; Eric Fischer\" itemprop=\"image\" srcset=\"https:\/\/dhalmann.fr\/music\/wp-content\/uploads\/2021\/08\/FD0123_03-300x424.jpg 300w, https:\/\/dhalmann.fr\/music\/wp-content\/uploads\/2021\/08\/FD0123_03-600x848.jpg 600w, https:\/\/dhalmann.fr\/music\/wp-content\/uploads\/2021\/08\/FD0123_03-64x90.jpg 64w, https:\/\/dhalmann.fr\/music\/wp-content\/uploads\/2021\/08\/FD0123_03-212x300.jpg 212w, https:\/\/dhalmann.fr\/music\/wp-content\/uploads\/2021\/08\/FD0123_03-725x1024.jpg 725w, https:\/\/dhalmann.fr\/music\/wp-content\/uploads\/2021\/08\/FD0123_03-768x1085.jpg 768w, https:\/\/dhalmann.fr\/music\/wp-content\/uploads\/2021\/08\/FD0123_03.jpg 794w\" sizes=\"(max-width: 300px) 100vw, 300px\" \/><\/a><a href=\"#\" id=\"product_id_264\" class=\"owp-quick-view\" data-product_id=\"264\" aria-label=\"Pr\u00e9visualiser rapidement le produit A coffee with Carla - Eric Fischer\"><i class=\" icon-eye\" aria-hidden=\"true\" role=\"img\"><\/i> Vue rapide<\/a>\t<\/div><!-- .woo-entry-image-swap -->\r\n\r\n<\/li><li class=\"category\"><a href=\"https:\/\/dhalmann.fr\/music\/product-category\/instrument\/claviers\/\" rel=\"tag\">Claviers<\/a>, <a href=\"https:\/\/dhalmann.fr\/music\/product-category\/auteurs\/fischer-eric\/\" rel=\"tag\">Fischer Eric<\/a>, <a href=\"https:\/\/dhalmann.fr\/music\/product-category\/instrument\/claviers\/piano\/\" rel=\"tag\">Piano<\/a>, <a href=\"https:\/\/dhalmann.fr\/music\/product-category\/formation\/solo\/\" rel=\"tag\">Solo<\/a><\/li><li class=\"title\"><h2><a href=\"https:\/\/dhalmann.fr\/music\/produit\/a-coffee-with-carla-fischer-eric\/\">A coffee with Carla &#8211; Eric Fischer<\/a><\/h2><\/li><li class=\"price-wrap\">\n\t<span class=\"price\"><span class=\"woocommerce-Price-amount amount\"><bdi>15,40<span class=\"woocommerce-Price-currencySymbol\">&euro;<\/span><\/bdi><\/span><\/span>\n<\/li><li class=\"btn-wrap clr\"><a href=\"https:\/\/dhalmann.fr\/music\/produit\/a-coffee-with-carla-fischer-eric\/\" aria-describedby=\"woocommerce_loop_add_to_cart_link_describedby_264\" data-quantity=\"1\" class=\"button product_type_variable add_to_cart_button\" data-product_id=\"264\" data-product_sku=\"FD0123\" aria-label=\"S\u00e9lectionner les options pour &ldquo;A coffee with Carla - Eric Fischer&rdquo;\" rel=\"nofollow\">Choix des options<\/a>\t<span id=\"woocommerce_loop_add_to_cart_link_describedby_264\" class=\"screen-reader-text\">\n\t\tCe produit a plusieurs variations. Les options peuvent \u00eatre choisies sur la page du produit\t<\/span>\n<\/li><\/ul><\/div><!-- .product-inner .clr --><\/li>\n<li class=\"entry has-media add-to-wishlist-before_image has-product-nav col span_1_of_3 owp-content-center owp-thumbs-layout-horizontal owp-btn-normal owp-tabs-layout-horizontal product type-product post-110 status-publish last instock product_cat-avec-piano product_cat-duo product_cat-muller-richard product_cat-vibraphone has-post-thumbnail taxable shipping-taxable purchasable product-type-variable\">\n\t\n<div\n\tclass=\"yith-wcwl-add-to-wishlist add-to-wishlist-110 yith-wcwl-add-to-wishlist--link-style wishlist-fragment on-first-load\"\n\tdata-fragment-ref=\"110\"\n\tdata-fragment-options=\"{&quot;base_url&quot;:&quot;&quot;,&quot;product_id&quot;:110,&quot;parent_product_id&quot;:0,&quot;product_type&quot;:&quot;variable&quot;,&quot;is_single&quot;:false,&quot;in_default_wishlist&quot;:false,&quot;show_view&quot;:false,&quot;browse_wishlist_text&quot;:&quot;Voir la liste des favoris&quot;,&quot;already_in_wishslist_text&quot;:&quot;Le produit est d\\u00e9j\\u00e0 dans vos favoris\\u00a0!&quot;,&quot;product_added_text&quot;:&quot;Produit ajout\\u00e9 \\u00e0 vos favoris !&quot;,&quot;available_multi_wishlist&quot;:false,&quot;disable_wishlist&quot;:false,&quot;show_count&quot;:false,&quot;ajax_loading&quot;:false,&quot;loop_position&quot;:&quot;before_image&quot;,&quot;item&quot;:&quot;add_to_wishlist&quot;}\"\n>\n\t<\/div>\n<div class=\"product-inner clr\">\r\n\t<div class=\"woo-entry-image-swap woo-entry-image clr\">\r\n\t\t<a href=\"https:\/\/dhalmann.fr\/music\/produit\/araignee-sur-toile-muller-richard\/\" class=\"woocommerce-LoopProduct-link\"><img decoding=\"async\" width=\"300\" height=\"421\" src=\"https:\/\/dhalmann.fr\/music\/wp-content\/uploads\/2021\/07\/FD0068-araignee-sur-toile-300x421.jpg\" class=\"woo-entry-image-main\" alt=\"Araign\u00e9e sur toile &#8211; Richard Muller\" itemprop=\"image\" srcset=\"https:\/\/dhalmann.fr\/music\/wp-content\/uploads\/2021\/07\/FD0068-araignee-sur-toile-300x421.jpg 300w, https:\/\/dhalmann.fr\/music\/wp-content\/uploads\/2021\/07\/FD0068-araignee-sur-toile-64x90.jpg 64w, https:\/\/dhalmann.fr\/music\/wp-content\/uploads\/2021\/07\/FD0068-araignee-sur-toile-214x300.jpg 214w, https:\/\/dhalmann.fr\/music\/wp-content\/uploads\/2021\/07\/FD0068-araignee-sur-toile.jpg 399w\" sizes=\"(max-width: 300px) 100vw, 300px\" \/><img decoding=\"async\" width=\"300\" height=\"424\" src=\"https:\/\/dhalmann.fr\/music\/wp-content\/uploads\/2021\/08\/FD0068_01-300x424.jpg\" class=\"woo-entry-image-secondary\" alt=\"Araign\u00e9e sur toile &#8211; Richard Muller\" itemprop=\"image\" srcset=\"https:\/\/dhalmann.fr\/music\/wp-content\/uploads\/2021\/08\/FD0068_01-300x424.jpg 300w, https:\/\/dhalmann.fr\/music\/wp-content\/uploads\/2021\/08\/FD0068_01-600x848.jpg 600w, https:\/\/dhalmann.fr\/music\/wp-content\/uploads\/2021\/08\/FD0068_01-64x90.jpg 64w, https:\/\/dhalmann.fr\/music\/wp-content\/uploads\/2021\/08\/FD0068_01-212x300.jpg 212w, https:\/\/dhalmann.fr\/music\/wp-content\/uploads\/2021\/08\/FD0068_01-725x1024.jpg 725w, https:\/\/dhalmann.fr\/music\/wp-content\/uploads\/2021\/08\/FD0068_01-768x1085.jpg 768w, https:\/\/dhalmann.fr\/music\/wp-content\/uploads\/2021\/08\/FD0068_01.jpg 794w\" sizes=\"(max-width: 300px) 100vw, 300px\" \/><\/a><a href=\"#\" id=\"product_id_110\" class=\"owp-quick-view\" data-product_id=\"110\" aria-label=\"Pr\u00e9visualiser rapidement le produit Araign\u00e9e sur toile - Richard Muller\"><i class=\" icon-eye\" aria-hidden=\"true\" role=\"img\"><\/i> Vue rapide<\/a>\t<\/div><!-- .woo-entry-image-swap -->\r\n\r\n<ul class=\"woo-entry-inner clr\"><li class=\"image-wrap\">\r\n\t<div class=\"woo-entry-image-swap woo-entry-image clr\">\r\n\t\t<a href=\"https:\/\/dhalmann.fr\/music\/produit\/araignee-sur-toile-muller-richard\/\" class=\"woocommerce-LoopProduct-link\"><img decoding=\"async\" width=\"300\" height=\"421\" src=\"https:\/\/dhalmann.fr\/music\/wp-content\/uploads\/2021\/07\/FD0068-araignee-sur-toile-300x421.jpg\" class=\"woo-entry-image-main\" alt=\"Araign\u00e9e sur toile &#8211; Richard Muller\" itemprop=\"image\" srcset=\"https:\/\/dhalmann.fr\/music\/wp-content\/uploads\/2021\/07\/FD0068-araignee-sur-toile-300x421.jpg 300w, https:\/\/dhalmann.fr\/music\/wp-content\/uploads\/2021\/07\/FD0068-araignee-sur-toile-64x90.jpg 64w, https:\/\/dhalmann.fr\/music\/wp-content\/uploads\/2021\/07\/FD0068-araignee-sur-toile-214x300.jpg 214w, https:\/\/dhalmann.fr\/music\/wp-content\/uploads\/2021\/07\/FD0068-araignee-sur-toile.jpg 399w\" sizes=\"(max-width: 300px) 100vw, 300px\" \/><img decoding=\"async\" width=\"300\" height=\"424\" src=\"https:\/\/dhalmann.fr\/music\/wp-content\/uploads\/2021\/08\/FD0068_01-300x424.jpg\" class=\"woo-entry-image-secondary\" alt=\"Araign\u00e9e sur toile &#8211; Richard Muller\" itemprop=\"image\" srcset=\"https:\/\/dhalmann.fr\/music\/wp-content\/uploads\/2021\/08\/FD0068_01-300x424.jpg 300w, https:\/\/dhalmann.fr\/music\/wp-content\/uploads\/2021\/08\/FD0068_01-600x848.jpg 600w, https:\/\/dhalmann.fr\/music\/wp-content\/uploads\/2021\/08\/FD0068_01-64x90.jpg 64w, https:\/\/dhalmann.fr\/music\/wp-content\/uploads\/2021\/08\/FD0068_01-212x300.jpg 212w, https:\/\/dhalmann.fr\/music\/wp-content\/uploads\/2021\/08\/FD0068_01-725x1024.jpg 725w, https:\/\/dhalmann.fr\/music\/wp-content\/uploads\/2021\/08\/FD0068_01-768x1085.jpg 768w, https:\/\/dhalmann.fr\/music\/wp-content\/uploads\/2021\/08\/FD0068_01.jpg 794w\" sizes=\"(max-width: 300px) 100vw, 300px\" \/><\/a><a href=\"#\" id=\"product_id_110\" class=\"owp-quick-view\" data-product_id=\"110\" aria-label=\"Pr\u00e9visualiser rapidement le produit Araign\u00e9e sur toile - Richard Muller\"><i class=\" icon-eye\" aria-hidden=\"true\" role=\"img\"><\/i> Vue rapide<\/a>\t<\/div><!-- .woo-entry-image-swap -->\r\n\r\n<\/li><li class=\"category\"><a href=\"https:\/\/dhalmann.fr\/music\/product-category\/formation\/avec-piano\/\" rel=\"tag\">Avec piano<\/a>, <a href=\"https:\/\/dhalmann.fr\/music\/product-category\/formation\/duo\/\" rel=\"tag\">Duo<\/a>, <a href=\"https:\/\/dhalmann.fr\/music\/product-category\/auteurs\/muller-richard\/\" rel=\"tag\">Muller Richard<\/a>, <a href=\"https:\/\/dhalmann.fr\/music\/product-category\/instrument\/percussion\/vibraphone\/\" rel=\"tag\">Vibraphone<\/a><\/li><li class=\"title\"><h2><a href=\"https:\/\/dhalmann.fr\/music\/produit\/araignee-sur-toile-muller-richard\/\">Araign\u00e9e sur toile &#8211; Richard Muller<\/a><\/h2><\/li><li class=\"price-wrap\">\n\t<span class=\"price\"><span class=\"woocommerce-Price-amount amount\"><bdi>12,80<span class=\"woocommerce-Price-currencySymbol\">&euro;<\/span><\/bdi><\/span><\/span>\n<\/li><li class=\"btn-wrap clr\"><a href=\"https:\/\/dhalmann.fr\/music\/produit\/araignee-sur-toile-muller-richard\/\" aria-describedby=\"woocommerce_loop_add_to_cart_link_describedby_110\" data-quantity=\"1\" class=\"button product_type_variable add_to_cart_button\" data-product_id=\"110\" data-product_sku=\"FD0068\" aria-label=\"S\u00e9lectionner les options pour &ldquo;Araign\u00e9e sur toile - Richard Muller&rdquo;\" rel=\"nofollow\">Choix des options<\/a>\t<span id=\"woocommerce_loop_add_to_cart_link_describedby_110\" class=\"screen-reader-text\">\n\t\tCe produit a plusieurs variations. Les options peuvent \u00eatre choisies sur la page du produit\t<\/span>\n<\/li><\/ul><\/div><!-- .product-inner .clr --><\/li>\n<li class=\"entry has-media add-to-wishlist-before_image has-product-nav col span_1_of_3 owp-content-center owp-thumbs-layout-horizontal owp-btn-normal owp-tabs-layout-horizontal product type-product post-327 status-publish first instock product_cat-clavecin product_cat-claviers product_cat-divers-auteurs product_cat-solo has-post-thumbnail taxable shipping-taxable purchasable product-type-variable\">\n\t\n<div\n\tclass=\"yith-wcwl-add-to-wishlist add-to-wishlist-327 yith-wcwl-add-to-wishlist--link-style wishlist-fragment on-first-load\"\n\tdata-fragment-ref=\"327\"\n\tdata-fragment-options=\"{&quot;base_url&quot;:&quot;&quot;,&quot;product_id&quot;:327,&quot;parent_product_id&quot;:0,&quot;product_type&quot;:&quot;variable&quot;,&quot;is_single&quot;:false,&quot;in_default_wishlist&quot;:false,&quot;show_view&quot;:false,&quot;browse_wishlist_text&quot;:&quot;Voir la liste des favoris&quot;,&quot;already_in_wishslist_text&quot;:&quot;Le produit est d\\u00e9j\\u00e0 dans vos favoris\\u00a0!&quot;,&quot;product_added_text&quot;:&quot;Produit ajout\\u00e9 \\u00e0 vos favoris !&quot;,&quot;available_multi_wishlist&quot;:false,&quot;disable_wishlist&quot;:false,&quot;show_count&quot;:false,&quot;ajax_loading&quot;:false,&quot;loop_position&quot;:&quot;before_image&quot;,&quot;item&quot;:&quot;add_to_wishlist&quot;}\"\n>\n\t<\/div>\n<div class=\"product-inner clr\">\r\n\t<div class=\"woo-entry-image-swap woo-entry-image clr\">\r\n\t\t<a href=\"https:\/\/dhalmann.fr\/music\/produit\/clavecin-cycle-1-divers-auteurs\/\" class=\"woocommerce-LoopProduct-link\"><img decoding=\"async\" width=\"300\" height=\"425\" src=\"https:\/\/dhalmann.fr\/music\/wp-content\/uploads\/2021\/07\/FD0187-clavecin-cycle-1_2-300x425.webp\" class=\"woo-entry-image-main\" alt=\"Clavecin, cycle 1 &#8211; Divers Auteurs\" itemprop=\"image\" srcset=\"https:\/\/dhalmann.fr\/music\/wp-content\/uploads\/2021\/07\/FD0187-clavecin-cycle-1_2-300x425.webp 300w, https:\/\/dhalmann.fr\/music\/wp-content\/uploads\/2021\/07\/FD0187-clavecin-cycle-1_2-212x300.webp 212w, https:\/\/dhalmann.fr\/music\/wp-content\/uploads\/2021\/07\/FD0187-clavecin-cycle-1_2-723x1024.webp 723w, https:\/\/dhalmann.fr\/music\/wp-content\/uploads\/2021\/07\/FD0187-clavecin-cycle-1_2-768x1087.webp 768w, https:\/\/dhalmann.fr\/music\/wp-content\/uploads\/2021\/07\/FD0187-clavecin-cycle-1_2-600x849.webp 600w, https:\/\/dhalmann.fr\/music\/wp-content\/uploads\/2021\/07\/FD0187-clavecin-cycle-1_2-64x91.webp 64w, https:\/\/dhalmann.fr\/music\/wp-content\/uploads\/2021\/07\/FD0187-clavecin-cycle-1_2.webp 796w\" sizes=\"(max-width: 300px) 100vw, 300px\" \/><img decoding=\"async\" width=\"300\" height=\"424\" src=\"https:\/\/dhalmann.fr\/music\/wp-content\/uploads\/2021\/08\/FD0187_04-300x424.jpg\" class=\"woo-entry-image-secondary\" alt=\"Clavecin, cycle 1 &#8211; Divers Auteurs\" itemprop=\"image\" srcset=\"https:\/\/dhalmann.fr\/music\/wp-content\/uploads\/2021\/08\/FD0187_04-300x424.jpg 300w, https:\/\/dhalmann.fr\/music\/wp-content\/uploads\/2021\/08\/FD0187_04-600x848.jpg 600w, https:\/\/dhalmann.fr\/music\/wp-content\/uploads\/2021\/08\/FD0187_04-64x90.jpg 64w, https:\/\/dhalmann.fr\/music\/wp-content\/uploads\/2021\/08\/FD0187_04-212x300.jpg 212w, https:\/\/dhalmann.fr\/music\/wp-content\/uploads\/2021\/08\/FD0187_04-725x1024.jpg 725w, https:\/\/dhalmann.fr\/music\/wp-content\/uploads\/2021\/08\/FD0187_04-768x1085.jpg 768w, https:\/\/dhalmann.fr\/music\/wp-content\/uploads\/2021\/08\/FD0187_04.jpg 794w\" sizes=\"(max-width: 300px) 100vw, 300px\" \/><\/a><a href=\"#\" id=\"product_id_327\" class=\"owp-quick-view\" data-product_id=\"327\" aria-label=\"Pr\u00e9visualiser rapidement le produit Clavecin, cycle 1 - Divers Auteurs\"><i class=\" icon-eye\" aria-hidden=\"true\" role=\"img\"><\/i> Vue rapide<\/a>\t<\/div><!-- .woo-entry-image-swap -->\r\n\r\n<ul class=\"woo-entry-inner clr\"><li class=\"image-wrap\">\r\n\t<div class=\"woo-entry-image-swap woo-entry-image clr\">\r\n\t\t<a href=\"https:\/\/dhalmann.fr\/music\/produit\/clavecin-cycle-1-divers-auteurs\/\" class=\"woocommerce-LoopProduct-link\"><img decoding=\"async\" width=\"300\" height=\"425\" src=\"https:\/\/dhalmann.fr\/music\/wp-content\/uploads\/2021\/07\/FD0187-clavecin-cycle-1_2-300x425.webp\" class=\"woo-entry-image-main\" alt=\"Clavecin, cycle 1 &#8211; Divers Auteurs\" itemprop=\"image\" srcset=\"https:\/\/dhalmann.fr\/music\/wp-content\/uploads\/2021\/07\/FD0187-clavecin-cycle-1_2-300x425.webp 300w, https:\/\/dhalmann.fr\/music\/wp-content\/uploads\/2021\/07\/FD0187-clavecin-cycle-1_2-212x300.webp 212w, https:\/\/dhalmann.fr\/music\/wp-content\/uploads\/2021\/07\/FD0187-clavecin-cycle-1_2-723x1024.webp 723w, https:\/\/dhalmann.fr\/music\/wp-content\/uploads\/2021\/07\/FD0187-clavecin-cycle-1_2-768x1087.webp 768w, https:\/\/dhalmann.fr\/music\/wp-content\/uploads\/2021\/07\/FD0187-clavecin-cycle-1_2-600x849.webp 600w, https:\/\/dhalmann.fr\/music\/wp-content\/uploads\/2021\/07\/FD0187-clavecin-cycle-1_2-64x91.webp 64w, https:\/\/dhalmann.fr\/music\/wp-content\/uploads\/2021\/07\/FD0187-clavecin-cycle-1_2.webp 796w\" sizes=\"(max-width: 300px) 100vw, 300px\" \/><img decoding=\"async\" width=\"300\" height=\"424\" src=\"https:\/\/dhalmann.fr\/music\/wp-content\/uploads\/2021\/08\/FD0187_04-300x424.jpg\" class=\"woo-entry-image-secondary\" alt=\"Clavecin, cycle 1 &#8211; Divers Auteurs\" itemprop=\"image\" srcset=\"https:\/\/dhalmann.fr\/music\/wp-content\/uploads\/2021\/08\/FD0187_04-300x424.jpg 300w, https:\/\/dhalmann.fr\/music\/wp-content\/uploads\/2021\/08\/FD0187_04-600x848.jpg 600w, https:\/\/dhalmann.fr\/music\/wp-content\/uploads\/2021\/08\/FD0187_04-64x90.jpg 64w, https:\/\/dhalmann.fr\/music\/wp-content\/uploads\/2021\/08\/FD0187_04-212x300.jpg 212w, https:\/\/dhalmann.fr\/music\/wp-content\/uploads\/2021\/08\/FD0187_04-725x1024.jpg 725w, https:\/\/dhalmann.fr\/music\/wp-content\/uploads\/2021\/08\/FD0187_04-768x1085.jpg 768w, https:\/\/dhalmann.fr\/music\/wp-content\/uploads\/2021\/08\/FD0187_04.jpg 794w\" sizes=\"(max-width: 300px) 100vw, 300px\" \/><\/a><a href=\"#\" id=\"product_id_327\" class=\"owp-quick-view\" data-product_id=\"327\" aria-label=\"Pr\u00e9visualiser rapidement le produit Clavecin, cycle 1 - Divers Auteurs\"><i class=\" icon-eye\" aria-hidden=\"true\" role=\"img\"><\/i> Vue rapide<\/a>\t<\/div><!-- .woo-entry-image-swap -->\r\n\r\n<\/li><li class=\"category\"><a href=\"https:\/\/dhalmann.fr\/music\/product-category\/instrument\/clavecin\/\" rel=\"tag\">Clavecin<\/a>, <a href=\"https:\/\/dhalmann.fr\/music\/product-category\/instrument\/claviers\/\" rel=\"tag\">Claviers<\/a>, <a href=\"https:\/\/dhalmann.fr\/music\/product-category\/auteurs\/divers-auteurs\/\" rel=\"tag\">Divers Auteurs<\/a>, <a href=\"https:\/\/dhalmann.fr\/music\/product-category\/formation\/solo\/\" rel=\"tag\">Solo<\/a><\/li><li class=\"title\"><h2><a href=\"https:\/\/dhalmann.fr\/music\/produit\/clavecin-cycle-1-divers-auteurs\/\">Clavecin, cycle 1 &#8211; Divers Auteurs<\/a><\/h2><\/li><li class=\"price-wrap\">\n\t<span class=\"price\"><span class=\"woocommerce-Price-amount amount\"><bdi>20,20<span class=\"woocommerce-Price-currencySymbol\">&euro;<\/span><\/bdi><\/span><\/span>\n<\/li><li class=\"btn-wrap clr\"><a href=\"https:\/\/dhalmann.fr\/music\/produit\/clavecin-cycle-1-divers-auteurs\/\" aria-describedby=\"woocommerce_loop_add_to_cart_link_describedby_327\" data-quantity=\"1\" class=\"button product_type_variable add_to_cart_button\" data-product_id=\"327\" data-product_sku=\"FD0187\" aria-label=\"S\u00e9lectionner les options pour &ldquo;Clavecin, cycle 1 - Divers Auteurs&rdquo;\" rel=\"nofollow\">Choix des options<\/a>\t<span id=\"woocommerce_loop_add_to_cart_link_describedby_327\" class=\"screen-reader-text\">\n\t\tCe produit a plusieurs variations. Les options peuvent \u00eatre choisies sur la page du produit\t<\/span>\n<\/li><\/ul><\/div><!-- .product-inner .clr --><\/li>\n<li class=\"entry has-media add-to-wishlist-before_image has-product-nav col span_1_of_3 owp-content-center owp-thumbs-layout-horizontal owp-btn-normal owp-tabs-layout-horizontal product type-product post-555 status-publish instock product_cat-caisse-claire product_cat-duo product_cat-elsayary-zielinski has-post-thumbnail taxable shipping-taxable purchasable product-type-variable\">\n\t\n<div\n\tclass=\"yith-wcwl-add-to-wishlist add-to-wishlist-555 yith-wcwl-add-to-wishlist--link-style wishlist-fragment on-first-load\"\n\tdata-fragment-ref=\"555\"\n\tdata-fragment-options=\"{&quot;base_url&quot;:&quot;&quot;,&quot;product_id&quot;:555,&quot;parent_product_id&quot;:0,&quot;product_type&quot;:&quot;variable&quot;,&quot;is_single&quot;:false,&quot;in_default_wishlist&quot;:false,&quot;show_view&quot;:false,&quot;browse_wishlist_text&quot;:&quot;Voir la liste des favoris&quot;,&quot;already_in_wishslist_text&quot;:&quot;Le produit est d\\u00e9j\\u00e0 dans vos favoris\\u00a0!&quot;,&quot;product_added_text&quot;:&quot;Produit ajout\\u00e9 \\u00e0 vos favoris !&quot;,&quot;available_multi_wishlist&quot;:false,&quot;disable_wishlist&quot;:false,&quot;show_count&quot;:false,&quot;ajax_loading&quot;:false,&quot;loop_position&quot;:&quot;before_image&quot;,&quot;item&quot;:&quot;add_to_wishlist&quot;}\"\n>\n\t<\/div>\n<div class=\"product-inner clr\">\r\n\t<div class=\"woo-entry-image-swap woo-entry-image clr\">\r\n\t\t<a href=\"https:\/\/dhalmann.fr\/music\/produit\/danse-avec-le-vent-elsayary-zielinski\/\" class=\"woocommerce-LoopProduct-link\"><img decoding=\"async\" width=\"300\" height=\"424\" src=\"https:\/\/dhalmann.fr\/music\/wp-content\/uploads\/2021\/07\/FD0343-danse-avec-le-vent-300x424.jpg\" class=\"woo-entry-image-main\" alt=\"Danse avec le vent &#8211; Elsayary &#8211; Zielinski\" itemprop=\"image\" srcset=\"https:\/\/dhalmann.fr\/music\/wp-content\/uploads\/2021\/07\/FD0343-danse-avec-le-vent-300x424.jpg 300w, https:\/\/dhalmann.fr\/music\/wp-content\/uploads\/2021\/07\/FD0343-danse-avec-le-vent-600x849.jpg 600w, https:\/\/dhalmann.fr\/music\/wp-content\/uploads\/2021\/07\/FD0343-danse-avec-le-vent-64x91.jpg 64w, https:\/\/dhalmann.fr\/music\/wp-content\/uploads\/2021\/07\/FD0343-danse-avec-le-vent-212x300.jpg 212w, https:\/\/dhalmann.fr\/music\/wp-content\/uploads\/2021\/07\/FD0343-danse-avec-le-vent-724x1024.jpg 724w, https:\/\/dhalmann.fr\/music\/wp-content\/uploads\/2021\/07\/FD0343-danse-avec-le-vent-768x1086.jpg 768w, https:\/\/dhalmann.fr\/music\/wp-content\/uploads\/2021\/07\/FD0343-danse-avec-le-vent.jpg 796w\" sizes=\"(max-width: 300px) 100vw, 300px\" \/><img decoding=\"async\" width=\"300\" height=\"424\" src=\"https:\/\/dhalmann.fr\/music\/wp-content\/uploads\/2021\/08\/FD0343_03-300x424.jpg\" class=\"woo-entry-image-secondary\" alt=\"Danse avec le vent &#8211; Elsayary &#8211; Zielinski\" itemprop=\"image\" srcset=\"https:\/\/dhalmann.fr\/music\/wp-content\/uploads\/2021\/08\/FD0343_03-300x424.jpg 300w, https:\/\/dhalmann.fr\/music\/wp-content\/uploads\/2021\/08\/FD0343_03-600x848.jpg 600w, https:\/\/dhalmann.fr\/music\/wp-content\/uploads\/2021\/08\/FD0343_03-64x90.jpg 64w, https:\/\/dhalmann.fr\/music\/wp-content\/uploads\/2021\/08\/FD0343_03-212x300.jpg 212w, https:\/\/dhalmann.fr\/music\/wp-content\/uploads\/2021\/08\/FD0343_03-725x1024.jpg 725w, https:\/\/dhalmann.fr\/music\/wp-content\/uploads\/2021\/08\/FD0343_03-768x1085.jpg 768w, https:\/\/dhalmann.fr\/music\/wp-content\/uploads\/2021\/08\/FD0343_03.jpg 794w\" sizes=\"(max-width: 300px) 100vw, 300px\" \/><\/a><a href=\"#\" id=\"product_id_555\" class=\"owp-quick-view\" data-product_id=\"555\" aria-label=\"Pr\u00e9visualiser rapidement le produit Danse avec le vent - Elsayary - Zielinski\"><i class=\" icon-eye\" aria-hidden=\"true\" role=\"img\"><\/i> Vue rapide<\/a>\t<\/div><!-- .woo-entry-image-swap -->\r\n\r\n<ul class=\"woo-entry-inner clr\"><li class=\"image-wrap\">\r\n\t<div class=\"woo-entry-image-swap woo-entry-image clr\">\r\n\t\t<a href=\"https:\/\/dhalmann.fr\/music\/produit\/danse-avec-le-vent-elsayary-zielinski\/\" class=\"woocommerce-LoopProduct-link\"><img decoding=\"async\" width=\"300\" height=\"424\" src=\"https:\/\/dhalmann.fr\/music\/wp-content\/uploads\/2021\/07\/FD0343-danse-avec-le-vent-300x424.jpg\" class=\"woo-entry-image-main\" alt=\"Danse avec le vent &#8211; Elsayary &#8211; Zielinski\" itemprop=\"image\" srcset=\"https:\/\/dhalmann.fr\/music\/wp-content\/uploads\/2021\/07\/FD0343-danse-avec-le-vent-300x424.jpg 300w, https:\/\/dhalmann.fr\/music\/wp-content\/uploads\/2021\/07\/FD0343-danse-avec-le-vent-600x849.jpg 600w, https:\/\/dhalmann.fr\/music\/wp-content\/uploads\/2021\/07\/FD0343-danse-avec-le-vent-64x91.jpg 64w, https:\/\/dhalmann.fr\/music\/wp-content\/uploads\/2021\/07\/FD0343-danse-avec-le-vent-212x300.jpg 212w, https:\/\/dhalmann.fr\/music\/wp-content\/uploads\/2021\/07\/FD0343-danse-avec-le-vent-724x1024.jpg 724w, https:\/\/dhalmann.fr\/music\/wp-content\/uploads\/2021\/07\/FD0343-danse-avec-le-vent-768x1086.jpg 768w, https:\/\/dhalmann.fr\/music\/wp-content\/uploads\/2021\/07\/FD0343-danse-avec-le-vent.jpg 796w\" sizes=\"(max-width: 300px) 100vw, 300px\" \/><img decoding=\"async\" width=\"300\" height=\"424\" src=\"https:\/\/dhalmann.fr\/music\/wp-content\/uploads\/2021\/08\/FD0343_03-300x424.jpg\" class=\"woo-entry-image-secondary\" alt=\"Danse avec le vent &#8211; Elsayary &#8211; Zielinski\" itemprop=\"image\" srcset=\"https:\/\/dhalmann.fr\/music\/wp-content\/uploads\/2021\/08\/FD0343_03-300x424.jpg 300w, https:\/\/dhalmann.fr\/music\/wp-content\/uploads\/2021\/08\/FD0343_03-600x848.jpg 600w, https:\/\/dhalmann.fr\/music\/wp-content\/uploads\/2021\/08\/FD0343_03-64x90.jpg 64w, https:\/\/dhalmann.fr\/music\/wp-content\/uploads\/2021\/08\/FD0343_03-212x300.jpg 212w, https:\/\/dhalmann.fr\/music\/wp-content\/uploads\/2021\/08\/FD0343_03-725x1024.jpg 725w, https:\/\/dhalmann.fr\/music\/wp-content\/uploads\/2021\/08\/FD0343_03-768x1085.jpg 768w, https:\/\/dhalmann.fr\/music\/wp-content\/uploads\/2021\/08\/FD0343_03.jpg 794w\" sizes=\"(max-width: 300px) 100vw, 300px\" \/><\/a><a href=\"#\" id=\"product_id_555\" class=\"owp-quick-view\" data-product_id=\"555\" aria-label=\"Pr\u00e9visualiser rapidement le produit Danse avec le vent - Elsayary - Zielinski\"><i class=\" icon-eye\" aria-hidden=\"true\" role=\"img\"><\/i> Vue rapide<\/a>\t<\/div><!-- .woo-entry-image-swap -->\r\n\r\n<\/li><li class=\"category\"><a href=\"https:\/\/dhalmann.fr\/music\/product-category\/instrument\/percussion\/caisse-claire\/\" rel=\"tag\">Caisse Claire et tambour<\/a>, <a href=\"https:\/\/dhalmann.fr\/music\/product-category\/formation\/duo\/\" rel=\"tag\">Duo<\/a>, <a href=\"https:\/\/dhalmann.fr\/music\/product-category\/auteurs\/elsayary-zielinski\/\" rel=\"tag\">Elsayary - Zielinski<\/a><\/li><li class=\"title\"><h2><a href=\"https:\/\/dhalmann.fr\/music\/produit\/danse-avec-le-vent-elsayary-zielinski\/\">Danse avec le vent &#8211; Elsayary &#8211; Zielinski<\/a><\/h2><\/li><li class=\"price-wrap\">\n\t<span class=\"price\"><span class=\"woocommerce-Price-amount amount\"><bdi>12,80<span class=\"woocommerce-Price-currencySymbol\">&euro;<\/span><\/bdi><\/span><\/span>\n<\/li><li class=\"btn-wrap clr\"><a href=\"https:\/\/dhalmann.fr\/music\/produit\/danse-avec-le-vent-elsayary-zielinski\/\" aria-describedby=\"woocommerce_loop_add_to_cart_link_describedby_555\" data-quantity=\"1\" class=\"button product_type_variable add_to_cart_button\" data-product_id=\"555\" data-product_sku=\"FD0343\" aria-label=\"S\u00e9lectionner les options pour &ldquo;Danse avec le vent - Elsayary - Zielinski&rdquo;\" rel=\"nofollow\">Choix des options<\/a>\t<span id=\"woocommerce_loop_add_to_cart_link_describedby_555\" class=\"screen-reader-text\">\n\t\tCe produit a plusieurs variations. Les options peuvent \u00eatre choisies sur la page du produit\t<\/span>\n<\/li><\/ul><\/div><!-- .product-inner .clr --><\/li>\n<li class=\"entry has-media add-to-wishlist-before_image has-product-nav col span_1_of_3 owp-content-center owp-thumbs-layout-horizontal owp-btn-normal owp-tabs-layout-horizontal product type-product post-380 status-publish last instock product_cat-clarinette product_cat-giner-bruno product_cat-solo has-post-thumbnail taxable shipping-taxable purchasable product-type-variable\">\n\t\n<div\n\tclass=\"yith-wcwl-add-to-wishlist add-to-wishlist-380 yith-wcwl-add-to-wishlist--link-style wishlist-fragment on-first-load\"\n\tdata-fragment-ref=\"380\"\n\tdata-fragment-options=\"{&quot;base_url&quot;:&quot;&quot;,&quot;product_id&quot;:380,&quot;parent_product_id&quot;:0,&quot;product_type&quot;:&quot;variable&quot;,&quot;is_single&quot;:false,&quot;in_default_wishlist&quot;:false,&quot;show_view&quot;:false,&quot;browse_wishlist_text&quot;:&quot;Voir la liste des favoris&quot;,&quot;already_in_wishslist_text&quot;:&quot;Le produit est d\\u00e9j\\u00e0 dans vos favoris\\u00a0!&quot;,&quot;product_added_text&quot;:&quot;Produit ajout\\u00e9 \\u00e0 vos favoris !&quot;,&quot;available_multi_wishlist&quot;:false,&quot;disable_wishlist&quot;:false,&quot;show_count&quot;:false,&quot;ajax_loading&quot;:false,&quot;loop_position&quot;:&quot;before_image&quot;,&quot;item&quot;:&quot;add_to_wishlist&quot;}\"\n>\n\t<\/div>\n<div class=\"product-inner clr\">\r\n\t<div class=\"woo-entry-image-swap woo-entry-image clr\">\r\n\t\t<a href=\"https:\/\/dhalmann.fr\/music\/produit\/lad-giner-bruno\/\" class=\"woocommerce-LoopProduct-link\"><img decoding=\"async\" width=\"300\" height=\"424\" src=\"https:\/\/dhalmann.fr\/music\/wp-content\/uploads\/2021\/08\/FD0224-lad-300x424.jpg\" class=\"woo-entry-image-main\" alt=\"Lad &#8211; Bruno Giner\" itemprop=\"image\" srcset=\"https:\/\/dhalmann.fr\/music\/wp-content\/uploads\/2021\/08\/FD0224-lad-300x424.jpg 300w, https:\/\/dhalmann.fr\/music\/wp-content\/uploads\/2021\/08\/FD0224-lad-64x90.jpg 64w, https:\/\/dhalmann.fr\/music\/wp-content\/uploads\/2021\/08\/FD0224-lad-212x300.jpg 212w, https:\/\/dhalmann.fr\/music\/wp-content\/uploads\/2021\/08\/FD0224-lad.jpg 399w\" sizes=\"(max-width: 300px) 100vw, 300px\" \/><img decoding=\"async\" width=\"300\" height=\"425\" src=\"https:\/\/dhalmann.fr\/music\/wp-content\/uploads\/2021\/08\/FD0224_01-300x425.jpg\" class=\"woo-entry-image-secondary\" alt=\"Lad &#8211; Bruno Giner\" itemprop=\"image\" srcset=\"https:\/\/dhalmann.fr\/music\/wp-content\/uploads\/2021\/08\/FD0224_01-300x425.jpg 300w, https:\/\/dhalmann.fr\/music\/wp-content\/uploads\/2021\/08\/FD0224_01-600x849.jpg 600w, https:\/\/dhalmann.fr\/music\/wp-content\/uploads\/2021\/08\/FD0224_01-64x91.jpg 64w, https:\/\/dhalmann.fr\/music\/wp-content\/uploads\/2021\/08\/FD0224_01-212x300.jpg 212w, https:\/\/dhalmann.fr\/music\/wp-content\/uploads\/2021\/08\/FD0224_01-724x1024.jpg 724w, https:\/\/dhalmann.fr\/music\/wp-content\/uploads\/2021\/08\/FD0224_01-768x1087.jpg 768w, https:\/\/dhalmann.fr\/music\/wp-content\/uploads\/2021\/08\/FD0224_01.jpg 795w\" sizes=\"(max-width: 300px) 100vw, 300px\" \/><\/a><a href=\"#\" id=\"product_id_380\" class=\"owp-quick-view\" data-product_id=\"380\" aria-label=\"Pr\u00e9visualiser rapidement le produit Lad - Bruno Giner\"><i class=\" icon-eye\" aria-hidden=\"true\" role=\"img\"><\/i> Vue rapide<\/a>\t<\/div><!-- .woo-entry-image-swap -->\r\n\r\n<ul class=\"woo-entry-inner clr\"><li class=\"image-wrap\">\r\n\t<div class=\"woo-entry-image-swap woo-entry-image clr\">\r\n\t\t<a href=\"https:\/\/dhalmann.fr\/music\/produit\/lad-giner-bruno\/\" class=\"woocommerce-LoopProduct-link\"><img decoding=\"async\" width=\"300\" height=\"424\" src=\"https:\/\/dhalmann.fr\/music\/wp-content\/uploads\/2021\/08\/FD0224-lad-300x424.jpg\" class=\"woo-entry-image-main\" alt=\"Lad &#8211; Bruno Giner\" itemprop=\"image\" srcset=\"https:\/\/dhalmann.fr\/music\/wp-content\/uploads\/2021\/08\/FD0224-lad-300x424.jpg 300w, https:\/\/dhalmann.fr\/music\/wp-content\/uploads\/2021\/08\/FD0224-lad-64x90.jpg 64w, https:\/\/dhalmann.fr\/music\/wp-content\/uploads\/2021\/08\/FD0224-lad-212x300.jpg 212w, https:\/\/dhalmann.fr\/music\/wp-content\/uploads\/2021\/08\/FD0224-lad.jpg 399w\" sizes=\"(max-width: 300px) 100vw, 300px\" \/><img decoding=\"async\" width=\"300\" height=\"425\" src=\"https:\/\/dhalmann.fr\/music\/wp-content\/uploads\/2021\/08\/FD0224_01-300x425.jpg\" class=\"woo-entry-image-secondary\" alt=\"Lad &#8211; Bruno Giner\" itemprop=\"image\" srcset=\"https:\/\/dhalmann.fr\/music\/wp-content\/uploads\/2021\/08\/FD0224_01-300x425.jpg 300w, https:\/\/dhalmann.fr\/music\/wp-content\/uploads\/2021\/08\/FD0224_01-600x849.jpg 600w, https:\/\/dhalmann.fr\/music\/wp-content\/uploads\/2021\/08\/FD0224_01-64x91.jpg 64w, https:\/\/dhalmann.fr\/music\/wp-content\/uploads\/2021\/08\/FD0224_01-212x300.jpg 212w, https:\/\/dhalmann.fr\/music\/wp-content\/uploads\/2021\/08\/FD0224_01-724x1024.jpg 724w, https:\/\/dhalmann.fr\/music\/wp-content\/uploads\/2021\/08\/FD0224_01-768x1087.jpg 768w, https:\/\/dhalmann.fr\/music\/wp-content\/uploads\/2021\/08\/FD0224_01.jpg 795w\" sizes=\"(max-width: 300px) 100vw, 300px\" \/><\/a><a href=\"#\" id=\"product_id_380\" class=\"owp-quick-view\" data-product_id=\"380\" aria-label=\"Pr\u00e9visualiser rapidement le produit Lad - Bruno Giner\"><i class=\" icon-eye\" aria-hidden=\"true\" role=\"img\"><\/i> Vue rapide<\/a>\t<\/div><!-- .woo-entry-image-swap -->\r\n\r\n<\/li><li class=\"category\"><a href=\"https:\/\/dhalmann.fr\/music\/product-category\/instrument\/vents\/clarinette\/\" rel=\"tag\">Clarinette<\/a>, <a href=\"https:\/\/dhalmann.fr\/music\/product-category\/auteurs\/giner-bruno\/\" rel=\"tag\">Giner Bruno<\/a>, <a href=\"https:\/\/dhalmann.fr\/music\/product-category\/formation\/solo\/\" rel=\"tag\">Solo<\/a><\/li><li class=\"title\"><h2><a href=\"https:\/\/dhalmann.fr\/music\/produit\/lad-giner-bruno\/\">Lad &#8211; Bruno Giner<\/a><\/h2><\/li><li class=\"price-wrap\">\n\t<span class=\"price\"><span class=\"woocommerce-Price-amount amount\"><bdi>10,30<span class=\"woocommerce-Price-currencySymbol\">&euro;<\/span><\/bdi><\/span><\/span>\n<\/li><li class=\"btn-wrap clr\"><a href=\"https:\/\/dhalmann.fr\/music\/produit\/lad-giner-bruno\/\" aria-describedby=\"woocommerce_loop_add_to_cart_link_describedby_380\" data-quantity=\"1\" class=\"button product_type_variable add_to_cart_button\" data-product_id=\"380\" data-product_sku=\"FD0224\" aria-label=\"S\u00e9lectionner les options pour &ldquo;Lad - Bruno Giner&rdquo;\" rel=\"nofollow\">Choix des options<\/a>\t<span id=\"woocommerce_loop_add_to_cart_link_describedby_380\" class=\"screen-reader-text\">\n\t\tCe produit a plusieurs variations. Les options peuvent \u00eatre choisies sur la page du produit\t<\/span>\n<\/li><\/ul><\/div><!-- .product-inner .clr --><\/li>\n<li class=\"entry has-media add-to-wishlist-before_image has-product-nav col span_1_of_3 owp-content-center owp-thumbs-layout-horizontal owp-btn-normal owp-tabs-layout-horizontal product type-product post-159 status-publish first instock product_cat-avec-piano product_cat-caisse-claire product_cat-duo product_cat-jorand-marcel has-post-thumbnail taxable shipping-taxable purchasable product-type-variable\">\n\t\n<div\n\tclass=\"yith-wcwl-add-to-wishlist add-to-wishlist-159 yith-wcwl-add-to-wishlist--link-style wishlist-fragment on-first-load\"\n\tdata-fragment-ref=\"159\"\n\tdata-fragment-options=\"{&quot;base_url&quot;:&quot;&quot;,&quot;product_id&quot;:159,&quot;parent_product_id&quot;:0,&quot;product_type&quot;:&quot;variable&quot;,&quot;is_single&quot;:false,&quot;in_default_wishlist&quot;:false,&quot;show_view&quot;:false,&quot;browse_wishlist_text&quot;:&quot;Voir la liste des favoris&quot;,&quot;already_in_wishslist_text&quot;:&quot;Le produit est d\\u00e9j\\u00e0 dans vos favoris\\u00a0!&quot;,&quot;product_added_text&quot;:&quot;Produit ajout\\u00e9 \\u00e0 vos favoris !&quot;,&quot;available_multi_wishlist&quot;:false,&quot;disable_wishlist&quot;:false,&quot;show_count&quot;:false,&quot;ajax_loading&quot;:false,&quot;loop_position&quot;:&quot;before_image&quot;,&quot;item&quot;:&quot;add_to_wishlist&quot;}\"\n>\n\t<\/div>\n<div class=\"product-inner clr\">\r\n\t<div class=\"woo-entry-image-swap woo-entry-image clr\">\r\n\t\t<a href=\"https:\/\/dhalmann.fr\/music\/produit\/les-petits-ras-jorand-marcel\/\" class=\"woocommerce-LoopProduct-link\"><img decoding=\"async\" width=\"300\" height=\"422\" src=\"https:\/\/dhalmann.fr\/music\/wp-content\/uploads\/2021\/07\/FD0094-les-petits-ras-300x422.jpg\" class=\"woo-entry-image-main\" alt=\"Les petits ras &#8211; Marcel Jorand\" itemprop=\"image\" srcset=\"https:\/\/dhalmann.fr\/music\/wp-content\/uploads\/2021\/07\/FD0094-les-petits-ras-300x422.jpg 300w, https:\/\/dhalmann.fr\/music\/wp-content\/uploads\/2021\/07\/FD0094-les-petits-ras-600x844.jpg 600w, https:\/\/dhalmann.fr\/music\/wp-content\/uploads\/2021\/07\/FD0094-les-petits-ras-64x90.jpg 64w, https:\/\/dhalmann.fr\/music\/wp-content\/uploads\/2021\/07\/FD0094-les-petits-ras-213x300.jpg 213w, https:\/\/dhalmann.fr\/music\/wp-content\/uploads\/2021\/07\/FD0094-les-petits-ras.jpg 702w\" sizes=\"(max-width: 300px) 100vw, 300px\" \/><img decoding=\"async\" width=\"300\" height=\"424\" src=\"https:\/\/dhalmann.fr\/music\/wp-content\/uploads\/2021\/08\/FD0094_03-300x424.jpg\" class=\"woo-entry-image-secondary\" alt=\"Les petits ras &#8211; Marcel Jorand\" itemprop=\"image\" srcset=\"https:\/\/dhalmann.fr\/music\/wp-content\/uploads\/2021\/08\/FD0094_03-300x424.jpg 300w, https:\/\/dhalmann.fr\/music\/wp-content\/uploads\/2021\/08\/FD0094_03-600x848.jpg 600w, https:\/\/dhalmann.fr\/music\/wp-content\/uploads\/2021\/08\/FD0094_03-64x90.jpg 64w, https:\/\/dhalmann.fr\/music\/wp-content\/uploads\/2021\/08\/FD0094_03-212x300.jpg 212w, https:\/\/dhalmann.fr\/music\/wp-content\/uploads\/2021\/08\/FD0094_03-725x1024.jpg 725w, https:\/\/dhalmann.fr\/music\/wp-content\/uploads\/2021\/08\/FD0094_03-768x1085.jpg 768w, https:\/\/dhalmann.fr\/music\/wp-content\/uploads\/2021\/08\/FD0094_03.jpg 794w\" sizes=\"(max-width: 300px) 100vw, 300px\" \/><\/a><a href=\"#\" id=\"product_id_159\" class=\"owp-quick-view\" data-product_id=\"159\" aria-label=\"Pr\u00e9visualiser rapidement le produit Les petits ras - Marcel Jorand\"><i class=\" icon-eye\" aria-hidden=\"true\" role=\"img\"><\/i> Vue rapide<\/a>\t<\/div><!-- .woo-entry-image-swap -->\r\n\r\n<ul class=\"woo-entry-inner clr\"><li class=\"image-wrap\">\r\n\t<div class=\"woo-entry-image-swap woo-entry-image clr\">\r\n\t\t<a href=\"https:\/\/dhalmann.fr\/music\/produit\/les-petits-ras-jorand-marcel\/\" class=\"woocommerce-LoopProduct-link\"><img decoding=\"async\" width=\"300\" height=\"422\" src=\"https:\/\/dhalmann.fr\/music\/wp-content\/uploads\/2021\/07\/FD0094-les-petits-ras-300x422.jpg\" class=\"woo-entry-image-main\" alt=\"Les petits ras &#8211; Marcel Jorand\" itemprop=\"image\" srcset=\"https:\/\/dhalmann.fr\/music\/wp-content\/uploads\/2021\/07\/FD0094-les-petits-ras-300x422.jpg 300w, https:\/\/dhalmann.fr\/music\/wp-content\/uploads\/2021\/07\/FD0094-les-petits-ras-600x844.jpg 600w, https:\/\/dhalmann.fr\/music\/wp-content\/uploads\/2021\/07\/FD0094-les-petits-ras-64x90.jpg 64w, https:\/\/dhalmann.fr\/music\/wp-content\/uploads\/2021\/07\/FD0094-les-petits-ras-213x300.jpg 213w, https:\/\/dhalmann.fr\/music\/wp-content\/uploads\/2021\/07\/FD0094-les-petits-ras.jpg 702w\" sizes=\"(max-width: 300px) 100vw, 300px\" \/><img decoding=\"async\" width=\"300\" height=\"424\" src=\"https:\/\/dhalmann.fr\/music\/wp-content\/uploads\/2021\/08\/FD0094_03-300x424.jpg\" class=\"woo-entry-image-secondary\" alt=\"Les petits ras &#8211; Marcel Jorand\" itemprop=\"image\" srcset=\"https:\/\/dhalmann.fr\/music\/wp-content\/uploads\/2021\/08\/FD0094_03-300x424.jpg 300w, https:\/\/dhalmann.fr\/music\/wp-content\/uploads\/2021\/08\/FD0094_03-600x848.jpg 600w, https:\/\/dhalmann.fr\/music\/wp-content\/uploads\/2021\/08\/FD0094_03-64x90.jpg 64w, https:\/\/dhalmann.fr\/music\/wp-content\/uploads\/2021\/08\/FD0094_03-212x300.jpg 212w, https:\/\/dhalmann.fr\/music\/wp-content\/uploads\/2021\/08\/FD0094_03-725x1024.jpg 725w, https:\/\/dhalmann.fr\/music\/wp-content\/uploads\/2021\/08\/FD0094_03-768x1085.jpg 768w, https:\/\/dhalmann.fr\/music\/wp-content\/uploads\/2021\/08\/FD0094_03.jpg 794w\" sizes=\"(max-width: 300px) 100vw, 300px\" \/><\/a><a href=\"#\" id=\"product_id_159\" class=\"owp-quick-view\" data-product_id=\"159\" aria-label=\"Pr\u00e9visualiser rapidement le produit Les petits ras - Marcel Jorand\"><i class=\" icon-eye\" aria-hidden=\"true\" role=\"img\"><\/i> Vue rapide<\/a>\t<\/div><!-- .woo-entry-image-swap -->\r\n\r\n<\/li><li class=\"category\"><a href=\"https:\/\/dhalmann.fr\/music\/product-category\/formation\/avec-piano\/\" rel=\"tag\">Avec piano<\/a>, <a href=\"https:\/\/dhalmann.fr\/music\/product-category\/instrument\/percussion\/caisse-claire\/\" rel=\"tag\">Caisse Claire et tambour<\/a>, <a href=\"https:\/\/dhalmann.fr\/music\/product-category\/formation\/duo\/\" rel=\"tag\">Duo<\/a>, <a href=\"https:\/\/dhalmann.fr\/music\/product-category\/auteurs\/jorand-marcel\/\" rel=\"tag\">Jorand Marcel<\/a><\/li><li class=\"title\"><h2><a href=\"https:\/\/dhalmann.fr\/music\/produit\/les-petits-ras-jorand-marcel\/\">Les petits ras &#8211; Marcel Jorand<\/a><\/h2><\/li><li class=\"price-wrap\">\n\t<span class=\"price\"><span class=\"woocommerce-Price-amount amount\"><bdi>12,80<span class=\"woocommerce-Price-currencySymbol\">&euro;<\/span><\/bdi><\/span><\/span>\n<\/li><li class=\"btn-wrap clr\"><a href=\"https:\/\/dhalmann.fr\/music\/produit\/les-petits-ras-jorand-marcel\/\" aria-describedby=\"woocommerce_loop_add_to_cart_link_describedby_159\" data-quantity=\"1\" class=\"button product_type_variable add_to_cart_button\" data-product_id=\"159\" data-product_sku=\"FD0094\" aria-label=\"S\u00e9lectionner les options pour &ldquo;Les petits ras - Marcel Jorand&rdquo;\" rel=\"nofollow\">Choix des options<\/a>\t<span id=\"woocommerce_loop_add_to_cart_link_describedby_159\" class=\"screen-reader-text\">\n\t\tCe produit a plusieurs variations. Les options peuvent \u00eatre choisies sur la page du produit\t<\/span>\n<\/li><\/ul><\/div><!-- .product-inner .clr --><\/li>\n<li class=\"entry has-media add-to-wishlist-before_image has-product-nav col span_1_of_3 owp-content-center owp-thumbs-layout-horizontal owp-btn-normal owp-tabs-layout-horizontal product type-product post-375 status-publish instock product_cat-avec-piano product_cat-clarinette product_cat-duo product_cat-fischer-eric has-post-thumbnail taxable shipping-taxable purchasable product-type-variable\">\n\t\n<div\n\tclass=\"yith-wcwl-add-to-wishlist add-to-wishlist-375 yith-wcwl-add-to-wishlist--link-style wishlist-fragment on-first-load\"\n\tdata-fragment-ref=\"375\"\n\tdata-fragment-options=\"{&quot;base_url&quot;:&quot;&quot;,&quot;product_id&quot;:375,&quot;parent_product_id&quot;:0,&quot;product_type&quot;:&quot;variable&quot;,&quot;is_single&quot;:false,&quot;in_default_wishlist&quot;:false,&quot;show_view&quot;:false,&quot;browse_wishlist_text&quot;:&quot;Voir la liste des favoris&quot;,&quot;already_in_wishslist_text&quot;:&quot;Le produit est d\\u00e9j\\u00e0 dans vos favoris\\u00a0!&quot;,&quot;product_added_text&quot;:&quot;Produit ajout\\u00e9 \\u00e0 vos favoris !&quot;,&quot;available_multi_wishlist&quot;:false,&quot;disable_wishlist&quot;:false,&quot;show_count&quot;:false,&quot;ajax_loading&quot;:false,&quot;loop_position&quot;:&quot;before_image&quot;,&quot;item&quot;:&quot;add_to_wishlist&quot;}\"\n>\n\t<\/div>\n<div class=\"product-inner clr\">\r\n\t<div class=\"woo-entry-image-swap woo-entry-image clr\">\r\n\t\t<a href=\"https:\/\/dhalmann.fr\/music\/produit\/miniature-8-juin-2009-fischer-eric\/\" class=\"woocommerce-LoopProduct-link\"><img decoding=\"async\" width=\"300\" height=\"424\" src=\"https:\/\/dhalmann.fr\/music\/wp-content\/uploads\/2021\/07\/FD0220-miniature-8-juin-300x424.jpg\" class=\"woo-entry-image-main\" alt=\"Miniature 8 juin 2009 &#8211; Eric Fischer\" itemprop=\"image\" srcset=\"https:\/\/dhalmann.fr\/music\/wp-content\/uploads\/2021\/07\/FD0220-miniature-8-juin-300x424.jpg 300w, https:\/\/dhalmann.fr\/music\/wp-content\/uploads\/2021\/07\/FD0220-miniature-8-juin-64x90.jpg 64w, https:\/\/dhalmann.fr\/music\/wp-content\/uploads\/2021\/07\/FD0220-miniature-8-juin-212x300.jpg 212w, https:\/\/dhalmann.fr\/music\/wp-content\/uploads\/2021\/07\/FD0220-miniature-8-juin.jpg 399w\" sizes=\"(max-width: 300px) 100vw, 300px\" \/><img decoding=\"async\" width=\"300\" height=\"424\" src=\"https:\/\/dhalmann.fr\/music\/wp-content\/uploads\/2021\/08\/FD0220_02-300x424.jpg\" class=\"woo-entry-image-secondary\" alt=\"Miniature 8 juin 2009 &#8211; Eric Fischer\" itemprop=\"image\" srcset=\"https:\/\/dhalmann.fr\/music\/wp-content\/uploads\/2021\/08\/FD0220_02-300x424.jpg 300w, https:\/\/dhalmann.fr\/music\/wp-content\/uploads\/2021\/08\/FD0220_02-600x848.jpg 600w, https:\/\/dhalmann.fr\/music\/wp-content\/uploads\/2021\/08\/FD0220_02-64x90.jpg 64w, https:\/\/dhalmann.fr\/music\/wp-content\/uploads\/2021\/08\/FD0220_02-212x300.jpg 212w, https:\/\/dhalmann.fr\/music\/wp-content\/uploads\/2021\/08\/FD0220_02-725x1024.jpg 725w, https:\/\/dhalmann.fr\/music\/wp-content\/uploads\/2021\/08\/FD0220_02-768x1085.jpg 768w, https:\/\/dhalmann.fr\/music\/wp-content\/uploads\/2021\/08\/FD0220_02.jpg 794w\" sizes=\"(max-width: 300px) 100vw, 300px\" \/><\/a><a href=\"#\" id=\"product_id_375\" class=\"owp-quick-view\" data-product_id=\"375\" aria-label=\"Pr\u00e9visualiser rapidement le produit Miniature 8 juin 2009 - Eric Fischer\"><i class=\" icon-eye\" aria-hidden=\"true\" role=\"img\"><\/i> Vue rapide<\/a>\t<\/div><!-- .woo-entry-image-swap -->\r\n\r\n<ul class=\"woo-entry-inner clr\"><li class=\"image-wrap\">\r\n\t<div class=\"woo-entry-image-swap woo-entry-image clr\">\r\n\t\t<a href=\"https:\/\/dhalmann.fr\/music\/produit\/miniature-8-juin-2009-fischer-eric\/\" class=\"woocommerce-LoopProduct-link\"><img decoding=\"async\" width=\"300\" height=\"424\" src=\"https:\/\/dhalmann.fr\/music\/wp-content\/uploads\/2021\/07\/FD0220-miniature-8-juin-300x424.jpg\" class=\"woo-entry-image-main\" alt=\"Miniature 8 juin 2009 &#8211; Eric Fischer\" itemprop=\"image\" srcset=\"https:\/\/dhalmann.fr\/music\/wp-content\/uploads\/2021\/07\/FD0220-miniature-8-juin-300x424.jpg 300w, https:\/\/dhalmann.fr\/music\/wp-content\/uploads\/2021\/07\/FD0220-miniature-8-juin-64x90.jpg 64w, https:\/\/dhalmann.fr\/music\/wp-content\/uploads\/2021\/07\/FD0220-miniature-8-juin-212x300.jpg 212w, https:\/\/dhalmann.fr\/music\/wp-content\/uploads\/2021\/07\/FD0220-miniature-8-juin.jpg 399w\" sizes=\"(max-width: 300px) 100vw, 300px\" \/><img decoding=\"async\" width=\"300\" height=\"424\" src=\"https:\/\/dhalmann.fr\/music\/wp-content\/uploads\/2021\/08\/FD0220_02-300x424.jpg\" class=\"woo-entry-image-secondary\" alt=\"Miniature 8 juin 2009 &#8211; Eric Fischer\" itemprop=\"image\" srcset=\"https:\/\/dhalmann.fr\/music\/wp-content\/uploads\/2021\/08\/FD0220_02-300x424.jpg 300w, https:\/\/dhalmann.fr\/music\/wp-content\/uploads\/2021\/08\/FD0220_02-600x848.jpg 600w, https:\/\/dhalmann.fr\/music\/wp-content\/uploads\/2021\/08\/FD0220_02-64x90.jpg 64w, https:\/\/dhalmann.fr\/music\/wp-content\/uploads\/2021\/08\/FD0220_02-212x300.jpg 212w, https:\/\/dhalmann.fr\/music\/wp-content\/uploads\/2021\/08\/FD0220_02-725x1024.jpg 725w, https:\/\/dhalmann.fr\/music\/wp-content\/uploads\/2021\/08\/FD0220_02-768x1085.jpg 768w, https:\/\/dhalmann.fr\/music\/wp-content\/uploads\/2021\/08\/FD0220_02.jpg 794w\" sizes=\"(max-width: 300px) 100vw, 300px\" \/><\/a><a href=\"#\" id=\"product_id_375\" class=\"owp-quick-view\" data-product_id=\"375\" aria-label=\"Pr\u00e9visualiser rapidement le produit Miniature 8 juin 2009 - Eric Fischer\"><i class=\" icon-eye\" aria-hidden=\"true\" role=\"img\"><\/i> Vue rapide<\/a>\t<\/div><!-- .woo-entry-image-swap -->\r\n\r\n<\/li><li class=\"category\"><a href=\"https:\/\/dhalmann.fr\/music\/product-category\/formation\/avec-piano\/\" rel=\"tag\">Avec piano<\/a>, <a href=\"https:\/\/dhalmann.fr\/music\/product-category\/instrument\/vents\/clarinette\/\" rel=\"tag\">Clarinette<\/a>, <a href=\"https:\/\/dhalmann.fr\/music\/product-category\/formation\/duo\/\" rel=\"tag\">Duo<\/a>, <a href=\"https:\/\/dhalmann.fr\/music\/product-category\/auteurs\/fischer-eric\/\" rel=\"tag\">Fischer Eric<\/a><\/li><li class=\"title\"><h2><a href=\"https:\/\/dhalmann.fr\/music\/produit\/miniature-8-juin-2009-fischer-eric\/\">Miniature 8 juin 2009 &#8211; Eric Fischer<\/a><\/h2><\/li><li class=\"price-wrap\">\n\t<span class=\"price\"><span class=\"woocommerce-Price-amount amount\"><bdi>10,30<span class=\"woocommerce-Price-currencySymbol\">&euro;<\/span><\/bdi><\/span><\/span>\n<\/li><li class=\"btn-wrap clr\"><a href=\"https:\/\/dhalmann.fr\/music\/produit\/miniature-8-juin-2009-fischer-eric\/\" aria-describedby=\"woocommerce_loop_add_to_cart_link_describedby_375\" data-quantity=\"1\" class=\"button product_type_variable add_to_cart_button\" data-product_id=\"375\" data-product_sku=\"FD0220\" aria-label=\"S\u00e9lectionner les options pour &ldquo;Miniature 8 juin 2009 - Eric Fischer&rdquo;\" rel=\"nofollow\">Choix des options<\/a>\t<span id=\"woocommerce_loop_add_to_cart_link_describedby_375\" class=\"screen-reader-text\">\n\t\tCe produit a plusieurs variations. Les options peuvent \u00eatre choisies sur la page du produit\t<\/span>\n<\/li><\/ul><\/div><!-- .product-inner .clr --><\/li>\n<li class=\"entry has-media add-to-wishlist-before_image has-product-nav col span_1_of_3 owp-content-center owp-thumbs-layout-horizontal owp-btn-normal owp-tabs-layout-horizontal product type-product post-700 status-publish last instock product_cat-alto product_cat-duo product_cat-giner-bruno has-post-thumbnail taxable shipping-taxable purchasable product-type-variable\">\n\t\n<div\n\tclass=\"yith-wcwl-add-to-wishlist add-to-wishlist-700 yith-wcwl-add-to-wishlist--link-style wishlist-fragment on-first-load\"\n\tdata-fragment-ref=\"700\"\n\tdata-fragment-options=\"{&quot;base_url&quot;:&quot;&quot;,&quot;product_id&quot;:700,&quot;parent_product_id&quot;:0,&quot;product_type&quot;:&quot;variable&quot;,&quot;is_single&quot;:false,&quot;in_default_wishlist&quot;:false,&quot;show_view&quot;:false,&quot;browse_wishlist_text&quot;:&quot;Voir la liste des favoris&quot;,&quot;already_in_wishslist_text&quot;:&quot;Le produit est d\\u00e9j\\u00e0 dans vos favoris\\u00a0!&quot;,&quot;product_added_text&quot;:&quot;Produit ajout\\u00e9 \\u00e0 vos favoris !&quot;,&quot;available_multi_wishlist&quot;:false,&quot;disable_wishlist&quot;:false,&quot;show_count&quot;:false,&quot;ajax_loading&quot;:false,&quot;loop_position&quot;:&quot;before_image&quot;,&quot;item&quot;:&quot;add_to_wishlist&quot;}\"\n>\n\t<\/div>\n<div class=\"product-inner clr\">\r\n\t<div class=\"woo-entry-image-swap woo-entry-image clr\">\r\n\t\t<a href=\"https:\/\/dhalmann.fr\/music\/produit\/salt-and-pepper-alto-giner-bruno\/\" class=\"woocommerce-LoopProduct-link\"><img decoding=\"async\" width=\"300\" height=\"436\" src=\"https:\/\/dhalmann.fr\/music\/wp-content\/uploads\/2021\/07\/FD0429-salt-and-pepper-300x436.jpg\" class=\"woo-entry-image-main\" alt=\"Salt and pepper. Alto &#8211; Bruno Giner\" itemprop=\"image\" srcset=\"https:\/\/dhalmann.fr\/music\/wp-content\/uploads\/2021\/07\/FD0429-salt-and-pepper-300x436.jpg 300w, https:\/\/dhalmann.fr\/music\/wp-content\/uploads\/2021\/07\/FD0429-salt-and-pepper-64x93.jpg 64w, https:\/\/dhalmann.fr\/music\/wp-content\/uploads\/2021\/07\/FD0429-salt-and-pepper-207x300.jpg 207w, https:\/\/dhalmann.fr\/music\/wp-content\/uploads\/2021\/07\/FD0429-salt-and-pepper-416x604.jpg 416w, https:\/\/dhalmann.fr\/music\/wp-content\/uploads\/2021\/07\/FD0429-salt-and-pepper.jpg 582w\" sizes=\"(max-width: 300px) 100vw, 300px\" \/><img decoding=\"async\" width=\"300\" height=\"425\" src=\"https:\/\/dhalmann.fr\/music\/wp-content\/uploads\/2021\/08\/fd0429_Page_4-300x425.jpg\" class=\"woo-entry-image-secondary\" alt=\"Salt and pepper. Alto &#8211; Bruno Giner\" itemprop=\"image\" srcset=\"https:\/\/dhalmann.fr\/music\/wp-content\/uploads\/2021\/08\/fd0429_Page_4-300x425.jpg 300w, https:\/\/dhalmann.fr\/music\/wp-content\/uploads\/2021\/08\/fd0429_Page_4-600x849.jpg 600w, https:\/\/dhalmann.fr\/music\/wp-content\/uploads\/2021\/08\/fd0429_Page_4-64x91.jpg 64w, https:\/\/dhalmann.fr\/music\/wp-content\/uploads\/2021\/08\/fd0429_Page_4-212x300.jpg 212w, https:\/\/dhalmann.fr\/music\/wp-content\/uploads\/2021\/08\/fd0429_Page_4-724x1024.jpg 724w, https:\/\/dhalmann.fr\/music\/wp-content\/uploads\/2021\/08\/fd0429_Page_4.jpg 744w\" sizes=\"(max-width: 300px) 100vw, 300px\" \/><\/a><a href=\"#\" id=\"product_id_700\" class=\"owp-quick-view\" data-product_id=\"700\" aria-label=\"Pr\u00e9visualiser rapidement le produit Salt and pepper. Alto - Bruno Giner\"><i class=\" icon-eye\" aria-hidden=\"true\" role=\"img\"><\/i> Vue rapide<\/a>\t<\/div><!-- .woo-entry-image-swap -->\r\n\r\n<ul class=\"woo-entry-inner clr\"><li class=\"image-wrap\">\r\n\t<div class=\"woo-entry-image-swap woo-entry-image clr\">\r\n\t\t<a href=\"https:\/\/dhalmann.fr\/music\/produit\/salt-and-pepper-alto-giner-bruno\/\" class=\"woocommerce-LoopProduct-link\"><img decoding=\"async\" width=\"300\" height=\"436\" src=\"https:\/\/dhalmann.fr\/music\/wp-content\/uploads\/2021\/07\/FD0429-salt-and-pepper-300x436.jpg\" class=\"woo-entry-image-main\" alt=\"Salt and pepper. Alto &#8211; Bruno Giner\" itemprop=\"image\" srcset=\"https:\/\/dhalmann.fr\/music\/wp-content\/uploads\/2021\/07\/FD0429-salt-and-pepper-300x436.jpg 300w, https:\/\/dhalmann.fr\/music\/wp-content\/uploads\/2021\/07\/FD0429-salt-and-pepper-64x93.jpg 64w, https:\/\/dhalmann.fr\/music\/wp-content\/uploads\/2021\/07\/FD0429-salt-and-pepper-207x300.jpg 207w, https:\/\/dhalmann.fr\/music\/wp-content\/uploads\/2021\/07\/FD0429-salt-and-pepper-416x604.jpg 416w, https:\/\/dhalmann.fr\/music\/wp-content\/uploads\/2021\/07\/FD0429-salt-and-pepper.jpg 582w\" sizes=\"(max-width: 300px) 100vw, 300px\" \/><img decoding=\"async\" width=\"300\" height=\"425\" src=\"https:\/\/dhalmann.fr\/music\/wp-content\/uploads\/2021\/08\/fd0429_Page_4-300x425.jpg\" class=\"woo-entry-image-secondary\" alt=\"Salt and pepper. Alto &#8211; Bruno Giner\" itemprop=\"image\" srcset=\"https:\/\/dhalmann.fr\/music\/wp-content\/uploads\/2021\/08\/fd0429_Page_4-300x425.jpg 300w, https:\/\/dhalmann.fr\/music\/wp-content\/uploads\/2021\/08\/fd0429_Page_4-600x849.jpg 600w, https:\/\/dhalmann.fr\/music\/wp-content\/uploads\/2021\/08\/fd0429_Page_4-64x91.jpg 64w, https:\/\/dhalmann.fr\/music\/wp-content\/uploads\/2021\/08\/fd0429_Page_4-212x300.jpg 212w, https:\/\/dhalmann.fr\/music\/wp-content\/uploads\/2021\/08\/fd0429_Page_4-724x1024.jpg 724w, https:\/\/dhalmann.fr\/music\/wp-content\/uploads\/2021\/08\/fd0429_Page_4.jpg 744w\" sizes=\"(max-width: 300px) 100vw, 300px\" \/><\/a><a href=\"#\" id=\"product_id_700\" class=\"owp-quick-view\" data-product_id=\"700\" aria-label=\"Pr\u00e9visualiser rapidement le produit Salt and pepper. Alto - Bruno Giner\"><i class=\" icon-eye\" aria-hidden=\"true\" role=\"img\"><\/i> Vue rapide<\/a>\t<\/div><!-- .woo-entry-image-swap -->\r\n\r\n<\/li><li class=\"category\"><a href=\"https:\/\/dhalmann.fr\/music\/product-category\/instrument\/cordes\/alto\/\" rel=\"tag\">Alto<\/a>, <a href=\"https:\/\/dhalmann.fr\/music\/product-category\/formation\/duo\/\" rel=\"tag\">Duo<\/a>, <a href=\"https:\/\/dhalmann.fr\/music\/product-category\/auteurs\/giner-bruno\/\" rel=\"tag\">Giner Bruno<\/a><\/li><li class=\"title\"><h2><a href=\"https:\/\/dhalmann.fr\/music\/produit\/salt-and-pepper-alto-giner-bruno\/\">Salt and pepper. Alto &#8211; Bruno Giner<\/a><\/h2><\/li><li class=\"price-wrap\">\n\t<span class=\"price\"><span class=\"woocommerce-Price-amount amount\"><bdi>16,70<span class=\"woocommerce-Price-currencySymbol\">&euro;<\/span><\/bdi><\/span><\/span>\n<\/li><li class=\"btn-wrap clr\"><a href=\"https:\/\/dhalmann.fr\/music\/produit\/salt-and-pepper-alto-giner-bruno\/\" aria-describedby=\"woocommerce_loop_add_to_cart_link_describedby_700\" data-quantity=\"1\" class=\"button product_type_variable add_to_cart_button\" data-product_id=\"700\" data-product_sku=\"FD0429\" aria-label=\"S\u00e9lectionner les options pour &ldquo;Salt and pepper. Alto - Bruno Giner&rdquo;\" rel=\"nofollow\">Choix des options<\/a>\t<span id=\"woocommerce_loop_add_to_cart_link_describedby_700\" class=\"screen-reader-text\">\n\t\tCe produit a plusieurs variations. Les options peuvent \u00eatre choisies sur la page du produit\t<\/span>\n<\/li><\/ul><\/div><!-- .product-inner .clr --><\/li>\n<li class=\"entry has-media add-to-wishlist-before_image has-product-nav col span_1_of_3 owp-content-center owp-thumbs-layout-horizontal owp-btn-normal owp-tabs-layout-horizontal product type-product post-637 status-publish first instock product_cat-avec-piano product_cat-clarinette product_cat-duo product_cat-fischer-eric product_cat-solo has-post-thumbnail taxable shipping-taxable purchasable product-type-variable\">\n\t\n<div\n\tclass=\"yith-wcwl-add-to-wishlist add-to-wishlist-637 yith-wcwl-add-to-wishlist--link-style wishlist-fragment on-first-load\"\n\tdata-fragment-ref=\"637\"\n\tdata-fragment-options=\"{&quot;base_url&quot;:&quot;&quot;,&quot;product_id&quot;:637,&quot;parent_product_id&quot;:0,&quot;product_type&quot;:&quot;variable&quot;,&quot;is_single&quot;:false,&quot;in_default_wishlist&quot;:false,&quot;show_view&quot;:false,&quot;browse_wishlist_text&quot;:&quot;Voir la liste des favoris&quot;,&quot;already_in_wishslist_text&quot;:&quot;Le produit est d\\u00e9j\\u00e0 dans vos favoris\\u00a0!&quot;,&quot;product_added_text&quot;:&quot;Produit ajout\\u00e9 \\u00e0 vos favoris !&quot;,&quot;available_multi_wishlist&quot;:false,&quot;disable_wishlist&quot;:false,&quot;show_count&quot;:false,&quot;ajax_loading&quot;:false,&quot;loop_position&quot;:&quot;before_image&quot;,&quot;item&quot;:&quot;add_to_wishlist&quot;}\"\n>\n\t<\/div>\n<div class=\"product-inner clr\">\r\n\t<div class=\"woo-entry-image-swap woo-entry-image clr\">\r\n\t\t<a href=\"https:\/\/dhalmann.fr\/music\/produit\/stiacciato-fischer-eric\/\" class=\"woocommerce-LoopProduct-link\"><img decoding=\"async\" width=\"300\" height=\"424\" src=\"https:\/\/dhalmann.fr\/music\/wp-content\/uploads\/2021\/07\/FD0390-stiacciato-300x424.jpg\" class=\"woo-entry-image-main\" alt=\"Stiacciato &#8211; Eric Fischer\" itemprop=\"image\" srcset=\"https:\/\/dhalmann.fr\/music\/wp-content\/uploads\/2021\/07\/FD0390-stiacciato-300x424.jpg 300w, https:\/\/dhalmann.fr\/music\/wp-content\/uploads\/2021\/07\/FD0390-stiacciato-600x848.jpg 600w, https:\/\/dhalmann.fr\/music\/wp-content\/uploads\/2021\/07\/FD0390-stiacciato-64x90.jpg 64w, https:\/\/dhalmann.fr\/music\/wp-content\/uploads\/2021\/07\/FD0390-stiacciato-212x300.jpg 212w, https:\/\/dhalmann.fr\/music\/wp-content\/uploads\/2021\/07\/FD0390-stiacciato-725x1024.jpg 725w, https:\/\/dhalmann.fr\/music\/wp-content\/uploads\/2021\/07\/FD0390-stiacciato-768x1085.jpg 768w, https:\/\/dhalmann.fr\/music\/wp-content\/uploads\/2021\/07\/FD0390-stiacciato.jpg 796w\" sizes=\"(max-width: 300px) 100vw, 300px\" \/><img decoding=\"async\" width=\"300\" height=\"424\" src=\"https:\/\/dhalmann.fr\/music\/wp-content\/uploads\/2021\/08\/FD0390_03-300x424.jpg\" class=\"woo-entry-image-secondary\" alt=\"Stiacciato &#8211; Eric Fischer\" itemprop=\"image\" srcset=\"https:\/\/dhalmann.fr\/music\/wp-content\/uploads\/2021\/08\/FD0390_03-300x424.jpg 300w, https:\/\/dhalmann.fr\/music\/wp-content\/uploads\/2021\/08\/FD0390_03-600x848.jpg 600w, https:\/\/dhalmann.fr\/music\/wp-content\/uploads\/2021\/08\/FD0390_03-64x90.jpg 64w, https:\/\/dhalmann.fr\/music\/wp-content\/uploads\/2021\/08\/FD0390_03-212x300.jpg 212w, https:\/\/dhalmann.fr\/music\/wp-content\/uploads\/2021\/08\/FD0390_03-725x1024.jpg 725w, https:\/\/dhalmann.fr\/music\/wp-content\/uploads\/2021\/08\/FD0390_03-768x1085.jpg 768w, https:\/\/dhalmann.fr\/music\/wp-content\/uploads\/2021\/08\/FD0390_03.jpg 794w\" sizes=\"(max-width: 300px) 100vw, 300px\" \/><\/a><a href=\"#\" id=\"product_id_637\" class=\"owp-quick-view\" data-product_id=\"637\" aria-label=\"Pr\u00e9visualiser rapidement le produit Stiacciato - Eric Fischer\"><i class=\" icon-eye\" aria-hidden=\"true\" role=\"img\"><\/i> Vue rapide<\/a>\t<\/div><!-- .woo-entry-image-swap -->\r\n\r\n<ul class=\"woo-entry-inner clr\"><li class=\"image-wrap\">\r\n\t<div class=\"woo-entry-image-swap woo-entry-image clr\">\r\n\t\t<a href=\"https:\/\/dhalmann.fr\/music\/produit\/stiacciato-fischer-eric\/\" class=\"woocommerce-LoopProduct-link\"><img decoding=\"async\" width=\"300\" height=\"424\" src=\"https:\/\/dhalmann.fr\/music\/wp-content\/uploads\/2021\/07\/FD0390-stiacciato-300x424.jpg\" class=\"woo-entry-image-main\" alt=\"Stiacciato &#8211; Eric Fischer\" itemprop=\"image\" srcset=\"https:\/\/dhalmann.fr\/music\/wp-content\/uploads\/2021\/07\/FD0390-stiacciato-300x424.jpg 300w, https:\/\/dhalmann.fr\/music\/wp-content\/uploads\/2021\/07\/FD0390-stiacciato-600x848.jpg 600w, https:\/\/dhalmann.fr\/music\/wp-content\/uploads\/2021\/07\/FD0390-stiacciato-64x90.jpg 64w, https:\/\/dhalmann.fr\/music\/wp-content\/uploads\/2021\/07\/FD0390-stiacciato-212x300.jpg 212w, https:\/\/dhalmann.fr\/music\/wp-content\/uploads\/2021\/07\/FD0390-stiacciato-725x1024.jpg 725w, https:\/\/dhalmann.fr\/music\/wp-content\/uploads\/2021\/07\/FD0390-stiacciato-768x1085.jpg 768w, https:\/\/dhalmann.fr\/music\/wp-content\/uploads\/2021\/07\/FD0390-stiacciato.jpg 796w\" sizes=\"(max-width: 300px) 100vw, 300px\" \/><img decoding=\"async\" width=\"300\" height=\"424\" src=\"https:\/\/dhalmann.fr\/music\/wp-content\/uploads\/2021\/08\/FD0390_03-300x424.jpg\" class=\"woo-entry-image-secondary\" alt=\"Stiacciato &#8211; Eric Fischer\" itemprop=\"image\" srcset=\"https:\/\/dhalmann.fr\/music\/wp-content\/uploads\/2021\/08\/FD0390_03-300x424.jpg 300w, https:\/\/dhalmann.fr\/music\/wp-content\/uploads\/2021\/08\/FD0390_03-600x848.jpg 600w, https:\/\/dhalmann.fr\/music\/wp-content\/uploads\/2021\/08\/FD0390_03-64x90.jpg 64w, https:\/\/dhalmann.fr\/music\/wp-content\/uploads\/2021\/08\/FD0390_03-212x300.jpg 212w, https:\/\/dhalmann.fr\/music\/wp-content\/uploads\/2021\/08\/FD0390_03-725x1024.jpg 725w, https:\/\/dhalmann.fr\/music\/wp-content\/uploads\/2021\/08\/FD0390_03-768x1085.jpg 768w, https:\/\/dhalmann.fr\/music\/wp-content\/uploads\/2021\/08\/FD0390_03.jpg 794w\" sizes=\"(max-width: 300px) 100vw, 300px\" \/><\/a><a href=\"#\" id=\"product_id_637\" class=\"owp-quick-view\" data-product_id=\"637\" aria-label=\"Pr\u00e9visualiser rapidement le produit Stiacciato - Eric Fischer\"><i class=\" icon-eye\" aria-hidden=\"true\" role=\"img\"><\/i> Vue rapide<\/a>\t<\/div><!-- .woo-entry-image-swap -->\r\n\r\n<\/li><li class=\"category\"><a href=\"https:\/\/dhalmann.fr\/music\/product-category\/formation\/avec-piano\/\" rel=\"tag\">Avec piano<\/a>, <a href=\"https:\/\/dhalmann.fr\/music\/product-category\/instrument\/vents\/clarinette\/\" rel=\"tag\">Clarinette<\/a>, <a href=\"https:\/\/dhalmann.fr\/music\/product-category\/formation\/duo\/\" rel=\"tag\">Duo<\/a>, <a href=\"https:\/\/dhalmann.fr\/music\/product-category\/auteurs\/fischer-eric\/\" rel=\"tag\">Fischer Eric<\/a>, <a href=\"https:\/\/dhalmann.fr\/music\/product-category\/formation\/solo\/\" rel=\"tag\">Solo<\/a><\/li><li class=\"title\"><h2><a href=\"https:\/\/dhalmann.fr\/music\/produit\/stiacciato-fischer-eric\/\">Stiacciato &#8211; Eric Fischer<\/a><\/h2><\/li><li class=\"price-wrap\">\n\t<span class=\"price\"><span class=\"woocommerce-Price-amount amount\"><bdi>18,80<span class=\"woocommerce-Price-currencySymbol\">&euro;<\/span><\/bdi><\/span><\/span>\n<\/li><li class=\"btn-wrap clr\"><a href=\"https:\/\/dhalmann.fr\/music\/produit\/stiacciato-fischer-eric\/\" aria-describedby=\"woocommerce_loop_add_to_cart_link_describedby_637\" data-quantity=\"1\" class=\"button product_type_variable add_to_cart_button\" data-product_id=\"637\" data-product_sku=\"FD0390\" aria-label=\"S\u00e9lectionner les options pour &ldquo;Stiacciato - Eric Fischer&rdquo;\" rel=\"nofollow\">Choix des options<\/a>\t<span id=\"woocommerce_loop_add_to_cart_link_describedby_637\" class=\"screen-reader-text\">\n\t\tCe produit a plusieurs variations. Les options peuvent \u00eatre choisies sur la page du produit\t<\/span>\n<\/li><\/ul><\/div><!-- .product-inner .clr --><\/li>\n<li class=\"entry has-media add-to-wishlist-before_image has-product-nav col span_1_of_3 owp-content-center owp-thumbs-layout-horizontal owp-btn-normal owp-tabs-layout-horizontal product type-product post-607 status-publish instock product_cat-avec-piano product_cat-duo product_cat-flute product_cat-gratzer-carlos has-post-thumbnail taxable shipping-taxable purchasable product-type-variable\">\n\t\n<div\n\tclass=\"yith-wcwl-add-to-wishlist add-to-wishlist-607 yith-wcwl-add-to-wishlist--link-style wishlist-fragment on-first-load\"\n\tdata-fragment-ref=\"607\"\n\tdata-fragment-options=\"{&quot;base_url&quot;:&quot;&quot;,&quot;product_id&quot;:607,&quot;parent_product_id&quot;:0,&quot;product_type&quot;:&quot;variable&quot;,&quot;is_single&quot;:false,&quot;in_default_wishlist&quot;:false,&quot;show_view&quot;:false,&quot;browse_wishlist_text&quot;:&quot;Voir la liste des favoris&quot;,&quot;already_in_wishslist_text&quot;:&quot;Le produit est d\\u00e9j\\u00e0 dans vos favoris\\u00a0!&quot;,&quot;product_added_text&quot;:&quot;Produit ajout\\u00e9 \\u00e0 vos favoris !&quot;,&quot;available_multi_wishlist&quot;:false,&quot;disable_wishlist&quot;:false,&quot;show_count&quot;:false,&quot;ajax_loading&quot;:false,&quot;loop_position&quot;:&quot;before_image&quot;,&quot;item&quot;:&quot;add_to_wishlist&quot;}\"\n>\n\t<\/div>\n<div class=\"product-inner clr\">\r\n\t<div class=\"woo-entry-image-swap woo-entry-image clr\">\r\n\t\t<a href=\"https:\/\/dhalmann.fr\/music\/produit\/vagues-dair-gratzer-carlos\/\" class=\"woocommerce-LoopProduct-link\"><img decoding=\"async\" width=\"300\" height=\"425\" src=\"https:\/\/dhalmann.fr\/music\/wp-content\/uploads\/2021\/07\/FD0376-vague-d-air-300x425.jpg\" class=\"woo-entry-image-main\" alt=\"Vagues d&#8217;Air &#8211; Carlos Gr\u00e4tzer\" itemprop=\"image\" srcset=\"https:\/\/dhalmann.fr\/music\/wp-content\/uploads\/2021\/07\/FD0376-vague-d-air-300x425.jpg 300w, https:\/\/dhalmann.fr\/music\/wp-content\/uploads\/2021\/07\/FD0376-vague-d-air-64x91.jpg 64w, https:\/\/dhalmann.fr\/music\/wp-content\/uploads\/2021\/07\/FD0376-vague-d-air-212x300.jpg 212w, https:\/\/dhalmann.fr\/music\/wp-content\/uploads\/2021\/07\/FD0376-vague-d-air-416x589.jpg 416w, https:\/\/dhalmann.fr\/music\/wp-content\/uploads\/2021\/07\/FD0376-vague-d-air.jpg 597w\" sizes=\"(max-width: 300px) 100vw, 300px\" \/><img decoding=\"async\" width=\"300\" height=\"424\" src=\"https:\/\/dhalmann.fr\/music\/wp-content\/uploads\/2021\/08\/FD0376_03-300x424.jpg\" class=\"woo-entry-image-secondary\" alt=\"Vagues d&#8217;Air &#8211; Carlos Gr\u00e4tzer\" itemprop=\"image\" srcset=\"https:\/\/dhalmann.fr\/music\/wp-content\/uploads\/2021\/08\/FD0376_03-300x424.jpg 300w, https:\/\/dhalmann.fr\/music\/wp-content\/uploads\/2021\/08\/FD0376_03-600x848.jpg 600w, https:\/\/dhalmann.fr\/music\/wp-content\/uploads\/2021\/08\/FD0376_03-64x90.jpg 64w, https:\/\/dhalmann.fr\/music\/wp-content\/uploads\/2021\/08\/FD0376_03-212x300.jpg 212w, https:\/\/dhalmann.fr\/music\/wp-content\/uploads\/2021\/08\/FD0376_03-725x1024.jpg 725w, https:\/\/dhalmann.fr\/music\/wp-content\/uploads\/2021\/08\/FD0376_03-768x1085.jpg 768w, https:\/\/dhalmann.fr\/music\/wp-content\/uploads\/2021\/08\/FD0376_03.jpg 794w\" sizes=\"(max-width: 300px) 100vw, 300px\" \/><\/a><a href=\"#\" id=\"product_id_607\" class=\"owp-quick-view\" data-product_id=\"607\" aria-label=\"Pr\u00e9visualiser rapidement le produit Vagues d'Air - Carlos Gr\u00e4tzer\"><i class=\" icon-eye\" aria-hidden=\"true\" role=\"img\"><\/i> Vue rapide<\/a>\t<\/div><!-- .woo-entry-image-swap -->\r\n\r\n<ul class=\"woo-entry-inner clr\"><li class=\"image-wrap\">\r\n\t<div class=\"woo-entry-image-swap woo-entry-image clr\">\r\n\t\t<a href=\"https:\/\/dhalmann.fr\/music\/produit\/vagues-dair-gratzer-carlos\/\" class=\"woocommerce-LoopProduct-link\"><img decoding=\"async\" width=\"300\" height=\"425\" src=\"https:\/\/dhalmann.fr\/music\/wp-content\/uploads\/2021\/07\/FD0376-vague-d-air-300x425.jpg\" class=\"woo-entry-image-main\" alt=\"Vagues d&#8217;Air &#8211; Carlos Gr\u00e4tzer\" itemprop=\"image\" srcset=\"https:\/\/dhalmann.fr\/music\/wp-content\/uploads\/2021\/07\/FD0376-vague-d-air-300x425.jpg 300w, https:\/\/dhalmann.fr\/music\/wp-content\/uploads\/2021\/07\/FD0376-vague-d-air-64x91.jpg 64w, https:\/\/dhalmann.fr\/music\/wp-content\/uploads\/2021\/07\/FD0376-vague-d-air-212x300.jpg 212w, https:\/\/dhalmann.fr\/music\/wp-content\/uploads\/2021\/07\/FD0376-vague-d-air-416x589.jpg 416w, https:\/\/dhalmann.fr\/music\/wp-content\/uploads\/2021\/07\/FD0376-vague-d-air.jpg 597w\" sizes=\"(max-width: 300px) 100vw, 300px\" \/><img decoding=\"async\" width=\"300\" height=\"424\" src=\"https:\/\/dhalmann.fr\/music\/wp-content\/uploads\/2021\/08\/FD0376_03-300x424.jpg\" class=\"woo-entry-image-secondary\" alt=\"Vagues d&#8217;Air &#8211; Carlos Gr\u00e4tzer\" itemprop=\"image\" srcset=\"https:\/\/dhalmann.fr\/music\/wp-content\/uploads\/2021\/08\/FD0376_03-300x424.jpg 300w, https:\/\/dhalmann.fr\/music\/wp-content\/uploads\/2021\/08\/FD0376_03-600x848.jpg 600w, https:\/\/dhalmann.fr\/music\/wp-content\/uploads\/2021\/08\/FD0376_03-64x90.jpg 64w, https:\/\/dhalmann.fr\/music\/wp-content\/uploads\/2021\/08\/FD0376_03-212x300.jpg 212w, https:\/\/dhalmann.fr\/music\/wp-content\/uploads\/2021\/08\/FD0376_03-725x1024.jpg 725w, https:\/\/dhalmann.fr\/music\/wp-content\/uploads\/2021\/08\/FD0376_03-768x1085.jpg 768w, https:\/\/dhalmann.fr\/music\/wp-content\/uploads\/2021\/08\/FD0376_03.jpg 794w\" sizes=\"(max-width: 300px) 100vw, 300px\" \/><\/a><a href=\"#\" id=\"product_id_607\" class=\"owp-quick-view\" data-product_id=\"607\" aria-label=\"Pr\u00e9visualiser rapidement le produit Vagues d'Air - Carlos Gr\u00e4tzer\"><i class=\" icon-eye\" aria-hidden=\"true\" role=\"img\"><\/i> Vue rapide<\/a>\t<\/div><!-- .woo-entry-image-swap -->\r\n\r\n<\/li><li class=\"category\"><a href=\"https:\/\/dhalmann.fr\/music\/product-category\/formation\/avec-piano\/\" rel=\"tag\">Avec piano<\/a>, <a href=\"https:\/\/dhalmann.fr\/music\/product-category\/formation\/duo\/\" rel=\"tag\">Duo<\/a>, <a href=\"https:\/\/dhalmann.fr\/music\/product-category\/instrument\/vents\/flute\/\" rel=\"tag\">Fl\u00fbte<\/a>, <a href=\"https:\/\/dhalmann.fr\/music\/product-category\/auteurs\/gratzer-carlos\/\" rel=\"tag\">Gr\u00e4tzer Carlos<\/a><\/li><li class=\"title\"><h2><a href=\"https:\/\/dhalmann.fr\/music\/produit\/vagues-dair-gratzer-carlos\/\">Vagues d&#8217;Air &#8211; Carlos Gr\u00e4tzer<\/a><\/h2><\/li><li class=\"price-wrap\">\n\t<span class=\"price\"><span class=\"woocommerce-Price-amount amount\"><bdi>12,80<span class=\"woocommerce-Price-currencySymbol\">&euro;<\/span><\/bdi><\/span><\/span>\n<\/li><li class=\"btn-wrap clr\"><a href=\"https:\/\/dhalmann.fr\/music\/produit\/vagues-dair-gratzer-carlos\/\" aria-describedby=\"woocommerce_loop_add_to_cart_link_describedby_607\" data-quantity=\"1\" class=\"button product_type_variable add_to_cart_button\" data-product_id=\"607\" data-product_sku=\"FD0376\" aria-label=\"S\u00e9lectionner les options pour &ldquo;Vagues d&#039;Air - Carlos Gr\u00e4tzer&rdquo;\" rel=\"nofollow\">Choix des options<\/a>\t<span id=\"woocommerce_loop_add_to_cart_link_describedby_607\" class=\"screen-reader-text\">\n\t\tCe produit a plusieurs variations. Les options peuvent \u00eatre choisies sur la page du produit\t<\/span>\n<\/li><\/ul><\/div><!-- .product-inner .clr --><\/li>\n<\/ul>\n<\/div>\n\n\n\n<p class=\"has-large-font-size\"><strong>Fin de deuxi\u00e8me cycle :<\/strong><\/p>\n\n\n<div class=\"woocommerce columns-3 \">\r\n<ul class=\"products oceanwp-row clr grid tablet-col tablet-2-col mobile-col mobile-1-col\">\r\n<li class=\"entry has-media add-to-wishlist-before_image has-product-nav col span_1_of_3 owp-content-center owp-thumbs-layout-horizontal owp-btn-normal owp-tabs-layout-horizontal product type-product post-658 status-publish first instock product_cat-flute-bec product_cat-solo product_cat-vivaldi-antonio has-post-thumbnail taxable shipping-taxable purchasable product-type-variable\">\n\t\n<div\n\tclass=\"yith-wcwl-add-to-wishlist add-to-wishlist-658 yith-wcwl-add-to-wishlist--link-style wishlist-fragment on-first-load\"\n\tdata-fragment-ref=\"658\"\n\tdata-fragment-options=\"{&quot;base_url&quot;:&quot;&quot;,&quot;product_id&quot;:658,&quot;parent_product_id&quot;:0,&quot;product_type&quot;:&quot;variable&quot;,&quot;is_single&quot;:false,&quot;in_default_wishlist&quot;:false,&quot;show_view&quot;:false,&quot;browse_wishlist_text&quot;:&quot;Voir la liste des favoris&quot;,&quot;already_in_wishslist_text&quot;:&quot;Le produit est d\\u00e9j\\u00e0 dans vos favoris\\u00a0!&quot;,&quot;product_added_text&quot;:&quot;Produit ajout\\u00e9 \\u00e0 vos favoris !&quot;,&quot;available_multi_wishlist&quot;:false,&quot;disable_wishlist&quot;:false,&quot;show_count&quot;:false,&quot;ajax_loading&quot;:false,&quot;loop_position&quot;:&quot;before_image&quot;,&quot;item&quot;:&quot;add_to_wishlist&quot;}\"\n>\n\t<\/div>\n<div class=\"product-inner clr\">\r\n\t<div class=\"woo-entry-image-swap woo-entry-image clr\">\r\n\t\t<a href=\"https:\/\/dhalmann.fr\/music\/produit\/6-sonates-pour-flute-a-bec-vivaldi-antonio\/\" class=\"woocommerce-LoopProduct-link\"><img decoding=\"async\" width=\"300\" height=\"425\" src=\"https:\/\/dhalmann.fr\/music\/wp-content\/uploads\/2021\/07\/FD0402-vivaldi-300x425.jpg\" class=\"woo-entry-image-main\" alt=\"6 sonates pour fl\u00fbte \u00e0 bec &#8211; Antonio Vivaldi\" itemprop=\"image\" srcset=\"https:\/\/dhalmann.fr\/music\/wp-content\/uploads\/2021\/07\/FD0402-vivaldi-300x425.jpg 300w, https:\/\/dhalmann.fr\/music\/wp-content\/uploads\/2021\/07\/FD0402-vivaldi-64x91.jpg 64w, https:\/\/dhalmann.fr\/music\/wp-content\/uploads\/2021\/07\/FD0402-vivaldi-212x300.jpg 212w, https:\/\/dhalmann.fr\/music\/wp-content\/uploads\/2021\/07\/FD0402-vivaldi-416x589.jpg 416w, https:\/\/dhalmann.fr\/music\/wp-content\/uploads\/2021\/07\/FD0402-vivaldi.jpg 597w\" sizes=\"(max-width: 300px) 100vw, 300px\" \/><img decoding=\"async\" width=\"300\" height=\"425\" src=\"https:\/\/dhalmann.fr\/music\/wp-content\/uploads\/2021\/09\/fd0402_03-300x425.jpg\" class=\"woo-entry-image-secondary\" alt=\"6 sonates pour fl\u00fbte \u00e0 bec &#8211; Antonio Vivaldi\" itemprop=\"image\" srcset=\"https:\/\/dhalmann.fr\/music\/wp-content\/uploads\/2021\/09\/fd0402_03-300x425.jpg 300w, https:\/\/dhalmann.fr\/music\/wp-content\/uploads\/2021\/09\/fd0402_03-600x849.jpg 600w, https:\/\/dhalmann.fr\/music\/wp-content\/uploads\/2021\/09\/fd0402_03-64x91.jpg 64w, https:\/\/dhalmann.fr\/music\/wp-content\/uploads\/2021\/09\/fd0402_03-212x300.jpg 212w, https:\/\/dhalmann.fr\/music\/wp-content\/uploads\/2021\/09\/fd0402_03-724x1024.jpg 724w, https:\/\/dhalmann.fr\/music\/wp-content\/uploads\/2021\/09\/fd0402_03.jpg 744w\" sizes=\"(max-width: 300px) 100vw, 300px\" \/><\/a><a href=\"#\" id=\"product_id_658\" class=\"owp-quick-view\" data-product_id=\"658\" aria-label=\"Pr\u00e9visualiser rapidement le produit 6 sonates pour fl\u00fbte \u00e0 bec - Antonio Vivaldi\"><i class=\" icon-eye\" aria-hidden=\"true\" role=\"img\"><\/i> Vue rapide<\/a>\t<\/div><!-- .woo-entry-image-swap -->\r\n\r\n<ul class=\"woo-entry-inner clr\"><li class=\"image-wrap\">\r\n\t<div class=\"woo-entry-image-swap woo-entry-image clr\">\r\n\t\t<a href=\"https:\/\/dhalmann.fr\/music\/produit\/6-sonates-pour-flute-a-bec-vivaldi-antonio\/\" class=\"woocommerce-LoopProduct-link\"><img decoding=\"async\" width=\"300\" height=\"425\" src=\"https:\/\/dhalmann.fr\/music\/wp-content\/uploads\/2021\/07\/FD0402-vivaldi-300x425.jpg\" class=\"woo-entry-image-main\" alt=\"6 sonates pour fl\u00fbte \u00e0 bec &#8211; Antonio Vivaldi\" itemprop=\"image\" srcset=\"https:\/\/dhalmann.fr\/music\/wp-content\/uploads\/2021\/07\/FD0402-vivaldi-300x425.jpg 300w, https:\/\/dhalmann.fr\/music\/wp-content\/uploads\/2021\/07\/FD0402-vivaldi-64x91.jpg 64w, https:\/\/dhalmann.fr\/music\/wp-content\/uploads\/2021\/07\/FD0402-vivaldi-212x300.jpg 212w, https:\/\/dhalmann.fr\/music\/wp-content\/uploads\/2021\/07\/FD0402-vivaldi-416x589.jpg 416w, https:\/\/dhalmann.fr\/music\/wp-content\/uploads\/2021\/07\/FD0402-vivaldi.jpg 597w\" sizes=\"(max-width: 300px) 100vw, 300px\" \/><img decoding=\"async\" width=\"300\" height=\"425\" src=\"https:\/\/dhalmann.fr\/music\/wp-content\/uploads\/2021\/09\/fd0402_03-300x425.jpg\" class=\"woo-entry-image-secondary\" alt=\"6 sonates pour fl\u00fbte \u00e0 bec &#8211; Antonio Vivaldi\" itemprop=\"image\" srcset=\"https:\/\/dhalmann.fr\/music\/wp-content\/uploads\/2021\/09\/fd0402_03-300x425.jpg 300w, https:\/\/dhalmann.fr\/music\/wp-content\/uploads\/2021\/09\/fd0402_03-600x849.jpg 600w, https:\/\/dhalmann.fr\/music\/wp-content\/uploads\/2021\/09\/fd0402_03-64x91.jpg 64w, https:\/\/dhalmann.fr\/music\/wp-content\/uploads\/2021\/09\/fd0402_03-212x300.jpg 212w, https:\/\/dhalmann.fr\/music\/wp-content\/uploads\/2021\/09\/fd0402_03-724x1024.jpg 724w, https:\/\/dhalmann.fr\/music\/wp-content\/uploads\/2021\/09\/fd0402_03.jpg 744w\" sizes=\"(max-width: 300px) 100vw, 300px\" \/><\/a><a href=\"#\" id=\"product_id_658\" class=\"owp-quick-view\" data-product_id=\"658\" aria-label=\"Pr\u00e9visualiser rapidement le produit 6 sonates pour fl\u00fbte \u00e0 bec - Antonio Vivaldi\"><i class=\" icon-eye\" aria-hidden=\"true\" role=\"img\"><\/i> Vue rapide<\/a>\t<\/div><!-- .woo-entry-image-swap -->\r\n\r\n<\/li><li class=\"category\"><a href=\"https:\/\/dhalmann.fr\/music\/product-category\/instrument\/instruments-anciens\/flute-bec\/\" rel=\"tag\">Fl\u00fbte \u00e0 bec<\/a>, <a href=\"https:\/\/dhalmann.fr\/music\/product-category\/formation\/solo\/\" rel=\"tag\">Solo<\/a>, <a href=\"https:\/\/dhalmann.fr\/music\/product-category\/auteurs\/vivaldi-antonio\/\" rel=\"tag\">Vivaldi Antonio<\/a><\/li><li class=\"title\"><h2><a href=\"https:\/\/dhalmann.fr\/music\/produit\/6-sonates-pour-flute-a-bec-vivaldi-antonio\/\">6 sonates pour fl\u00fbte \u00e0 bec &#8211; Antonio Vivaldi<\/a><\/h2><\/li><li class=\"price-wrap\">\n\t<span class=\"price\"><span class=\"woocommerce-Price-amount amount\"><bdi>16,70<span class=\"woocommerce-Price-currencySymbol\">&euro;<\/span><\/bdi><\/span><\/span>\n<\/li><li class=\"btn-wrap clr\"><a href=\"https:\/\/dhalmann.fr\/music\/produit\/6-sonates-pour-flute-a-bec-vivaldi-antonio\/\" aria-describedby=\"woocommerce_loop_add_to_cart_link_describedby_658\" data-quantity=\"1\" class=\"button product_type_variable add_to_cart_button\" data-product_id=\"658\" data-product_sku=\"FD0402\" aria-label=\"S\u00e9lectionner les options pour &ldquo;6 sonates pour fl\u00fbte \u00e0 bec - Antonio Vivaldi&rdquo;\" rel=\"nofollow\">Choix des options<\/a>\t<span id=\"woocommerce_loop_add_to_cart_link_describedby_658\" class=\"screen-reader-text\">\n\t\tCe produit a plusieurs variations. Les options peuvent \u00eatre choisies sur la page du produit\t<\/span>\n<\/li><\/ul><\/div><!-- .product-inner .clr --><\/li>\n<li class=\"entry has-media add-to-wishlist-before_image has-product-nav col span_1_of_3 owp-content-center owp-thumbs-layout-horizontal owp-btn-normal owp-tabs-layout-horizontal product type-product post-18 status-publish instock product_cat-muller-richard product_cat-solo product_cat-vibraphone has-post-thumbnail taxable shipping-taxable purchasable product-type-variable\">\n\t\n<div\n\tclass=\"yith-wcwl-add-to-wishlist add-to-wishlist-18 yith-wcwl-add-to-wishlist--link-style wishlist-fragment on-first-load\"\n\tdata-fragment-ref=\"18\"\n\tdata-fragment-options=\"{&quot;base_url&quot;:&quot;&quot;,&quot;product_id&quot;:18,&quot;parent_product_id&quot;:0,&quot;product_type&quot;:&quot;variable&quot;,&quot;is_single&quot;:false,&quot;in_default_wishlist&quot;:false,&quot;show_view&quot;:false,&quot;browse_wishlist_text&quot;:&quot;Voir la liste des favoris&quot;,&quot;already_in_wishslist_text&quot;:&quot;Le produit est d\\u00e9j\\u00e0 dans vos favoris\\u00a0!&quot;,&quot;product_added_text&quot;:&quot;Produit ajout\\u00e9 \\u00e0 vos favoris !&quot;,&quot;available_multi_wishlist&quot;:false,&quot;disable_wishlist&quot;:false,&quot;show_count&quot;:false,&quot;ajax_loading&quot;:false,&quot;loop_position&quot;:&quot;before_image&quot;,&quot;item&quot;:&quot;add_to_wishlist&quot;}\"\n>\n\t<\/div>\n<div class=\"product-inner clr\">\r\n\t<div class=\"woo-entry-image-swap woo-entry-image clr\">\r\n\t\t<a href=\"https:\/\/dhalmann.fr\/music\/produit\/a-golden-handshake-muller-richard\/\" class=\"woocommerce-LoopProduct-link\"><img decoding=\"async\" width=\"300\" height=\"424\" src=\"https:\/\/dhalmann.fr\/music\/wp-content\/uploads\/2021\/07\/FD0006-Golden-300x424.jpg\" class=\"woo-entry-image-main\" alt=\"A Golden Handshake &#8211; Richard Muller\" itemprop=\"image\" srcset=\"https:\/\/dhalmann.fr\/music\/wp-content\/uploads\/2021\/07\/FD0006-Golden-300x424.jpg 300w, https:\/\/dhalmann.fr\/music\/wp-content\/uploads\/2021\/07\/FD0006-Golden-600x849.jpg 600w, https:\/\/dhalmann.fr\/music\/wp-content\/uploads\/2021\/07\/FD0006-Golden-64x91.jpg 64w, https:\/\/dhalmann.fr\/music\/wp-content\/uploads\/2021\/07\/FD0006-Golden-212x300.jpg 212w, https:\/\/dhalmann.fr\/music\/wp-content\/uploads\/2021\/07\/FD0006-Golden.jpg 707w\" sizes=\"(max-width: 300px) 100vw, 300px\" \/><img decoding=\"async\" width=\"300\" height=\"424\" src=\"https:\/\/dhalmann.fr\/music\/wp-content\/uploads\/2021\/08\/FD0006_02-300x424.jpg\" class=\"woo-entry-image-secondary\" alt=\"A Golden Handshake &#8211; Richard Muller\" itemprop=\"image\" srcset=\"https:\/\/dhalmann.fr\/music\/wp-content\/uploads\/2021\/08\/FD0006_02-300x424.jpg 300w, https:\/\/dhalmann.fr\/music\/wp-content\/uploads\/2021\/08\/FD0006_02-600x848.jpg 600w, https:\/\/dhalmann.fr\/music\/wp-content\/uploads\/2021\/08\/FD0006_02-64x90.jpg 64w, https:\/\/dhalmann.fr\/music\/wp-content\/uploads\/2021\/08\/FD0006_02-212x300.jpg 212w, https:\/\/dhalmann.fr\/music\/wp-content\/uploads\/2021\/08\/FD0006_02-725x1024.jpg 725w, https:\/\/dhalmann.fr\/music\/wp-content\/uploads\/2021\/08\/FD0006_02-768x1085.jpg 768w, https:\/\/dhalmann.fr\/music\/wp-content\/uploads\/2021\/08\/FD0006_02.jpg 794w\" sizes=\"(max-width: 300px) 100vw, 300px\" \/><\/a><a href=\"#\" id=\"product_id_18\" class=\"owp-quick-view\" data-product_id=\"18\" aria-label=\"Pr\u00e9visualiser rapidement le produit A Golden Handshake - Richard Muller\"><i class=\" icon-eye\" aria-hidden=\"true\" role=\"img\"><\/i> Vue rapide<\/a>\t<\/div><!-- .woo-entry-image-swap -->\r\n\r\n<ul class=\"woo-entry-inner clr\"><li class=\"image-wrap\">\r\n\t<div class=\"woo-entry-image-swap woo-entry-image clr\">\r\n\t\t<a href=\"https:\/\/dhalmann.fr\/music\/produit\/a-golden-handshake-muller-richard\/\" class=\"woocommerce-LoopProduct-link\"><img decoding=\"async\" width=\"300\" height=\"424\" src=\"https:\/\/dhalmann.fr\/music\/wp-content\/uploads\/2021\/07\/FD0006-Golden-300x424.jpg\" class=\"woo-entry-image-main\" alt=\"A Golden Handshake &#8211; Richard Muller\" itemprop=\"image\" srcset=\"https:\/\/dhalmann.fr\/music\/wp-content\/uploads\/2021\/07\/FD0006-Golden-300x424.jpg 300w, https:\/\/dhalmann.fr\/music\/wp-content\/uploads\/2021\/07\/FD0006-Golden-600x849.jpg 600w, https:\/\/dhalmann.fr\/music\/wp-content\/uploads\/2021\/07\/FD0006-Golden-64x91.jpg 64w, https:\/\/dhalmann.fr\/music\/wp-content\/uploads\/2021\/07\/FD0006-Golden-212x300.jpg 212w, https:\/\/dhalmann.fr\/music\/wp-content\/uploads\/2021\/07\/FD0006-Golden.jpg 707w\" sizes=\"(max-width: 300px) 100vw, 300px\" \/><img decoding=\"async\" width=\"300\" height=\"424\" src=\"https:\/\/dhalmann.fr\/music\/wp-content\/uploads\/2021\/08\/FD0006_02-300x424.jpg\" class=\"woo-entry-image-secondary\" alt=\"A Golden Handshake &#8211; Richard Muller\" itemprop=\"image\" srcset=\"https:\/\/dhalmann.fr\/music\/wp-content\/uploads\/2021\/08\/FD0006_02-300x424.jpg 300w, https:\/\/dhalmann.fr\/music\/wp-content\/uploads\/2021\/08\/FD0006_02-600x848.jpg 600w, https:\/\/dhalmann.fr\/music\/wp-content\/uploads\/2021\/08\/FD0006_02-64x90.jpg 64w, https:\/\/dhalmann.fr\/music\/wp-content\/uploads\/2021\/08\/FD0006_02-212x300.jpg 212w, https:\/\/dhalmann.fr\/music\/wp-content\/uploads\/2021\/08\/FD0006_02-725x1024.jpg 725w, https:\/\/dhalmann.fr\/music\/wp-content\/uploads\/2021\/08\/FD0006_02-768x1085.jpg 768w, https:\/\/dhalmann.fr\/music\/wp-content\/uploads\/2021\/08\/FD0006_02.jpg 794w\" sizes=\"(max-width: 300px) 100vw, 300px\" \/><\/a><a href=\"#\" id=\"product_id_18\" class=\"owp-quick-view\" data-product_id=\"18\" aria-label=\"Pr\u00e9visualiser rapidement le produit A Golden Handshake - Richard Muller\"><i class=\" icon-eye\" aria-hidden=\"true\" role=\"img\"><\/i> Vue rapide<\/a>\t<\/div><!-- .woo-entry-image-swap -->\r\n\r\n<\/li><li class=\"category\"><a href=\"https:\/\/dhalmann.fr\/music\/product-category\/auteurs\/muller-richard\/\" rel=\"tag\">Muller Richard<\/a>, <a href=\"https:\/\/dhalmann.fr\/music\/product-category\/formation\/solo\/\" rel=\"tag\">Solo<\/a>, <a href=\"https:\/\/dhalmann.fr\/music\/product-category\/instrument\/percussion\/vibraphone\/\" rel=\"tag\">Vibraphone<\/a><\/li><li class=\"title\"><h2><a href=\"https:\/\/dhalmann.fr\/music\/produit\/a-golden-handshake-muller-richard\/\">A Golden Handshake &#8211; Richard Muller<\/a><\/h2><\/li><li class=\"price-wrap\">\n\t<span class=\"price\"><span class=\"woocommerce-Price-amount amount\"><bdi>10,30<span class=\"woocommerce-Price-currencySymbol\">&euro;<\/span><\/bdi><\/span><\/span>\n<\/li><li class=\"btn-wrap clr\"><a href=\"https:\/\/dhalmann.fr\/music\/produit\/a-golden-handshake-muller-richard\/\" aria-describedby=\"woocommerce_loop_add_to_cart_link_describedby_18\" data-quantity=\"1\" class=\"button product_type_variable add_to_cart_button\" data-product_id=\"18\" data-product_sku=\"FD0006\" aria-label=\"S\u00e9lectionner les options pour &ldquo;A Golden Handshake - Richard Muller&rdquo;\" rel=\"nofollow\">Choix des options<\/a>\t<span id=\"woocommerce_loop_add_to_cart_link_describedby_18\" class=\"screen-reader-text\">\n\t\tCe produit a plusieurs variations. Les options peuvent \u00eatre choisies sur la page du produit\t<\/span>\n<\/li><\/ul><\/div><!-- .product-inner .clr --><\/li>\n<li class=\"entry has-media add-to-wishlist-before_image has-product-nav col span_1_of_3 owp-content-center owp-thumbs-layout-horizontal owp-btn-normal owp-tabs-layout-horizontal product type-product post-127 status-publish last instock product_cat-famelart-regis product_cat-multipercussion product_cat-solo has-post-thumbnail taxable shipping-taxable purchasable product-type-variable\">\n\t\n<div\n\tclass=\"yith-wcwl-add-to-wishlist add-to-wishlist-127 yith-wcwl-add-to-wishlist--link-style wishlist-fragment on-first-load\"\n\tdata-fragment-ref=\"127\"\n\tdata-fragment-options=\"{&quot;base_url&quot;:&quot;&quot;,&quot;product_id&quot;:127,&quot;parent_product_id&quot;:0,&quot;product_type&quot;:&quot;variable&quot;,&quot;is_single&quot;:false,&quot;in_default_wishlist&quot;:false,&quot;show_view&quot;:false,&quot;browse_wishlist_text&quot;:&quot;Voir la liste des favoris&quot;,&quot;already_in_wishslist_text&quot;:&quot;Le produit est d\\u00e9j\\u00e0 dans vos favoris\\u00a0!&quot;,&quot;product_added_text&quot;:&quot;Produit ajout\\u00e9 \\u00e0 vos favoris !&quot;,&quot;available_multi_wishlist&quot;:false,&quot;disable_wishlist&quot;:false,&quot;show_count&quot;:false,&quot;ajax_loading&quot;:false,&quot;loop_position&quot;:&quot;before_image&quot;,&quot;item&quot;:&quot;add_to_wishlist&quot;}\"\n>\n\t<\/div>\n<div class=\"product-inner clr\">\r\n\t<div class=\"woo-entry-image-swap woo-entry-image clr\">\r\n\t\t<a href=\"https:\/\/dhalmann.fr\/music\/produit\/an-hoy-famelart-regis\/\" class=\"woocommerce-LoopProduct-link\"><img decoding=\"async\" width=\"300\" height=\"420\" src=\"https:\/\/dhalmann.fr\/music\/wp-content\/uploads\/2021\/07\/FD0076-an-hoy-300x420.jpg\" class=\"woo-entry-image-main\" alt=\"An-Hoy &#8211; Regis Famelart\" itemprop=\"image\" srcset=\"https:\/\/dhalmann.fr\/music\/wp-content\/uploads\/2021\/07\/FD0076-an-hoy-300x420.jpg 300w, https:\/\/dhalmann.fr\/music\/wp-content\/uploads\/2021\/07\/FD0076-an-hoy-64x90.jpg 64w, https:\/\/dhalmann.fr\/music\/wp-content\/uploads\/2021\/07\/FD0076-an-hoy-214x300.jpg 214w, https:\/\/dhalmann.fr\/music\/wp-content\/uploads\/2021\/07\/FD0076-an-hoy.jpg 399w\" sizes=\"(max-width: 300px) 100vw, 300px\" \/><img decoding=\"async\" width=\"300\" height=\"424\" src=\"https:\/\/dhalmann.fr\/music\/wp-content\/uploads\/2021\/08\/FD0076_02-300x424.jpg\" class=\"woo-entry-image-secondary\" alt=\"An-Hoy &#8211; Regis Famelart\" itemprop=\"image\" srcset=\"https:\/\/dhalmann.fr\/music\/wp-content\/uploads\/2021\/08\/FD0076_02-300x424.jpg 300w, https:\/\/dhalmann.fr\/music\/wp-content\/uploads\/2021\/08\/FD0076_02-600x848.jpg 600w, https:\/\/dhalmann.fr\/music\/wp-content\/uploads\/2021\/08\/FD0076_02-64x90.jpg 64w, https:\/\/dhalmann.fr\/music\/wp-content\/uploads\/2021\/08\/FD0076_02-212x300.jpg 212w, https:\/\/dhalmann.fr\/music\/wp-content\/uploads\/2021\/08\/FD0076_02-725x1024.jpg 725w, https:\/\/dhalmann.fr\/music\/wp-content\/uploads\/2021\/08\/FD0076_02-768x1085.jpg 768w, https:\/\/dhalmann.fr\/music\/wp-content\/uploads\/2021\/08\/FD0076_02.jpg 794w\" sizes=\"(max-width: 300px) 100vw, 300px\" \/><\/a><a href=\"#\" id=\"product_id_127\" class=\"owp-quick-view\" data-product_id=\"127\" aria-label=\"Pr\u00e9visualiser rapidement le produit An-Hoy - Regis Famelart\"><i class=\" icon-eye\" aria-hidden=\"true\" role=\"img\"><\/i> Vue rapide<\/a>\t<\/div><!-- .woo-entry-image-swap -->\r\n\r\n<ul class=\"woo-entry-inner clr\"><li class=\"image-wrap\">\r\n\t<div class=\"woo-entry-image-swap woo-entry-image clr\">\r\n\t\t<a href=\"https:\/\/dhalmann.fr\/music\/produit\/an-hoy-famelart-regis\/\" class=\"woocommerce-LoopProduct-link\"><img decoding=\"async\" width=\"300\" height=\"420\" src=\"https:\/\/dhalmann.fr\/music\/wp-content\/uploads\/2021\/07\/FD0076-an-hoy-300x420.jpg\" class=\"woo-entry-image-main\" alt=\"An-Hoy &#8211; Regis Famelart\" itemprop=\"image\" srcset=\"https:\/\/dhalmann.fr\/music\/wp-content\/uploads\/2021\/07\/FD0076-an-hoy-300x420.jpg 300w, https:\/\/dhalmann.fr\/music\/wp-content\/uploads\/2021\/07\/FD0076-an-hoy-64x90.jpg 64w, https:\/\/dhalmann.fr\/music\/wp-content\/uploads\/2021\/07\/FD0076-an-hoy-214x300.jpg 214w, https:\/\/dhalmann.fr\/music\/wp-content\/uploads\/2021\/07\/FD0076-an-hoy.jpg 399w\" sizes=\"(max-width: 300px) 100vw, 300px\" \/><img decoding=\"async\" width=\"300\" height=\"424\" src=\"https:\/\/dhalmann.fr\/music\/wp-content\/uploads\/2021\/08\/FD0076_02-300x424.jpg\" class=\"woo-entry-image-secondary\" alt=\"An-Hoy &#8211; Regis Famelart\" itemprop=\"image\" srcset=\"https:\/\/dhalmann.fr\/music\/wp-content\/uploads\/2021\/08\/FD0076_02-300x424.jpg 300w, https:\/\/dhalmann.fr\/music\/wp-content\/uploads\/2021\/08\/FD0076_02-600x848.jpg 600w, https:\/\/dhalmann.fr\/music\/wp-content\/uploads\/2021\/08\/FD0076_02-64x90.jpg 64w, https:\/\/dhalmann.fr\/music\/wp-content\/uploads\/2021\/08\/FD0076_02-212x300.jpg 212w, https:\/\/dhalmann.fr\/music\/wp-content\/uploads\/2021\/08\/FD0076_02-725x1024.jpg 725w, https:\/\/dhalmann.fr\/music\/wp-content\/uploads\/2021\/08\/FD0076_02-768x1085.jpg 768w, https:\/\/dhalmann.fr\/music\/wp-content\/uploads\/2021\/08\/FD0076_02.jpg 794w\" sizes=\"(max-width: 300px) 100vw, 300px\" \/><\/a><a href=\"#\" id=\"product_id_127\" class=\"owp-quick-view\" data-product_id=\"127\" aria-label=\"Pr\u00e9visualiser rapidement le produit An-Hoy - Regis Famelart\"><i class=\" icon-eye\" aria-hidden=\"true\" role=\"img\"><\/i> Vue rapide<\/a>\t<\/div><!-- .woo-entry-image-swap -->\r\n\r\n<\/li><li class=\"category\"><a href=\"https:\/\/dhalmann.fr\/music\/product-category\/auteurs\/famelart-regis\/\" rel=\"tag\">Famelart Regis<\/a>, <a href=\"https:\/\/dhalmann.fr\/music\/product-category\/instrument\/percussion\/multipercussion\/\" rel=\"tag\">Multi-percussion<\/a>, <a href=\"https:\/\/dhalmann.fr\/music\/product-category\/formation\/solo\/\" rel=\"tag\">Solo<\/a><\/li><li class=\"title\"><h2><a href=\"https:\/\/dhalmann.fr\/music\/produit\/an-hoy-famelart-regis\/\">An-Hoy &#8211; Regis Famelart<\/a><\/h2><\/li><li class=\"price-wrap\">\n\t<span class=\"price\"><span class=\"woocommerce-Price-amount amount\"><bdi>12,80<span class=\"woocommerce-Price-currencySymbol\">&euro;<\/span><\/bdi><\/span><\/span>\n<\/li><li class=\"btn-wrap clr\"><a href=\"https:\/\/dhalmann.fr\/music\/produit\/an-hoy-famelart-regis\/\" aria-describedby=\"woocommerce_loop_add_to_cart_link_describedby_127\" data-quantity=\"1\" class=\"button product_type_variable add_to_cart_button\" data-product_id=\"127\" data-product_sku=\"FD0076\" aria-label=\"S\u00e9lectionner les options pour &ldquo;An-Hoy - Regis Famelart&rdquo;\" rel=\"nofollow\">Choix des options<\/a>\t<span id=\"woocommerce_loop_add_to_cart_link_describedby_127\" class=\"screen-reader-text\">\n\t\tCe produit a plusieurs variations. Les options peuvent \u00eatre choisies sur la page du produit\t<\/span>\n<\/li><\/ul><\/div><!-- .product-inner .clr --><\/li>\n<li class=\"entry has-media add-to-wishlist-before_image has-product-nav col span_1_of_3 owp-content-center owp-thumbs-layout-horizontal owp-btn-normal owp-tabs-layout-horizontal product type-product post-327 status-publish first instock product_cat-clavecin product_cat-claviers product_cat-divers-auteurs product_cat-solo has-post-thumbnail taxable shipping-taxable purchasable product-type-variable\">\n\t\n<div\n\tclass=\"yith-wcwl-add-to-wishlist add-to-wishlist-327 yith-wcwl-add-to-wishlist--link-style wishlist-fragment on-first-load\"\n\tdata-fragment-ref=\"327\"\n\tdata-fragment-options=\"{&quot;base_url&quot;:&quot;&quot;,&quot;product_id&quot;:327,&quot;parent_product_id&quot;:0,&quot;product_type&quot;:&quot;variable&quot;,&quot;is_single&quot;:false,&quot;in_default_wishlist&quot;:false,&quot;show_view&quot;:false,&quot;browse_wishlist_text&quot;:&quot;Voir la liste des favoris&quot;,&quot;already_in_wishslist_text&quot;:&quot;Le produit est d\\u00e9j\\u00e0 dans vos favoris\\u00a0!&quot;,&quot;product_added_text&quot;:&quot;Produit ajout\\u00e9 \\u00e0 vos favoris !&quot;,&quot;available_multi_wishlist&quot;:false,&quot;disable_wishlist&quot;:false,&quot;show_count&quot;:false,&quot;ajax_loading&quot;:false,&quot;loop_position&quot;:&quot;before_image&quot;,&quot;item&quot;:&quot;add_to_wishlist&quot;}\"\n>\n\t<\/div>\n<div class=\"product-inner clr\">\r\n\t<div class=\"woo-entry-image-swap woo-entry-image clr\">\r\n\t\t<a href=\"https:\/\/dhalmann.fr\/music\/produit\/clavecin-cycle-1-divers-auteurs\/\" class=\"woocommerce-LoopProduct-link\"><img decoding=\"async\" width=\"300\" height=\"425\" src=\"https:\/\/dhalmann.fr\/music\/wp-content\/uploads\/2021\/07\/FD0187-clavecin-cycle-1_2-300x425.webp\" class=\"woo-entry-image-main\" alt=\"Clavecin, cycle 1 &#8211; Divers Auteurs\" itemprop=\"image\" srcset=\"https:\/\/dhalmann.fr\/music\/wp-content\/uploads\/2021\/07\/FD0187-clavecin-cycle-1_2-300x425.webp 300w, https:\/\/dhalmann.fr\/music\/wp-content\/uploads\/2021\/07\/FD0187-clavecin-cycle-1_2-212x300.webp 212w, https:\/\/dhalmann.fr\/music\/wp-content\/uploads\/2021\/07\/FD0187-clavecin-cycle-1_2-723x1024.webp 723w, https:\/\/dhalmann.fr\/music\/wp-content\/uploads\/2021\/07\/FD0187-clavecin-cycle-1_2-768x1087.webp 768w, https:\/\/dhalmann.fr\/music\/wp-content\/uploads\/2021\/07\/FD0187-clavecin-cycle-1_2-600x849.webp 600w, https:\/\/dhalmann.fr\/music\/wp-content\/uploads\/2021\/07\/FD0187-clavecin-cycle-1_2-64x91.webp 64w, https:\/\/dhalmann.fr\/music\/wp-content\/uploads\/2021\/07\/FD0187-clavecin-cycle-1_2.webp 796w\" sizes=\"(max-width: 300px) 100vw, 300px\" \/><img decoding=\"async\" width=\"300\" height=\"424\" src=\"https:\/\/dhalmann.fr\/music\/wp-content\/uploads\/2021\/08\/FD0187_04-300x424.jpg\" class=\"woo-entry-image-secondary\" alt=\"Clavecin, cycle 1 &#8211; Divers Auteurs\" itemprop=\"image\" srcset=\"https:\/\/dhalmann.fr\/music\/wp-content\/uploads\/2021\/08\/FD0187_04-300x424.jpg 300w, https:\/\/dhalmann.fr\/music\/wp-content\/uploads\/2021\/08\/FD0187_04-600x848.jpg 600w, https:\/\/dhalmann.fr\/music\/wp-content\/uploads\/2021\/08\/FD0187_04-64x90.jpg 64w, https:\/\/dhalmann.fr\/music\/wp-content\/uploads\/2021\/08\/FD0187_04-212x300.jpg 212w, https:\/\/dhalmann.fr\/music\/wp-content\/uploads\/2021\/08\/FD0187_04-725x1024.jpg 725w, https:\/\/dhalmann.fr\/music\/wp-content\/uploads\/2021\/08\/FD0187_04-768x1085.jpg 768w, https:\/\/dhalmann.fr\/music\/wp-content\/uploads\/2021\/08\/FD0187_04.jpg 794w\" sizes=\"(max-width: 300px) 100vw, 300px\" \/><\/a><a href=\"#\" id=\"product_id_327\" class=\"owp-quick-view\" data-product_id=\"327\" aria-label=\"Pr\u00e9visualiser rapidement le produit Clavecin, cycle 1 - Divers Auteurs\"><i class=\" icon-eye\" aria-hidden=\"true\" role=\"img\"><\/i> Vue rapide<\/a>\t<\/div><!-- .woo-entry-image-swap -->\r\n\r\n<ul class=\"woo-entry-inner clr\"><li class=\"image-wrap\">\r\n\t<div class=\"woo-entry-image-swap woo-entry-image clr\">\r\n\t\t<a href=\"https:\/\/dhalmann.fr\/music\/produit\/clavecin-cycle-1-divers-auteurs\/\" class=\"woocommerce-LoopProduct-link\"><img decoding=\"async\" width=\"300\" height=\"425\" src=\"https:\/\/dhalmann.fr\/music\/wp-content\/uploads\/2021\/07\/FD0187-clavecin-cycle-1_2-300x425.webp\" class=\"woo-entry-image-main\" alt=\"Clavecin, cycle 1 &#8211; Divers Auteurs\" itemprop=\"image\" srcset=\"https:\/\/dhalmann.fr\/music\/wp-content\/uploads\/2021\/07\/FD0187-clavecin-cycle-1_2-300x425.webp 300w, https:\/\/dhalmann.fr\/music\/wp-content\/uploads\/2021\/07\/FD0187-clavecin-cycle-1_2-212x300.webp 212w, https:\/\/dhalmann.fr\/music\/wp-content\/uploads\/2021\/07\/FD0187-clavecin-cycle-1_2-723x1024.webp 723w, https:\/\/dhalmann.fr\/music\/wp-content\/uploads\/2021\/07\/FD0187-clavecin-cycle-1_2-768x1087.webp 768w, https:\/\/dhalmann.fr\/music\/wp-content\/uploads\/2021\/07\/FD0187-clavecin-cycle-1_2-600x849.webp 600w, https:\/\/dhalmann.fr\/music\/wp-content\/uploads\/2021\/07\/FD0187-clavecin-cycle-1_2-64x91.webp 64w, https:\/\/dhalmann.fr\/music\/wp-content\/uploads\/2021\/07\/FD0187-clavecin-cycle-1_2.webp 796w\" sizes=\"(max-width: 300px) 100vw, 300px\" \/><img decoding=\"async\" width=\"300\" height=\"424\" src=\"https:\/\/dhalmann.fr\/music\/wp-content\/uploads\/2021\/08\/FD0187_04-300x424.jpg\" class=\"woo-entry-image-secondary\" alt=\"Clavecin, cycle 1 &#8211; Divers Auteurs\" itemprop=\"image\" srcset=\"https:\/\/dhalmann.fr\/music\/wp-content\/uploads\/2021\/08\/FD0187_04-300x424.jpg 300w, https:\/\/dhalmann.fr\/music\/wp-content\/uploads\/2021\/08\/FD0187_04-600x848.jpg 600w, https:\/\/dhalmann.fr\/music\/wp-content\/uploads\/2021\/08\/FD0187_04-64x90.jpg 64w, https:\/\/dhalmann.fr\/music\/wp-content\/uploads\/2021\/08\/FD0187_04-212x300.jpg 212w, https:\/\/dhalmann.fr\/music\/wp-content\/uploads\/2021\/08\/FD0187_04-725x1024.jpg 725w, https:\/\/dhalmann.fr\/music\/wp-content\/uploads\/2021\/08\/FD0187_04-768x1085.jpg 768w, https:\/\/dhalmann.fr\/music\/wp-content\/uploads\/2021\/08\/FD0187_04.jpg 794w\" sizes=\"(max-width: 300px) 100vw, 300px\" \/><\/a><a href=\"#\" id=\"product_id_327\" class=\"owp-quick-view\" data-product_id=\"327\" aria-label=\"Pr\u00e9visualiser rapidement le produit Clavecin, cycle 1 - Divers Auteurs\"><i class=\" icon-eye\" aria-hidden=\"true\" role=\"img\"><\/i> Vue rapide<\/a>\t<\/div><!-- .woo-entry-image-swap -->\r\n\r\n<\/li><li class=\"category\"><a href=\"https:\/\/dhalmann.fr\/music\/product-category\/instrument\/clavecin\/\" rel=\"tag\">Clavecin<\/a>, <a href=\"https:\/\/dhalmann.fr\/music\/product-category\/instrument\/claviers\/\" rel=\"tag\">Claviers<\/a>, <a href=\"https:\/\/dhalmann.fr\/music\/product-category\/auteurs\/divers-auteurs\/\" rel=\"tag\">Divers Auteurs<\/a>, <a href=\"https:\/\/dhalmann.fr\/music\/product-category\/formation\/solo\/\" rel=\"tag\">Solo<\/a><\/li><li class=\"title\"><h2><a href=\"https:\/\/dhalmann.fr\/music\/produit\/clavecin-cycle-1-divers-auteurs\/\">Clavecin, cycle 1 &#8211; Divers Auteurs<\/a><\/h2><\/li><li class=\"price-wrap\">\n\t<span class=\"price\"><span class=\"woocommerce-Price-amount amount\"><bdi>20,20<span class=\"woocommerce-Price-currencySymbol\">&euro;<\/span><\/bdi><\/span><\/span>\n<\/li><li class=\"btn-wrap clr\"><a href=\"https:\/\/dhalmann.fr\/music\/produit\/clavecin-cycle-1-divers-auteurs\/\" aria-describedby=\"woocommerce_loop_add_to_cart_link_describedby_327\" data-quantity=\"1\" class=\"button product_type_variable add_to_cart_button\" data-product_id=\"327\" data-product_sku=\"FD0187\" aria-label=\"S\u00e9lectionner les options pour &ldquo;Clavecin, cycle 1 - Divers Auteurs&rdquo;\" rel=\"nofollow\">Choix des options<\/a>\t<span id=\"woocommerce_loop_add_to_cart_link_describedby_327\" class=\"screen-reader-text\">\n\t\tCe produit a plusieurs variations. Les options peuvent \u00eatre choisies sur la page du produit\t<\/span>\n<\/li><\/ul><\/div><!-- .product-inner .clr --><\/li>\n<li class=\"entry has-media add-to-wishlist-before_image has-product-nav col span_1_of_3 owp-content-center owp-thumbs-layout-horizontal owp-btn-normal owp-tabs-layout-horizontal product type-product post-178 status-publish instock product_cat-feldhandler-jean-christophe product_cat-marimba product_cat-solo product_cat-vibraphone has-post-thumbnail taxable shipping-taxable purchasable product-type-variable\">\n\t\n<div\n\tclass=\"yith-wcwl-add-to-wishlist add-to-wishlist-178 yith-wcwl-add-to-wishlist--link-style wishlist-fragment on-first-load\"\n\tdata-fragment-ref=\"178\"\n\tdata-fragment-options=\"{&quot;base_url&quot;:&quot;&quot;,&quot;product_id&quot;:178,&quot;parent_product_id&quot;:0,&quot;product_type&quot;:&quot;variable&quot;,&quot;is_single&quot;:false,&quot;in_default_wishlist&quot;:false,&quot;show_view&quot;:false,&quot;browse_wishlist_text&quot;:&quot;Voir la liste des favoris&quot;,&quot;already_in_wishslist_text&quot;:&quot;Le produit est d\\u00e9j\\u00e0 dans vos favoris\\u00a0!&quot;,&quot;product_added_text&quot;:&quot;Produit ajout\\u00e9 \\u00e0 vos favoris !&quot;,&quot;available_multi_wishlist&quot;:false,&quot;disable_wishlist&quot;:false,&quot;show_count&quot;:false,&quot;ajax_loading&quot;:false,&quot;loop_position&quot;:&quot;before_image&quot;,&quot;item&quot;:&quot;add_to_wishlist&quot;}\"\n>\n\t<\/div>\n<div class=\"product-inner clr\">\r\n\t<div class=\"woo-entry-image-swap woo-entry-image clr\">\r\n\t\t<a href=\"https:\/\/dhalmann.fr\/music\/produit\/for-the-wind-feldhandler-jean-christophe\/\" class=\"woocommerce-LoopProduct-link\"><img decoding=\"async\" width=\"300\" height=\"420\" src=\"https:\/\/dhalmann.fr\/music\/wp-content\/uploads\/2021\/07\/FD0104-for-the-wind-300x420.jpg\" class=\"woo-entry-image-main\" alt=\"For the Wind &#8211; Jean-Christophe Feldhandler\" itemprop=\"image\" srcset=\"https:\/\/dhalmann.fr\/music\/wp-content\/uploads\/2021\/07\/FD0104-for-the-wind-300x420.jpg 300w, https:\/\/dhalmann.fr\/music\/wp-content\/uploads\/2021\/07\/FD0104-for-the-wind-64x90.jpg 64w, https:\/\/dhalmann.fr\/music\/wp-content\/uploads\/2021\/07\/FD0104-for-the-wind-214x300.jpg 214w, https:\/\/dhalmann.fr\/music\/wp-content\/uploads\/2021\/07\/FD0104-for-the-wind.jpg 399w\" sizes=\"(max-width: 300px) 100vw, 300px\" \/><img decoding=\"async\" width=\"300\" height=\"424\" src=\"https:\/\/dhalmann.fr\/music\/wp-content\/uploads\/2021\/08\/FD0104_01-300x424.jpg\" class=\"woo-entry-image-secondary\" alt=\"For the Wind &#8211; Jean-Christophe Feldhandler\" itemprop=\"image\" srcset=\"https:\/\/dhalmann.fr\/music\/wp-content\/uploads\/2021\/08\/FD0104_01-300x424.jpg 300w, https:\/\/dhalmann.fr\/music\/wp-content\/uploads\/2021\/08\/FD0104_01-600x848.jpg 600w, https:\/\/dhalmann.fr\/music\/wp-content\/uploads\/2021\/08\/FD0104_01-64x90.jpg 64w, https:\/\/dhalmann.fr\/music\/wp-content\/uploads\/2021\/08\/FD0104_01-212x300.jpg 212w, https:\/\/dhalmann.fr\/music\/wp-content\/uploads\/2021\/08\/FD0104_01-725x1024.jpg 725w, https:\/\/dhalmann.fr\/music\/wp-content\/uploads\/2021\/08\/FD0104_01-768x1085.jpg 768w, https:\/\/dhalmann.fr\/music\/wp-content\/uploads\/2021\/08\/FD0104_01.jpg 794w\" sizes=\"(max-width: 300px) 100vw, 300px\" \/><\/a><a href=\"#\" id=\"product_id_178\" class=\"owp-quick-view\" data-product_id=\"178\" aria-label=\"Pr\u00e9visualiser rapidement le produit For the Wind - Jean-Christophe Feldhandler\"><i class=\" icon-eye\" aria-hidden=\"true\" role=\"img\"><\/i> Vue rapide<\/a>\t<\/div><!-- .woo-entry-image-swap -->\r\n\r\n<ul class=\"woo-entry-inner clr\"><li class=\"image-wrap\">\r\n\t<div class=\"woo-entry-image-swap woo-entry-image clr\">\r\n\t\t<a href=\"https:\/\/dhalmann.fr\/music\/produit\/for-the-wind-feldhandler-jean-christophe\/\" class=\"woocommerce-LoopProduct-link\"><img decoding=\"async\" width=\"300\" height=\"420\" src=\"https:\/\/dhalmann.fr\/music\/wp-content\/uploads\/2021\/07\/FD0104-for-the-wind-300x420.jpg\" class=\"woo-entry-image-main\" alt=\"For the Wind &#8211; Jean-Christophe Feldhandler\" itemprop=\"image\" srcset=\"https:\/\/dhalmann.fr\/music\/wp-content\/uploads\/2021\/07\/FD0104-for-the-wind-300x420.jpg 300w, https:\/\/dhalmann.fr\/music\/wp-content\/uploads\/2021\/07\/FD0104-for-the-wind-64x90.jpg 64w, https:\/\/dhalmann.fr\/music\/wp-content\/uploads\/2021\/07\/FD0104-for-the-wind-214x300.jpg 214w, https:\/\/dhalmann.fr\/music\/wp-content\/uploads\/2021\/07\/FD0104-for-the-wind.jpg 399w\" sizes=\"(max-width: 300px) 100vw, 300px\" \/><img decoding=\"async\" width=\"300\" height=\"424\" src=\"https:\/\/dhalmann.fr\/music\/wp-content\/uploads\/2021\/08\/FD0104_01-300x424.jpg\" class=\"woo-entry-image-secondary\" alt=\"For the Wind &#8211; Jean-Christophe Feldhandler\" itemprop=\"image\" srcset=\"https:\/\/dhalmann.fr\/music\/wp-content\/uploads\/2021\/08\/FD0104_01-300x424.jpg 300w, https:\/\/dhalmann.fr\/music\/wp-content\/uploads\/2021\/08\/FD0104_01-600x848.jpg 600w, https:\/\/dhalmann.fr\/music\/wp-content\/uploads\/2021\/08\/FD0104_01-64x90.jpg 64w, https:\/\/dhalmann.fr\/music\/wp-content\/uploads\/2021\/08\/FD0104_01-212x300.jpg 212w, https:\/\/dhalmann.fr\/music\/wp-content\/uploads\/2021\/08\/FD0104_01-725x1024.jpg 725w, https:\/\/dhalmann.fr\/music\/wp-content\/uploads\/2021\/08\/FD0104_01-768x1085.jpg 768w, https:\/\/dhalmann.fr\/music\/wp-content\/uploads\/2021\/08\/FD0104_01.jpg 794w\" sizes=\"(max-width: 300px) 100vw, 300px\" \/><\/a><a href=\"#\" id=\"product_id_178\" class=\"owp-quick-view\" data-product_id=\"178\" aria-label=\"Pr\u00e9visualiser rapidement le produit For the Wind - Jean-Christophe Feldhandler\"><i class=\" icon-eye\" aria-hidden=\"true\" role=\"img\"><\/i> Vue rapide<\/a>\t<\/div><!-- .woo-entry-image-swap -->\r\n\r\n<\/li><li class=\"category\"><a href=\"https:\/\/dhalmann.fr\/music\/product-category\/auteurs\/feldhandler-jean-christophe\/\" rel=\"tag\">Feldhandler Jean-Christophe<\/a>, <a href=\"https:\/\/dhalmann.fr\/music\/product-category\/instrument\/percussion\/marimba\/\" rel=\"tag\">Marimba<\/a>, <a href=\"https:\/\/dhalmann.fr\/music\/product-category\/formation\/solo\/\" rel=\"tag\">Solo<\/a>, <a href=\"https:\/\/dhalmann.fr\/music\/product-category\/instrument\/percussion\/vibraphone\/\" rel=\"tag\">Vibraphone<\/a><\/li><li class=\"title\"><h2><a href=\"https:\/\/dhalmann.fr\/music\/produit\/for-the-wind-feldhandler-jean-christophe\/\">For the Wind &#8211; Jean-Christophe Feldhandler<\/a><\/h2><\/li><li class=\"price-wrap\">\n\t<span class=\"price\"><span class=\"woocommerce-Price-amount amount\"><bdi>15,40<span class=\"woocommerce-Price-currencySymbol\">&euro;<\/span><\/bdi><\/span><\/span>\n<\/li><li class=\"btn-wrap clr\"><a href=\"https:\/\/dhalmann.fr\/music\/produit\/for-the-wind-feldhandler-jean-christophe\/\" aria-describedby=\"woocommerce_loop_add_to_cart_link_describedby_178\" data-quantity=\"1\" class=\"button product_type_variable add_to_cart_button\" data-product_id=\"178\" data-product_sku=\"FD0104\" aria-label=\"S\u00e9lectionner les options pour &ldquo;For the Wind - Jean-Christophe Feldhandler&rdquo;\" rel=\"nofollow\">Choix des options<\/a>\t<span id=\"woocommerce_loop_add_to_cart_link_describedby_178\" class=\"screen-reader-text\">\n\t\tCe produit a plusieurs variations. Les options peuvent \u00eatre choisies sur la page du produit\t<\/span>\n<\/li><\/ul><\/div><!-- .product-inner .clr --><\/li>\n<li class=\"entry has-media add-to-wishlist-before_image has-product-nav col span_1_of_3 owp-content-center owp-thumbs-layout-horizontal owp-btn-normal owp-tabs-layout-horizontal product type-product post-380 status-publish last instock product_cat-clarinette product_cat-giner-bruno product_cat-solo has-post-thumbnail taxable shipping-taxable purchasable product-type-variable\">\n\t\n<div\n\tclass=\"yith-wcwl-add-to-wishlist add-to-wishlist-380 yith-wcwl-add-to-wishlist--link-style wishlist-fragment on-first-load\"\n\tdata-fragment-ref=\"380\"\n\tdata-fragment-options=\"{&quot;base_url&quot;:&quot;&quot;,&quot;product_id&quot;:380,&quot;parent_product_id&quot;:0,&quot;product_type&quot;:&quot;variable&quot;,&quot;is_single&quot;:false,&quot;in_default_wishlist&quot;:false,&quot;show_view&quot;:false,&quot;browse_wishlist_text&quot;:&quot;Voir la liste des favoris&quot;,&quot;already_in_wishslist_text&quot;:&quot;Le produit est d\\u00e9j\\u00e0 dans vos favoris\\u00a0!&quot;,&quot;product_added_text&quot;:&quot;Produit ajout\\u00e9 \\u00e0 vos favoris !&quot;,&quot;available_multi_wishlist&quot;:false,&quot;disable_wishlist&quot;:false,&quot;show_count&quot;:false,&quot;ajax_loading&quot;:false,&quot;loop_position&quot;:&quot;before_image&quot;,&quot;item&quot;:&quot;add_to_wishlist&quot;}\"\n>\n\t<\/div>\n<div class=\"product-inner clr\">\r\n\t<div class=\"woo-entry-image-swap woo-entry-image clr\">\r\n\t\t<a href=\"https:\/\/dhalmann.fr\/music\/produit\/lad-giner-bruno\/\" class=\"woocommerce-LoopProduct-link\"><img decoding=\"async\" width=\"300\" height=\"424\" src=\"https:\/\/dhalmann.fr\/music\/wp-content\/uploads\/2021\/08\/FD0224-lad-300x424.jpg\" class=\"woo-entry-image-main\" alt=\"Lad &#8211; Bruno Giner\" itemprop=\"image\" srcset=\"https:\/\/dhalmann.fr\/music\/wp-content\/uploads\/2021\/08\/FD0224-lad-300x424.jpg 300w, https:\/\/dhalmann.fr\/music\/wp-content\/uploads\/2021\/08\/FD0224-lad-64x90.jpg 64w, https:\/\/dhalmann.fr\/music\/wp-content\/uploads\/2021\/08\/FD0224-lad-212x300.jpg 212w, https:\/\/dhalmann.fr\/music\/wp-content\/uploads\/2021\/08\/FD0224-lad.jpg 399w\" sizes=\"(max-width: 300px) 100vw, 300px\" \/><img decoding=\"async\" width=\"300\" height=\"425\" src=\"https:\/\/dhalmann.fr\/music\/wp-content\/uploads\/2021\/08\/FD0224_01-300x425.jpg\" class=\"woo-entry-image-secondary\" alt=\"Lad &#8211; Bruno Giner\" itemprop=\"image\" srcset=\"https:\/\/dhalmann.fr\/music\/wp-content\/uploads\/2021\/08\/FD0224_01-300x425.jpg 300w, https:\/\/dhalmann.fr\/music\/wp-content\/uploads\/2021\/08\/FD0224_01-600x849.jpg 600w, https:\/\/dhalmann.fr\/music\/wp-content\/uploads\/2021\/08\/FD0224_01-64x91.jpg 64w, https:\/\/dhalmann.fr\/music\/wp-content\/uploads\/2021\/08\/FD0224_01-212x300.jpg 212w, https:\/\/dhalmann.fr\/music\/wp-content\/uploads\/2021\/08\/FD0224_01-724x1024.jpg 724w, https:\/\/dhalmann.fr\/music\/wp-content\/uploads\/2021\/08\/FD0224_01-768x1087.jpg 768w, https:\/\/dhalmann.fr\/music\/wp-content\/uploads\/2021\/08\/FD0224_01.jpg 795w\" sizes=\"(max-width: 300px) 100vw, 300px\" \/><\/a><a href=\"#\" id=\"product_id_380\" class=\"owp-quick-view\" data-product_id=\"380\" aria-label=\"Pr\u00e9visualiser rapidement le produit Lad - Bruno Giner\"><i class=\" icon-eye\" aria-hidden=\"true\" role=\"img\"><\/i> Vue rapide<\/a>\t<\/div><!-- .woo-entry-image-swap -->\r\n\r\n<ul class=\"woo-entry-inner clr\"><li class=\"image-wrap\">\r\n\t<div class=\"woo-entry-image-swap woo-entry-image clr\">\r\n\t\t<a href=\"https:\/\/dhalmann.fr\/music\/produit\/lad-giner-bruno\/\" class=\"woocommerce-LoopProduct-link\"><img decoding=\"async\" width=\"300\" height=\"424\" src=\"https:\/\/dhalmann.fr\/music\/wp-content\/uploads\/2021\/08\/FD0224-lad-300x424.jpg\" class=\"woo-entry-image-main\" alt=\"Lad &#8211; Bruno Giner\" itemprop=\"image\" srcset=\"https:\/\/dhalmann.fr\/music\/wp-content\/uploads\/2021\/08\/FD0224-lad-300x424.jpg 300w, https:\/\/dhalmann.fr\/music\/wp-content\/uploads\/2021\/08\/FD0224-lad-64x90.jpg 64w, https:\/\/dhalmann.fr\/music\/wp-content\/uploads\/2021\/08\/FD0224-lad-212x300.jpg 212w, https:\/\/dhalmann.fr\/music\/wp-content\/uploads\/2021\/08\/FD0224-lad.jpg 399w\" sizes=\"(max-width: 300px) 100vw, 300px\" \/><img decoding=\"async\" width=\"300\" height=\"425\" src=\"https:\/\/dhalmann.fr\/music\/wp-content\/uploads\/2021\/08\/FD0224_01-300x425.jpg\" class=\"woo-entry-image-secondary\" alt=\"Lad &#8211; Bruno Giner\" itemprop=\"image\" srcset=\"https:\/\/dhalmann.fr\/music\/wp-content\/uploads\/2021\/08\/FD0224_01-300x425.jpg 300w, https:\/\/dhalmann.fr\/music\/wp-content\/uploads\/2021\/08\/FD0224_01-600x849.jpg 600w, https:\/\/dhalmann.fr\/music\/wp-content\/uploads\/2021\/08\/FD0224_01-64x91.jpg 64w, https:\/\/dhalmann.fr\/music\/wp-content\/uploads\/2021\/08\/FD0224_01-212x300.jpg 212w, https:\/\/dhalmann.fr\/music\/wp-content\/uploads\/2021\/08\/FD0224_01-724x1024.jpg 724w, https:\/\/dhalmann.fr\/music\/wp-content\/uploads\/2021\/08\/FD0224_01-768x1087.jpg 768w, https:\/\/dhalmann.fr\/music\/wp-content\/uploads\/2021\/08\/FD0224_01.jpg 795w\" sizes=\"(max-width: 300px) 100vw, 300px\" \/><\/a><a href=\"#\" id=\"product_id_380\" class=\"owp-quick-view\" data-product_id=\"380\" aria-label=\"Pr\u00e9visualiser rapidement le produit Lad - Bruno Giner\"><i class=\" icon-eye\" aria-hidden=\"true\" role=\"img\"><\/i> Vue rapide<\/a>\t<\/div><!-- .woo-entry-image-swap -->\r\n\r\n<\/li><li class=\"category\"><a href=\"https:\/\/dhalmann.fr\/music\/product-category\/instrument\/vents\/clarinette\/\" rel=\"tag\">Clarinette<\/a>, <a href=\"https:\/\/dhalmann.fr\/music\/product-category\/auteurs\/giner-bruno\/\" rel=\"tag\">Giner Bruno<\/a>, <a href=\"https:\/\/dhalmann.fr\/music\/product-category\/formation\/solo\/\" rel=\"tag\">Solo<\/a><\/li><li class=\"title\"><h2><a href=\"https:\/\/dhalmann.fr\/music\/produit\/lad-giner-bruno\/\">Lad &#8211; Bruno Giner<\/a><\/h2><\/li><li class=\"price-wrap\">\n\t<span class=\"price\"><span class=\"woocommerce-Price-amount amount\"><bdi>10,30<span class=\"woocommerce-Price-currencySymbol\">&euro;<\/span><\/bdi><\/span><\/span>\n<\/li><li class=\"btn-wrap clr\"><a href=\"https:\/\/dhalmann.fr\/music\/produit\/lad-giner-bruno\/\" aria-describedby=\"woocommerce_loop_add_to_cart_link_describedby_380\" data-quantity=\"1\" class=\"button product_type_variable add_to_cart_button\" data-product_id=\"380\" data-product_sku=\"FD0224\" aria-label=\"S\u00e9lectionner les options pour &ldquo;Lad - Bruno Giner&rdquo;\" rel=\"nofollow\">Choix des options<\/a>\t<span id=\"woocommerce_loop_add_to_cart_link_describedby_380\" class=\"screen-reader-text\">\n\t\tCe produit a plusieurs variations. Les options peuvent \u00eatre choisies sur la page du produit\t<\/span>\n<\/li><\/ul><\/div><!-- .product-inner .clr --><\/li>\n<li class=\"entry has-media add-to-wishlist-before_image has-product-nav col span_1_of_3 owp-content-center owp-thumbs-layout-horizontal owp-btn-normal owp-tabs-layout-horizontal product type-product post-136 status-publish first instock product_cat-marimba product_cat-moerlen-benoit product_cat-solo has-post-thumbnail taxable shipping-taxable purchasable product-type-variable\">\n\t\n<div\n\tclass=\"yith-wcwl-add-to-wishlist add-to-wishlist-136 yith-wcwl-add-to-wishlist--link-style wishlist-fragment on-first-load\"\n\tdata-fragment-ref=\"136\"\n\tdata-fragment-options=\"{&quot;base_url&quot;:&quot;&quot;,&quot;product_id&quot;:136,&quot;parent_product_id&quot;:0,&quot;product_type&quot;:&quot;variable&quot;,&quot;is_single&quot;:false,&quot;in_default_wishlist&quot;:false,&quot;show_view&quot;:false,&quot;browse_wishlist_text&quot;:&quot;Voir la liste des favoris&quot;,&quot;already_in_wishslist_text&quot;:&quot;Le produit est d\\u00e9j\\u00e0 dans vos favoris\\u00a0!&quot;,&quot;product_added_text&quot;:&quot;Produit ajout\\u00e9 \\u00e0 vos favoris !&quot;,&quot;available_multi_wishlist&quot;:false,&quot;disable_wishlist&quot;:false,&quot;show_count&quot;:false,&quot;ajax_loading&quot;:false,&quot;loop_position&quot;:&quot;before_image&quot;,&quot;item&quot;:&quot;add_to_wishlist&quot;}\"\n>\n\t<\/div>\n<div class=\"product-inner clr\">\r\n\t<div class=\"woo-entry-image-swap woo-entry-image clr\">\r\n\t\t<a href=\"https:\/\/dhalmann.fr\/music\/produit\/latigo-moerlen-benoit\/\" class=\"woocommerce-LoopProduct-link\"><img decoding=\"async\" width=\"300\" height=\"420\" src=\"https:\/\/dhalmann.fr\/music\/wp-content\/uploads\/2021\/07\/FD0080-latigo-300x420.jpg\" class=\"woo-entry-image-main\" alt=\"Latigo &#8211; Beno\u00eet Moerlen\" itemprop=\"image\" srcset=\"https:\/\/dhalmann.fr\/music\/wp-content\/uploads\/2021\/07\/FD0080-latigo-300x420.jpg 300w, https:\/\/dhalmann.fr\/music\/wp-content\/uploads\/2021\/07\/FD0080-latigo-64x90.jpg 64w, https:\/\/dhalmann.fr\/music\/wp-content\/uploads\/2021\/07\/FD0080-latigo-214x300.jpg 214w, https:\/\/dhalmann.fr\/music\/wp-content\/uploads\/2021\/07\/FD0080-latigo.jpg 399w\" sizes=\"(max-width: 300px) 100vw, 300px\" \/><img decoding=\"async\" width=\"300\" height=\"424\" src=\"https:\/\/dhalmann.fr\/music\/wp-content\/uploads\/2021\/08\/FD0080_03-300x424.jpg\" class=\"woo-entry-image-secondary\" alt=\"Latigo &#8211; Beno\u00eet Moerlen\" itemprop=\"image\" srcset=\"https:\/\/dhalmann.fr\/music\/wp-content\/uploads\/2021\/08\/FD0080_03-300x424.jpg 300w, https:\/\/dhalmann.fr\/music\/wp-content\/uploads\/2021\/08\/FD0080_03-600x848.jpg 600w, https:\/\/dhalmann.fr\/music\/wp-content\/uploads\/2021\/08\/FD0080_03-64x90.jpg 64w, https:\/\/dhalmann.fr\/music\/wp-content\/uploads\/2021\/08\/FD0080_03-212x300.jpg 212w, https:\/\/dhalmann.fr\/music\/wp-content\/uploads\/2021\/08\/FD0080_03-725x1024.jpg 725w, https:\/\/dhalmann.fr\/music\/wp-content\/uploads\/2021\/08\/FD0080_03-768x1085.jpg 768w, https:\/\/dhalmann.fr\/music\/wp-content\/uploads\/2021\/08\/FD0080_03.jpg 794w\" sizes=\"(max-width: 300px) 100vw, 300px\" \/><\/a><a href=\"#\" id=\"product_id_136\" class=\"owp-quick-view\" data-product_id=\"136\" aria-label=\"Pr\u00e9visualiser rapidement le produit Latigo - Beno\u00eet Moerlen\"><i class=\" icon-eye\" aria-hidden=\"true\" role=\"img\"><\/i> Vue rapide<\/a>\t<\/div><!-- .woo-entry-image-swap -->\r\n\r\n<ul class=\"woo-entry-inner clr\"><li class=\"image-wrap\">\r\n\t<div class=\"woo-entry-image-swap woo-entry-image clr\">\r\n\t\t<a href=\"https:\/\/dhalmann.fr\/music\/produit\/latigo-moerlen-benoit\/\" class=\"woocommerce-LoopProduct-link\"><img decoding=\"async\" width=\"300\" height=\"420\" src=\"https:\/\/dhalmann.fr\/music\/wp-content\/uploads\/2021\/07\/FD0080-latigo-300x420.jpg\" class=\"woo-entry-image-main\" alt=\"Latigo &#8211; Beno\u00eet Moerlen\" itemprop=\"image\" srcset=\"https:\/\/dhalmann.fr\/music\/wp-content\/uploads\/2021\/07\/FD0080-latigo-300x420.jpg 300w, https:\/\/dhalmann.fr\/music\/wp-content\/uploads\/2021\/07\/FD0080-latigo-64x90.jpg 64w, https:\/\/dhalmann.fr\/music\/wp-content\/uploads\/2021\/07\/FD0080-latigo-214x300.jpg 214w, https:\/\/dhalmann.fr\/music\/wp-content\/uploads\/2021\/07\/FD0080-latigo.jpg 399w\" sizes=\"(max-width: 300px) 100vw, 300px\" \/><img decoding=\"async\" width=\"300\" height=\"424\" src=\"https:\/\/dhalmann.fr\/music\/wp-content\/uploads\/2021\/08\/FD0080_03-300x424.jpg\" class=\"woo-entry-image-secondary\" alt=\"Latigo &#8211; Beno\u00eet Moerlen\" itemprop=\"image\" srcset=\"https:\/\/dhalmann.fr\/music\/wp-content\/uploads\/2021\/08\/FD0080_03-300x424.jpg 300w, https:\/\/dhalmann.fr\/music\/wp-content\/uploads\/2021\/08\/FD0080_03-600x848.jpg 600w, https:\/\/dhalmann.fr\/music\/wp-content\/uploads\/2021\/08\/FD0080_03-64x90.jpg 64w, https:\/\/dhalmann.fr\/music\/wp-content\/uploads\/2021\/08\/FD0080_03-212x300.jpg 212w, https:\/\/dhalmann.fr\/music\/wp-content\/uploads\/2021\/08\/FD0080_03-725x1024.jpg 725w, https:\/\/dhalmann.fr\/music\/wp-content\/uploads\/2021\/08\/FD0080_03-768x1085.jpg 768w, https:\/\/dhalmann.fr\/music\/wp-content\/uploads\/2021\/08\/FD0080_03.jpg 794w\" sizes=\"(max-width: 300px) 100vw, 300px\" \/><\/a><a href=\"#\" id=\"product_id_136\" class=\"owp-quick-view\" data-product_id=\"136\" aria-label=\"Pr\u00e9visualiser rapidement le produit Latigo - Beno\u00eet Moerlen\"><i class=\" icon-eye\" aria-hidden=\"true\" role=\"img\"><\/i> Vue rapide<\/a>\t<\/div><!-- .woo-entry-image-swap -->\r\n\r\n<\/li><li class=\"category\"><a href=\"https:\/\/dhalmann.fr\/music\/product-category\/instrument\/percussion\/marimba\/\" rel=\"tag\">Marimba<\/a>, <a href=\"https:\/\/dhalmann.fr\/music\/product-category\/auteurs\/moerlen-benoit\/\" rel=\"tag\">Moerlen Benoit<\/a>, <a href=\"https:\/\/dhalmann.fr\/music\/product-category\/formation\/solo\/\" rel=\"tag\">Solo<\/a><\/li><li class=\"title\"><h2><a href=\"https:\/\/dhalmann.fr\/music\/produit\/latigo-moerlen-benoit\/\">Latigo &#8211; Beno\u00eet Moerlen<\/a><\/h2><\/li><li class=\"price-wrap\">\n\t<span class=\"price\"><span class=\"woocommerce-Price-amount amount\"><bdi>10,30<span class=\"woocommerce-Price-currencySymbol\">&euro;<\/span><\/bdi><\/span><\/span>\n<\/li><li class=\"btn-wrap clr\"><a href=\"https:\/\/dhalmann.fr\/music\/produit\/latigo-moerlen-benoit\/\" aria-describedby=\"woocommerce_loop_add_to_cart_link_describedby_136\" data-quantity=\"1\" class=\"button product_type_variable add_to_cart_button\" data-product_id=\"136\" data-product_sku=\"FD0080\" aria-label=\"S\u00e9lectionner les options pour &ldquo;Latigo - Beno\u00eet Moerlen&rdquo;\" rel=\"nofollow\">Choix des options<\/a>\t<span id=\"woocommerce_loop_add_to_cart_link_describedby_136\" class=\"screen-reader-text\">\n\t\tCe produit a plusieurs variations. Les options peuvent \u00eatre choisies sur la page du produit\t<\/span>\n<\/li><\/ul><\/div><!-- .product-inner .clr --><\/li>\n<li class=\"entry has-media add-to-wishlist-before_image has-product-nav col span_1_of_3 owp-content-center owp-thumbs-layout-horizontal owp-btn-normal owp-tabs-layout-horizontal product type-product post-375 status-publish instock product_cat-avec-piano product_cat-clarinette product_cat-duo product_cat-fischer-eric has-post-thumbnail taxable shipping-taxable purchasable product-type-variable\">\n\t\n<div\n\tclass=\"yith-wcwl-add-to-wishlist add-to-wishlist-375 yith-wcwl-add-to-wishlist--link-style wishlist-fragment on-first-load\"\n\tdata-fragment-ref=\"375\"\n\tdata-fragment-options=\"{&quot;base_url&quot;:&quot;&quot;,&quot;product_id&quot;:375,&quot;parent_product_id&quot;:0,&quot;product_type&quot;:&quot;variable&quot;,&quot;is_single&quot;:false,&quot;in_default_wishlist&quot;:false,&quot;show_view&quot;:false,&quot;browse_wishlist_text&quot;:&quot;Voir la liste des favoris&quot;,&quot;already_in_wishslist_text&quot;:&quot;Le produit est d\\u00e9j\\u00e0 dans vos favoris\\u00a0!&quot;,&quot;product_added_text&quot;:&quot;Produit ajout\\u00e9 \\u00e0 vos favoris !&quot;,&quot;available_multi_wishlist&quot;:false,&quot;disable_wishlist&quot;:false,&quot;show_count&quot;:false,&quot;ajax_loading&quot;:false,&quot;loop_position&quot;:&quot;before_image&quot;,&quot;item&quot;:&quot;add_to_wishlist&quot;}\"\n>\n\t<\/div>\n<div class=\"product-inner clr\">\r\n\t<div class=\"woo-entry-image-swap woo-entry-image clr\">\r\n\t\t<a href=\"https:\/\/dhalmann.fr\/music\/produit\/miniature-8-juin-2009-fischer-eric\/\" class=\"woocommerce-LoopProduct-link\"><img decoding=\"async\" width=\"300\" height=\"424\" src=\"https:\/\/dhalmann.fr\/music\/wp-content\/uploads\/2021\/07\/FD0220-miniature-8-juin-300x424.jpg\" class=\"woo-entry-image-main\" alt=\"Miniature 8 juin 2009 &#8211; Eric Fischer\" itemprop=\"image\" srcset=\"https:\/\/dhalmann.fr\/music\/wp-content\/uploads\/2021\/07\/FD0220-miniature-8-juin-300x424.jpg 300w, https:\/\/dhalmann.fr\/music\/wp-content\/uploads\/2021\/07\/FD0220-miniature-8-juin-64x90.jpg 64w, https:\/\/dhalmann.fr\/music\/wp-content\/uploads\/2021\/07\/FD0220-miniature-8-juin-212x300.jpg 212w, https:\/\/dhalmann.fr\/music\/wp-content\/uploads\/2021\/07\/FD0220-miniature-8-juin.jpg 399w\" sizes=\"(max-width: 300px) 100vw, 300px\" \/><img decoding=\"async\" width=\"300\" height=\"424\" src=\"https:\/\/dhalmann.fr\/music\/wp-content\/uploads\/2021\/08\/FD0220_02-300x424.jpg\" class=\"woo-entry-image-secondary\" alt=\"Miniature 8 juin 2009 &#8211; Eric Fischer\" itemprop=\"image\" srcset=\"https:\/\/dhalmann.fr\/music\/wp-content\/uploads\/2021\/08\/FD0220_02-300x424.jpg 300w, https:\/\/dhalmann.fr\/music\/wp-content\/uploads\/2021\/08\/FD0220_02-600x848.jpg 600w, https:\/\/dhalmann.fr\/music\/wp-content\/uploads\/2021\/08\/FD0220_02-64x90.jpg 64w, https:\/\/dhalmann.fr\/music\/wp-content\/uploads\/2021\/08\/FD0220_02-212x300.jpg 212w, https:\/\/dhalmann.fr\/music\/wp-content\/uploads\/2021\/08\/FD0220_02-725x1024.jpg 725w, https:\/\/dhalmann.fr\/music\/wp-content\/uploads\/2021\/08\/FD0220_02-768x1085.jpg 768w, https:\/\/dhalmann.fr\/music\/wp-content\/uploads\/2021\/08\/FD0220_02.jpg 794w\" sizes=\"(max-width: 300px) 100vw, 300px\" \/><\/a><a href=\"#\" id=\"product_id_375\" class=\"owp-quick-view\" data-product_id=\"375\" aria-label=\"Pr\u00e9visualiser rapidement le produit Miniature 8 juin 2009 - Eric Fischer\"><i class=\" icon-eye\" aria-hidden=\"true\" role=\"img\"><\/i> Vue rapide<\/a>\t<\/div><!-- .woo-entry-image-swap -->\r\n\r\n<ul class=\"woo-entry-inner clr\"><li class=\"image-wrap\">\r\n\t<div class=\"woo-entry-image-swap woo-entry-image clr\">\r\n\t\t<a href=\"https:\/\/dhalmann.fr\/music\/produit\/miniature-8-juin-2009-fischer-eric\/\" class=\"woocommerce-LoopProduct-link\"><img decoding=\"async\" width=\"300\" height=\"424\" src=\"https:\/\/dhalmann.fr\/music\/wp-content\/uploads\/2021\/07\/FD0220-miniature-8-juin-300x424.jpg\" class=\"woo-entry-image-main\" alt=\"Miniature 8 juin 2009 &#8211; Eric Fischer\" itemprop=\"image\" srcset=\"https:\/\/dhalmann.fr\/music\/wp-content\/uploads\/2021\/07\/FD0220-miniature-8-juin-300x424.jpg 300w, https:\/\/dhalmann.fr\/music\/wp-content\/uploads\/2021\/07\/FD0220-miniature-8-juin-64x90.jpg 64w, https:\/\/dhalmann.fr\/music\/wp-content\/uploads\/2021\/07\/FD0220-miniature-8-juin-212x300.jpg 212w, https:\/\/dhalmann.fr\/music\/wp-content\/uploads\/2021\/07\/FD0220-miniature-8-juin.jpg 399w\" sizes=\"(max-width: 300px) 100vw, 300px\" \/><img decoding=\"async\" width=\"300\" height=\"424\" src=\"https:\/\/dhalmann.fr\/music\/wp-content\/uploads\/2021\/08\/FD0220_02-300x424.jpg\" class=\"woo-entry-image-secondary\" alt=\"Miniature 8 juin 2009 &#8211; Eric Fischer\" itemprop=\"image\" srcset=\"https:\/\/dhalmann.fr\/music\/wp-content\/uploads\/2021\/08\/FD0220_02-300x424.jpg 300w, https:\/\/dhalmann.fr\/music\/wp-content\/uploads\/2021\/08\/FD0220_02-600x848.jpg 600w, https:\/\/dhalmann.fr\/music\/wp-content\/uploads\/2021\/08\/FD0220_02-64x90.jpg 64w, https:\/\/dhalmann.fr\/music\/wp-content\/uploads\/2021\/08\/FD0220_02-212x300.jpg 212w, https:\/\/dhalmann.fr\/music\/wp-content\/uploads\/2021\/08\/FD0220_02-725x1024.jpg 725w, https:\/\/dhalmann.fr\/music\/wp-content\/uploads\/2021\/08\/FD0220_02-768x1085.jpg 768w, https:\/\/dhalmann.fr\/music\/wp-content\/uploads\/2021\/08\/FD0220_02.jpg 794w\" sizes=\"(max-width: 300px) 100vw, 300px\" \/><\/a><a href=\"#\" id=\"product_id_375\" class=\"owp-quick-view\" data-product_id=\"375\" aria-label=\"Pr\u00e9visualiser rapidement le produit Miniature 8 juin 2009 - Eric Fischer\"><i class=\" icon-eye\" aria-hidden=\"true\" role=\"img\"><\/i> Vue rapide<\/a>\t<\/div><!-- .woo-entry-image-swap -->\r\n\r\n<\/li><li class=\"category\"><a href=\"https:\/\/dhalmann.fr\/music\/product-category\/formation\/avec-piano\/\" rel=\"tag\">Avec piano<\/a>, <a href=\"https:\/\/dhalmann.fr\/music\/product-category\/instrument\/vents\/clarinette\/\" rel=\"tag\">Clarinette<\/a>, <a href=\"https:\/\/dhalmann.fr\/music\/product-category\/formation\/duo\/\" rel=\"tag\">Duo<\/a>, <a href=\"https:\/\/dhalmann.fr\/music\/product-category\/auteurs\/fischer-eric\/\" rel=\"tag\">Fischer Eric<\/a><\/li><li class=\"title\"><h2><a href=\"https:\/\/dhalmann.fr\/music\/produit\/miniature-8-juin-2009-fischer-eric\/\">Miniature 8 juin 2009 &#8211; Eric Fischer<\/a><\/h2><\/li><li class=\"price-wrap\">\n\t<span class=\"price\"><span class=\"woocommerce-Price-amount amount\"><bdi>10,30<span class=\"woocommerce-Price-currencySymbol\">&euro;<\/span><\/bdi><\/span><\/span>\n<\/li><li class=\"btn-wrap clr\"><a href=\"https:\/\/dhalmann.fr\/music\/produit\/miniature-8-juin-2009-fischer-eric\/\" aria-describedby=\"woocommerce_loop_add_to_cart_link_describedby_375\" data-quantity=\"1\" class=\"button product_type_variable add_to_cart_button\" data-product_id=\"375\" data-product_sku=\"FD0220\" aria-label=\"S\u00e9lectionner les options pour &ldquo;Miniature 8 juin 2009 - Eric Fischer&rdquo;\" rel=\"nofollow\">Choix des options<\/a>\t<span id=\"woocommerce_loop_add_to_cart_link_describedby_375\" class=\"screen-reader-text\">\n\t\tCe produit a plusieurs variations. Les options peuvent \u00eatre choisies sur la page du produit\t<\/span>\n<\/li><\/ul><\/div><!-- .product-inner .clr --><\/li>\n<li class=\"entry has-media add-to-wishlist-before_image has-product-nav col span_1_of_3 owp-content-center owp-thumbs-layout-horizontal owp-btn-normal owp-tabs-layout-horizontal product type-product post-593 status-publish last instock product_cat-caisse-claire product_cat-sauvage-daniel product_cat-solo has-post-thumbnail taxable shipping-taxable purchasable product-type-variable\">\n\t\n<div\n\tclass=\"yith-wcwl-add-to-wishlist add-to-wishlist-593 yith-wcwl-add-to-wishlist--link-style wishlist-fragment on-first-load\"\n\tdata-fragment-ref=\"593\"\n\tdata-fragment-options=\"{&quot;base_url&quot;:&quot;&quot;,&quot;product_id&quot;:593,&quot;parent_product_id&quot;:0,&quot;product_type&quot;:&quot;variable&quot;,&quot;is_single&quot;:false,&quot;in_default_wishlist&quot;:false,&quot;show_view&quot;:false,&quot;browse_wishlist_text&quot;:&quot;Voir la liste des favoris&quot;,&quot;already_in_wishslist_text&quot;:&quot;Le produit est d\\u00e9j\\u00e0 dans vos favoris\\u00a0!&quot;,&quot;product_added_text&quot;:&quot;Produit ajout\\u00e9 \\u00e0 vos favoris !&quot;,&quot;available_multi_wishlist&quot;:false,&quot;disable_wishlist&quot;:false,&quot;show_count&quot;:false,&quot;ajax_loading&quot;:false,&quot;loop_position&quot;:&quot;before_image&quot;,&quot;item&quot;:&quot;add_to_wishlist&quot;}\"\n>\n\t<\/div>\n<div class=\"product-inner clr\">\r\n\t<div class=\"woo-entry-image-swap woo-entry-image clr\">\r\n\t\t<a href=\"https:\/\/dhalmann.fr\/music\/produit\/salamandre-et-berrosmania-sauvage-daniel\/\" class=\"woocommerce-LoopProduct-link\"><img decoding=\"async\" width=\"300\" height=\"425\" src=\"https:\/\/dhalmann.fr\/music\/wp-content\/uploads\/2021\/07\/FD0369-salamandre-300x425.jpg\" class=\"woo-entry-image-main\" alt=\"Salamandre et Berros&#8217;mania &#8211; Daniel Sauvage\" itemprop=\"image\" srcset=\"https:\/\/dhalmann.fr\/music\/wp-content\/uploads\/2021\/07\/FD0369-salamandre-300x425.jpg 300w, https:\/\/dhalmann.fr\/music\/wp-content\/uploads\/2021\/07\/FD0369-salamandre-64x91.jpg 64w, https:\/\/dhalmann.fr\/music\/wp-content\/uploads\/2021\/07\/FD0369-salamandre-212x300.jpg 212w, https:\/\/dhalmann.fr\/music\/wp-content\/uploads\/2021\/07\/FD0369-salamandre-416x589.jpg 416w, https:\/\/dhalmann.fr\/music\/wp-content\/uploads\/2021\/07\/FD0369-salamandre.jpg 597w\" sizes=\"(max-width: 300px) 100vw, 300px\" \/><img decoding=\"async\" width=\"300\" height=\"424\" src=\"https:\/\/dhalmann.fr\/music\/wp-content\/uploads\/2021\/08\/FD0369_02-300x424.jpg\" class=\"woo-entry-image-secondary\" alt=\"Salamandre et Berros&#8217;mania &#8211; Daniel Sauvage\" itemprop=\"image\" srcset=\"https:\/\/dhalmann.fr\/music\/wp-content\/uploads\/2021\/08\/FD0369_02-300x424.jpg 300w, https:\/\/dhalmann.fr\/music\/wp-content\/uploads\/2021\/08\/FD0369_02-600x848.jpg 600w, https:\/\/dhalmann.fr\/music\/wp-content\/uploads\/2021\/08\/FD0369_02-64x90.jpg 64w, https:\/\/dhalmann.fr\/music\/wp-content\/uploads\/2021\/08\/FD0369_02-212x300.jpg 212w, https:\/\/dhalmann.fr\/music\/wp-content\/uploads\/2021\/08\/FD0369_02-725x1024.jpg 725w, https:\/\/dhalmann.fr\/music\/wp-content\/uploads\/2021\/08\/FD0369_02-768x1085.jpg 768w, https:\/\/dhalmann.fr\/music\/wp-content\/uploads\/2021\/08\/FD0369_02.jpg 794w\" sizes=\"(max-width: 300px) 100vw, 300px\" \/><\/a><a href=\"#\" id=\"product_id_593\" class=\"owp-quick-view\" data-product_id=\"593\" aria-label=\"Pr\u00e9visualiser rapidement le produit Salamandre et Berros'mania - Daniel Sauvage\"><i class=\" icon-eye\" aria-hidden=\"true\" role=\"img\"><\/i> Vue rapide<\/a>\t<\/div><!-- .woo-entry-image-swap -->\r\n\r\n<ul class=\"woo-entry-inner clr\"><li class=\"image-wrap\">\r\n\t<div class=\"woo-entry-image-swap woo-entry-image clr\">\r\n\t\t<a href=\"https:\/\/dhalmann.fr\/music\/produit\/salamandre-et-berrosmania-sauvage-daniel\/\" class=\"woocommerce-LoopProduct-link\"><img decoding=\"async\" width=\"300\" height=\"425\" src=\"https:\/\/dhalmann.fr\/music\/wp-content\/uploads\/2021\/07\/FD0369-salamandre-300x425.jpg\" class=\"woo-entry-image-main\" alt=\"Salamandre et Berros&#8217;mania &#8211; Daniel Sauvage\" itemprop=\"image\" srcset=\"https:\/\/dhalmann.fr\/music\/wp-content\/uploads\/2021\/07\/FD0369-salamandre-300x425.jpg 300w, https:\/\/dhalmann.fr\/music\/wp-content\/uploads\/2021\/07\/FD0369-salamandre-64x91.jpg 64w, https:\/\/dhalmann.fr\/music\/wp-content\/uploads\/2021\/07\/FD0369-salamandre-212x300.jpg 212w, https:\/\/dhalmann.fr\/music\/wp-content\/uploads\/2021\/07\/FD0369-salamandre-416x589.jpg 416w, https:\/\/dhalmann.fr\/music\/wp-content\/uploads\/2021\/07\/FD0369-salamandre.jpg 597w\" sizes=\"(max-width: 300px) 100vw, 300px\" \/><img decoding=\"async\" width=\"300\" height=\"424\" src=\"https:\/\/dhalmann.fr\/music\/wp-content\/uploads\/2021\/08\/FD0369_02-300x424.jpg\" class=\"woo-entry-image-secondary\" alt=\"Salamandre et Berros&#8217;mania &#8211; Daniel Sauvage\" itemprop=\"image\" srcset=\"https:\/\/dhalmann.fr\/music\/wp-content\/uploads\/2021\/08\/FD0369_02-300x424.jpg 300w, https:\/\/dhalmann.fr\/music\/wp-content\/uploads\/2021\/08\/FD0369_02-600x848.jpg 600w, https:\/\/dhalmann.fr\/music\/wp-content\/uploads\/2021\/08\/FD0369_02-64x90.jpg 64w, https:\/\/dhalmann.fr\/music\/wp-content\/uploads\/2021\/08\/FD0369_02-212x300.jpg 212w, https:\/\/dhalmann.fr\/music\/wp-content\/uploads\/2021\/08\/FD0369_02-725x1024.jpg 725w, https:\/\/dhalmann.fr\/music\/wp-content\/uploads\/2021\/08\/FD0369_02-768x1085.jpg 768w, https:\/\/dhalmann.fr\/music\/wp-content\/uploads\/2021\/08\/FD0369_02.jpg 794w\" sizes=\"(max-width: 300px) 100vw, 300px\" \/><\/a><a href=\"#\" id=\"product_id_593\" class=\"owp-quick-view\" data-product_id=\"593\" aria-label=\"Pr\u00e9visualiser rapidement le produit Salamandre et Berros'mania - Daniel Sauvage\"><i class=\" icon-eye\" aria-hidden=\"true\" role=\"img\"><\/i> Vue rapide<\/a>\t<\/div><!-- .woo-entry-image-swap -->\r\n\r\n<\/li><li class=\"category\"><a href=\"https:\/\/dhalmann.fr\/music\/product-category\/instrument\/percussion\/caisse-claire\/\" rel=\"tag\">Caisse Claire et tambour<\/a>, <a href=\"https:\/\/dhalmann.fr\/music\/product-category\/auteurs\/sauvage-daniel\/\" rel=\"tag\">Sauvage Daniel<\/a>, <a href=\"https:\/\/dhalmann.fr\/music\/product-category\/formation\/solo\/\" rel=\"tag\">Solo<\/a><\/li><li class=\"title\"><h2><a href=\"https:\/\/dhalmann.fr\/music\/produit\/salamandre-et-berrosmania-sauvage-daniel\/\">Salamandre et Berros&#8217;mania &#8211; Daniel Sauvage<\/a><\/h2><\/li><li class=\"price-wrap\">\n\t<span class=\"price\"><span class=\"woocommerce-Price-amount amount\"><bdi>10,30<span class=\"woocommerce-Price-currencySymbol\">&euro;<\/span><\/bdi><\/span><\/span>\n<\/li><li class=\"btn-wrap clr\"><a href=\"https:\/\/dhalmann.fr\/music\/produit\/salamandre-et-berrosmania-sauvage-daniel\/\" aria-describedby=\"woocommerce_loop_add_to_cart_link_describedby_593\" data-quantity=\"1\" class=\"button product_type_variable add_to_cart_button\" data-product_id=\"593\" data-product_sku=\"FD0369\" aria-label=\"S\u00e9lectionner les options pour &ldquo;Salamandre et Berros&#039;mania - Daniel Sauvage&rdquo;\" rel=\"nofollow\">Choix des options<\/a>\t<span id=\"woocommerce_loop_add_to_cart_link_describedby_593\" class=\"screen-reader-text\">\n\t\tCe produit a plusieurs variations. Les options peuvent \u00eatre choisies sur la page du produit\t<\/span>\n<\/li><\/ul><\/div><!-- .product-inner .clr --><\/li>\n<li class=\"entry has-media add-to-wishlist-before_image has-product-nav col span_1_of_3 owp-content-center owp-thumbs-layout-horizontal owp-btn-normal owp-tabs-layout-horizontal product type-product post-700 status-publish first instock product_cat-alto product_cat-duo product_cat-giner-bruno has-post-thumbnail taxable shipping-taxable purchasable product-type-variable\">\n\t\n<div\n\tclass=\"yith-wcwl-add-to-wishlist add-to-wishlist-700 yith-wcwl-add-to-wishlist--link-style wishlist-fragment on-first-load\"\n\tdata-fragment-ref=\"700\"\n\tdata-fragment-options=\"{&quot;base_url&quot;:&quot;&quot;,&quot;product_id&quot;:700,&quot;parent_product_id&quot;:0,&quot;product_type&quot;:&quot;variable&quot;,&quot;is_single&quot;:false,&quot;in_default_wishlist&quot;:false,&quot;show_view&quot;:false,&quot;browse_wishlist_text&quot;:&quot;Voir la liste des favoris&quot;,&quot;already_in_wishslist_text&quot;:&quot;Le produit est d\\u00e9j\\u00e0 dans vos favoris\\u00a0!&quot;,&quot;product_added_text&quot;:&quot;Produit ajout\\u00e9 \\u00e0 vos favoris !&quot;,&quot;available_multi_wishlist&quot;:false,&quot;disable_wishlist&quot;:false,&quot;show_count&quot;:false,&quot;ajax_loading&quot;:false,&quot;loop_position&quot;:&quot;before_image&quot;,&quot;item&quot;:&quot;add_to_wishlist&quot;}\"\n>\n\t<\/div>\n<div class=\"product-inner clr\">\r\n\t<div class=\"woo-entry-image-swap woo-entry-image clr\">\r\n\t\t<a href=\"https:\/\/dhalmann.fr\/music\/produit\/salt-and-pepper-alto-giner-bruno\/\" class=\"woocommerce-LoopProduct-link\"><img decoding=\"async\" width=\"300\" height=\"436\" src=\"https:\/\/dhalmann.fr\/music\/wp-content\/uploads\/2021\/07\/FD0429-salt-and-pepper-300x436.jpg\" class=\"woo-entry-image-main\" alt=\"Salt and pepper. Alto &#8211; Bruno Giner\" itemprop=\"image\" srcset=\"https:\/\/dhalmann.fr\/music\/wp-content\/uploads\/2021\/07\/FD0429-salt-and-pepper-300x436.jpg 300w, https:\/\/dhalmann.fr\/music\/wp-content\/uploads\/2021\/07\/FD0429-salt-and-pepper-64x93.jpg 64w, https:\/\/dhalmann.fr\/music\/wp-content\/uploads\/2021\/07\/FD0429-salt-and-pepper-207x300.jpg 207w, https:\/\/dhalmann.fr\/music\/wp-content\/uploads\/2021\/07\/FD0429-salt-and-pepper-416x604.jpg 416w, https:\/\/dhalmann.fr\/music\/wp-content\/uploads\/2021\/07\/FD0429-salt-and-pepper.jpg 582w\" sizes=\"(max-width: 300px) 100vw, 300px\" \/><img decoding=\"async\" width=\"300\" height=\"425\" src=\"https:\/\/dhalmann.fr\/music\/wp-content\/uploads\/2021\/08\/fd0429_Page_4-300x425.jpg\" class=\"woo-entry-image-secondary\" alt=\"Salt and pepper. Alto &#8211; Bruno Giner\" itemprop=\"image\" srcset=\"https:\/\/dhalmann.fr\/music\/wp-content\/uploads\/2021\/08\/fd0429_Page_4-300x425.jpg 300w, https:\/\/dhalmann.fr\/music\/wp-content\/uploads\/2021\/08\/fd0429_Page_4-600x849.jpg 600w, https:\/\/dhalmann.fr\/music\/wp-content\/uploads\/2021\/08\/fd0429_Page_4-64x91.jpg 64w, https:\/\/dhalmann.fr\/music\/wp-content\/uploads\/2021\/08\/fd0429_Page_4-212x300.jpg 212w, https:\/\/dhalmann.fr\/music\/wp-content\/uploads\/2021\/08\/fd0429_Page_4-724x1024.jpg 724w, https:\/\/dhalmann.fr\/music\/wp-content\/uploads\/2021\/08\/fd0429_Page_4.jpg 744w\" sizes=\"(max-width: 300px) 100vw, 300px\" \/><\/a><a href=\"#\" id=\"product_id_700\" class=\"owp-quick-view\" data-product_id=\"700\" aria-label=\"Pr\u00e9visualiser rapidement le produit Salt and pepper. Alto - Bruno Giner\"><i class=\" icon-eye\" aria-hidden=\"true\" role=\"img\"><\/i> Vue rapide<\/a>\t<\/div><!-- .woo-entry-image-swap -->\r\n\r\n<ul class=\"woo-entry-inner clr\"><li class=\"image-wrap\">\r\n\t<div class=\"woo-entry-image-swap woo-entry-image clr\">\r\n\t\t<a href=\"https:\/\/dhalmann.fr\/music\/produit\/salt-and-pepper-alto-giner-bruno\/\" class=\"woocommerce-LoopProduct-link\"><img decoding=\"async\" width=\"300\" height=\"436\" src=\"https:\/\/dhalmann.fr\/music\/wp-content\/uploads\/2021\/07\/FD0429-salt-and-pepper-300x436.jpg\" class=\"woo-entry-image-main\" alt=\"Salt and pepper. Alto &#8211; Bruno Giner\" itemprop=\"image\" srcset=\"https:\/\/dhalmann.fr\/music\/wp-content\/uploads\/2021\/07\/FD0429-salt-and-pepper-300x436.jpg 300w, https:\/\/dhalmann.fr\/music\/wp-content\/uploads\/2021\/07\/FD0429-salt-and-pepper-64x93.jpg 64w, https:\/\/dhalmann.fr\/music\/wp-content\/uploads\/2021\/07\/FD0429-salt-and-pepper-207x300.jpg 207w, https:\/\/dhalmann.fr\/music\/wp-content\/uploads\/2021\/07\/FD0429-salt-and-pepper-416x604.jpg 416w, https:\/\/dhalmann.fr\/music\/wp-content\/uploads\/2021\/07\/FD0429-salt-and-pepper.jpg 582w\" sizes=\"(max-width: 300px) 100vw, 300px\" \/><img decoding=\"async\" width=\"300\" height=\"425\" src=\"https:\/\/dhalmann.fr\/music\/wp-content\/uploads\/2021\/08\/fd0429_Page_4-300x425.jpg\" class=\"woo-entry-image-secondary\" alt=\"Salt and pepper. Alto &#8211; Bruno Giner\" itemprop=\"image\" srcset=\"https:\/\/dhalmann.fr\/music\/wp-content\/uploads\/2021\/08\/fd0429_Page_4-300x425.jpg 300w, https:\/\/dhalmann.fr\/music\/wp-content\/uploads\/2021\/08\/fd0429_Page_4-600x849.jpg 600w, https:\/\/dhalmann.fr\/music\/wp-content\/uploads\/2021\/08\/fd0429_Page_4-64x91.jpg 64w, https:\/\/dhalmann.fr\/music\/wp-content\/uploads\/2021\/08\/fd0429_Page_4-212x300.jpg 212w, https:\/\/dhalmann.fr\/music\/wp-content\/uploads\/2021\/08\/fd0429_Page_4-724x1024.jpg 724w, https:\/\/dhalmann.fr\/music\/wp-content\/uploads\/2021\/08\/fd0429_Page_4.jpg 744w\" sizes=\"(max-width: 300px) 100vw, 300px\" \/><\/a><a href=\"#\" id=\"product_id_700\" class=\"owp-quick-view\" data-product_id=\"700\" aria-label=\"Pr\u00e9visualiser rapidement le produit Salt and pepper. Alto - Bruno Giner\"><i class=\" icon-eye\" aria-hidden=\"true\" role=\"img\"><\/i> Vue rapide<\/a>\t<\/div><!-- .woo-entry-image-swap -->\r\n\r\n<\/li><li class=\"category\"><a href=\"https:\/\/dhalmann.fr\/music\/product-category\/instrument\/cordes\/alto\/\" rel=\"tag\">Alto<\/a>, <a href=\"https:\/\/dhalmann.fr\/music\/product-category\/formation\/duo\/\" rel=\"tag\">Duo<\/a>, <a href=\"https:\/\/dhalmann.fr\/music\/product-category\/auteurs\/giner-bruno\/\" rel=\"tag\">Giner Bruno<\/a><\/li><li class=\"title\"><h2><a href=\"https:\/\/dhalmann.fr\/music\/produit\/salt-and-pepper-alto-giner-bruno\/\">Salt and pepper. Alto &#8211; Bruno Giner<\/a><\/h2><\/li><li class=\"price-wrap\">\n\t<span class=\"price\"><span class=\"woocommerce-Price-amount amount\"><bdi>16,70<span class=\"woocommerce-Price-currencySymbol\">&euro;<\/span><\/bdi><\/span><\/span>\n<\/li><li class=\"btn-wrap clr\"><a href=\"https:\/\/dhalmann.fr\/music\/produit\/salt-and-pepper-alto-giner-bruno\/\" aria-describedby=\"woocommerce_loop_add_to_cart_link_describedby_700\" data-quantity=\"1\" class=\"button product_type_variable add_to_cart_button\" data-product_id=\"700\" data-product_sku=\"FD0429\" aria-label=\"S\u00e9lectionner les options pour &ldquo;Salt and pepper. Alto - Bruno Giner&rdquo;\" rel=\"nofollow\">Choix des options<\/a>\t<span id=\"woocommerce_loop_add_to_cart_link_describedby_700\" class=\"screen-reader-text\">\n\t\tCe produit a plusieurs variations. Les options peuvent \u00eatre choisies sur la page du produit\t<\/span>\n<\/li><\/ul><\/div><!-- .product-inner .clr --><\/li>\n<li class=\"entry has-media add-to-wishlist-before_image has-product-nav col span_1_of_3 owp-content-center owp-thumbs-layout-horizontal owp-btn-normal owp-tabs-layout-horizontal product type-product post-41 status-publish instock product_cat-duo product_cat-multipercussion product_cat-sauvage-daniel product_cat-solo has-post-thumbnail taxable shipping-taxable purchasable product-type-variable\">\n\t\n<div\n\tclass=\"yith-wcwl-add-to-wishlist add-to-wishlist-41 yith-wcwl-add-to-wishlist--link-style wishlist-fragment on-first-load\"\n\tdata-fragment-ref=\"41\"\n\tdata-fragment-options=\"{&quot;base_url&quot;:&quot;&quot;,&quot;product_id&quot;:41,&quot;parent_product_id&quot;:0,&quot;product_type&quot;:&quot;variable&quot;,&quot;is_single&quot;:false,&quot;in_default_wishlist&quot;:false,&quot;show_view&quot;:false,&quot;browse_wishlist_text&quot;:&quot;Voir la liste des favoris&quot;,&quot;already_in_wishslist_text&quot;:&quot;Le produit est d\\u00e9j\\u00e0 dans vos favoris\\u00a0!&quot;,&quot;product_added_text&quot;:&quot;Produit ajout\\u00e9 \\u00e0 vos favoris !&quot;,&quot;available_multi_wishlist&quot;:false,&quot;disable_wishlist&quot;:false,&quot;show_count&quot;:false,&quot;ajax_loading&quot;:false,&quot;loop_position&quot;:&quot;before_image&quot;,&quot;item&quot;:&quot;add_to_wishlist&quot;}\"\n>\n\t<\/div>\n<div class=\"product-inner clr\">\r\n\t<div class=\"woo-entry-image-swap woo-entry-image clr\">\r\n\t\t<a href=\"https:\/\/dhalmann.fr\/music\/produit\/soir-dorage-sauvage-daniel\/\" class=\"woocommerce-LoopProduct-link\"><img decoding=\"async\" width=\"300\" height=\"424\" src=\"https:\/\/dhalmann.fr\/music\/wp-content\/uploads\/2021\/07\/FD0029-soir_orage-300x424.jpg\" class=\"woo-entry-image-main\" alt=\"Soir d&#8217;orage &#8211; Daniel Sauvage\" itemprop=\"image\" srcset=\"https:\/\/dhalmann.fr\/music\/wp-content\/uploads\/2021\/07\/FD0029-soir_orage-300x424.jpg 300w, https:\/\/dhalmann.fr\/music\/wp-content\/uploads\/2021\/07\/FD0029-soir_orage-600x849.jpg 600w, https:\/\/dhalmann.fr\/music\/wp-content\/uploads\/2021\/07\/FD0029-soir_orage-64x91.jpg 64w, https:\/\/dhalmann.fr\/music\/wp-content\/uploads\/2021\/07\/FD0029-soir_orage-212x300.jpg 212w, https:\/\/dhalmann.fr\/music\/wp-content\/uploads\/2021\/07\/FD0029-soir_orage.jpg 707w\" sizes=\"(max-width: 300px) 100vw, 300px\" \/><img decoding=\"async\" width=\"300\" height=\"424\" src=\"https:\/\/dhalmann.fr\/music\/wp-content\/uploads\/2021\/08\/FD0029_03-300x424.jpg\" class=\"woo-entry-image-secondary\" alt=\"Soir d&#8217;orage &#8211; Daniel Sauvage\" itemprop=\"image\" srcset=\"https:\/\/dhalmann.fr\/music\/wp-content\/uploads\/2021\/08\/FD0029_03-300x424.jpg 300w, https:\/\/dhalmann.fr\/music\/wp-content\/uploads\/2021\/08\/FD0029_03-600x848.jpg 600w, https:\/\/dhalmann.fr\/music\/wp-content\/uploads\/2021\/08\/FD0029_03-64x90.jpg 64w, https:\/\/dhalmann.fr\/music\/wp-content\/uploads\/2021\/08\/FD0029_03-212x300.jpg 212w, https:\/\/dhalmann.fr\/music\/wp-content\/uploads\/2021\/08\/FD0029_03-725x1024.jpg 725w, https:\/\/dhalmann.fr\/music\/wp-content\/uploads\/2021\/08\/FD0029_03-768x1085.jpg 768w, https:\/\/dhalmann.fr\/music\/wp-content\/uploads\/2021\/08\/FD0029_03.jpg 794w\" sizes=\"(max-width: 300px) 100vw, 300px\" \/><\/a><a href=\"#\" id=\"product_id_41\" class=\"owp-quick-view\" data-product_id=\"41\" aria-label=\"Pr\u00e9visualiser rapidement le produit Soir d'orage - Daniel Sauvage\"><i class=\" icon-eye\" aria-hidden=\"true\" role=\"img\"><\/i> Vue rapide<\/a>\t<\/div><!-- .woo-entry-image-swap -->\r\n\r\n<ul class=\"woo-entry-inner clr\"><li class=\"image-wrap\">\r\n\t<div class=\"woo-entry-image-swap woo-entry-image clr\">\r\n\t\t<a href=\"https:\/\/dhalmann.fr\/music\/produit\/soir-dorage-sauvage-daniel\/\" class=\"woocommerce-LoopProduct-link\"><img decoding=\"async\" width=\"300\" height=\"424\" src=\"https:\/\/dhalmann.fr\/music\/wp-content\/uploads\/2021\/07\/FD0029-soir_orage-300x424.jpg\" class=\"woo-entry-image-main\" alt=\"Soir d&#8217;orage &#8211; Daniel Sauvage\" itemprop=\"image\" srcset=\"https:\/\/dhalmann.fr\/music\/wp-content\/uploads\/2021\/07\/FD0029-soir_orage-300x424.jpg 300w, https:\/\/dhalmann.fr\/music\/wp-content\/uploads\/2021\/07\/FD0029-soir_orage-600x849.jpg 600w, https:\/\/dhalmann.fr\/music\/wp-content\/uploads\/2021\/07\/FD0029-soir_orage-64x91.jpg 64w, https:\/\/dhalmann.fr\/music\/wp-content\/uploads\/2021\/07\/FD0029-soir_orage-212x300.jpg 212w, https:\/\/dhalmann.fr\/music\/wp-content\/uploads\/2021\/07\/FD0029-soir_orage.jpg 707w\" sizes=\"(max-width: 300px) 100vw, 300px\" \/><img decoding=\"async\" width=\"300\" height=\"424\" src=\"https:\/\/dhalmann.fr\/music\/wp-content\/uploads\/2021\/08\/FD0029_03-300x424.jpg\" class=\"woo-entry-image-secondary\" alt=\"Soir d&#8217;orage &#8211; Daniel Sauvage\" itemprop=\"image\" srcset=\"https:\/\/dhalmann.fr\/music\/wp-content\/uploads\/2021\/08\/FD0029_03-300x424.jpg 300w, https:\/\/dhalmann.fr\/music\/wp-content\/uploads\/2021\/08\/FD0029_03-600x848.jpg 600w, https:\/\/dhalmann.fr\/music\/wp-content\/uploads\/2021\/08\/FD0029_03-64x90.jpg 64w, https:\/\/dhalmann.fr\/music\/wp-content\/uploads\/2021\/08\/FD0029_03-212x300.jpg 212w, https:\/\/dhalmann.fr\/music\/wp-content\/uploads\/2021\/08\/FD0029_03-725x1024.jpg 725w, https:\/\/dhalmann.fr\/music\/wp-content\/uploads\/2021\/08\/FD0029_03-768x1085.jpg 768w, https:\/\/dhalmann.fr\/music\/wp-content\/uploads\/2021\/08\/FD0029_03.jpg 794w\" sizes=\"(max-width: 300px) 100vw, 300px\" \/><\/a><a href=\"#\" id=\"product_id_41\" class=\"owp-quick-view\" data-product_id=\"41\" aria-label=\"Pr\u00e9visualiser rapidement le produit Soir d'orage - Daniel Sauvage\"><i class=\" icon-eye\" aria-hidden=\"true\" role=\"img\"><\/i> Vue rapide<\/a>\t<\/div><!-- .woo-entry-image-swap -->\r\n\r\n<\/li><li class=\"category\"><a href=\"https:\/\/dhalmann.fr\/music\/product-category\/formation\/duo\/\" rel=\"tag\">Duo<\/a>, <a href=\"https:\/\/dhalmann.fr\/music\/product-category\/instrument\/percussion\/multipercussion\/\" rel=\"tag\">Multi-percussion<\/a>, <a href=\"https:\/\/dhalmann.fr\/music\/product-category\/auteurs\/sauvage-daniel\/\" rel=\"tag\">Sauvage Daniel<\/a>, <a href=\"https:\/\/dhalmann.fr\/music\/product-category\/formation\/solo\/\" rel=\"tag\">Solo<\/a><\/li><li class=\"title\"><h2><a href=\"https:\/\/dhalmann.fr\/music\/produit\/soir-dorage-sauvage-daniel\/\">Soir d&#8217;orage &#8211; Daniel Sauvage<\/a><\/h2><\/li><li class=\"price-wrap\">\n\t<span class=\"price\"><span class=\"woocommerce-Price-amount amount\"><bdi>24,90<span class=\"woocommerce-Price-currencySymbol\">&euro;<\/span><\/bdi><\/span><\/span>\n<\/li><li class=\"btn-wrap clr\"><a href=\"https:\/\/dhalmann.fr\/music\/produit\/soir-dorage-sauvage-daniel\/\" aria-describedby=\"woocommerce_loop_add_to_cart_link_describedby_41\" data-quantity=\"1\" class=\"button product_type_variable add_to_cart_button\" data-product_id=\"41\" data-product_sku=\"FD0029\" aria-label=\"S\u00e9lectionner les options pour &ldquo;Soir d&#039;orage - Daniel Sauvage&rdquo;\" rel=\"nofollow\">Choix des options<\/a>\t<span id=\"woocommerce_loop_add_to_cart_link_describedby_41\" class=\"screen-reader-text\">\n\t\tCe produit a plusieurs variations. Les options peuvent \u00eatre choisies sur la page du produit\t<\/span>\n<\/li><\/ul><\/div><!-- .product-inner .clr --><\/li>\n<li class=\"entry has-media add-to-wishlist-before_image has-product-nav col span_1_of_3 owp-content-center owp-thumbs-layout-horizontal owp-btn-normal owp-tabs-layout-horizontal product type-product post-637 status-publish last instock product_cat-avec-piano product_cat-clarinette product_cat-duo product_cat-fischer-eric product_cat-solo has-post-thumbnail taxable shipping-taxable purchasable product-type-variable\">\n\t\n<div\n\tclass=\"yith-wcwl-add-to-wishlist add-to-wishlist-637 yith-wcwl-add-to-wishlist--link-style wishlist-fragment on-first-load\"\n\tdata-fragment-ref=\"637\"\n\tdata-fragment-options=\"{&quot;base_url&quot;:&quot;&quot;,&quot;product_id&quot;:637,&quot;parent_product_id&quot;:0,&quot;product_type&quot;:&quot;variable&quot;,&quot;is_single&quot;:false,&quot;in_default_wishlist&quot;:false,&quot;show_view&quot;:false,&quot;browse_wishlist_text&quot;:&quot;Voir la liste des favoris&quot;,&quot;already_in_wishslist_text&quot;:&quot;Le produit est d\\u00e9j\\u00e0 dans vos favoris\\u00a0!&quot;,&quot;product_added_text&quot;:&quot;Produit ajout\\u00e9 \\u00e0 vos favoris !&quot;,&quot;available_multi_wishlist&quot;:false,&quot;disable_wishlist&quot;:false,&quot;show_count&quot;:false,&quot;ajax_loading&quot;:false,&quot;loop_position&quot;:&quot;before_image&quot;,&quot;item&quot;:&quot;add_to_wishlist&quot;}\"\n>\n\t<\/div>\n<div class=\"product-inner clr\">\r\n\t<div class=\"woo-entry-image-swap woo-entry-image clr\">\r\n\t\t<a href=\"https:\/\/dhalmann.fr\/music\/produit\/stiacciato-fischer-eric\/\" class=\"woocommerce-LoopProduct-link\"><img decoding=\"async\" width=\"300\" height=\"424\" src=\"https:\/\/dhalmann.fr\/music\/wp-content\/uploads\/2021\/07\/FD0390-stiacciato-300x424.jpg\" class=\"woo-entry-image-main\" alt=\"Stiacciato &#8211; Eric Fischer\" itemprop=\"image\" srcset=\"https:\/\/dhalmann.fr\/music\/wp-content\/uploads\/2021\/07\/FD0390-stiacciato-300x424.jpg 300w, https:\/\/dhalmann.fr\/music\/wp-content\/uploads\/2021\/07\/FD0390-stiacciato-600x848.jpg 600w, https:\/\/dhalmann.fr\/music\/wp-content\/uploads\/2021\/07\/FD0390-stiacciato-64x90.jpg 64w, https:\/\/dhalmann.fr\/music\/wp-content\/uploads\/2021\/07\/FD0390-stiacciato-212x300.jpg 212w, https:\/\/dhalmann.fr\/music\/wp-content\/uploads\/2021\/07\/FD0390-stiacciato-725x1024.jpg 725w, https:\/\/dhalmann.fr\/music\/wp-content\/uploads\/2021\/07\/FD0390-stiacciato-768x1085.jpg 768w, https:\/\/dhalmann.fr\/music\/wp-content\/uploads\/2021\/07\/FD0390-stiacciato.jpg 796w\" sizes=\"(max-width: 300px) 100vw, 300px\" \/><img decoding=\"async\" width=\"300\" height=\"424\" src=\"https:\/\/dhalmann.fr\/music\/wp-content\/uploads\/2021\/08\/FD0390_03-300x424.jpg\" class=\"woo-entry-image-secondary\" alt=\"Stiacciato &#8211; Eric Fischer\" itemprop=\"image\" srcset=\"https:\/\/dhalmann.fr\/music\/wp-content\/uploads\/2021\/08\/FD0390_03-300x424.jpg 300w, https:\/\/dhalmann.fr\/music\/wp-content\/uploads\/2021\/08\/FD0390_03-600x848.jpg 600w, https:\/\/dhalmann.fr\/music\/wp-content\/uploads\/2021\/08\/FD0390_03-64x90.jpg 64w, https:\/\/dhalmann.fr\/music\/wp-content\/uploads\/2021\/08\/FD0390_03-212x300.jpg 212w, https:\/\/dhalmann.fr\/music\/wp-content\/uploads\/2021\/08\/FD0390_03-725x1024.jpg 725w, https:\/\/dhalmann.fr\/music\/wp-content\/uploads\/2021\/08\/FD0390_03-768x1085.jpg 768w, https:\/\/dhalmann.fr\/music\/wp-content\/uploads\/2021\/08\/FD0390_03.jpg 794w\" sizes=\"(max-width: 300px) 100vw, 300px\" \/><\/a><a href=\"#\" id=\"product_id_637\" class=\"owp-quick-view\" data-product_id=\"637\" aria-label=\"Pr\u00e9visualiser rapidement le produit Stiacciato - Eric Fischer\"><i class=\" icon-eye\" aria-hidden=\"true\" role=\"img\"><\/i> Vue rapide<\/a>\t<\/div><!-- .woo-entry-image-swap -->\r\n\r\n<ul class=\"woo-entry-inner clr\"><li class=\"image-wrap\">\r\n\t<div class=\"woo-entry-image-swap woo-entry-image clr\">\r\n\t\t<a href=\"https:\/\/dhalmann.fr\/music\/produit\/stiacciato-fischer-eric\/\" class=\"woocommerce-LoopProduct-link\"><img decoding=\"async\" width=\"300\" height=\"424\" src=\"https:\/\/dhalmann.fr\/music\/wp-content\/uploads\/2021\/07\/FD0390-stiacciato-300x424.jpg\" class=\"woo-entry-image-main\" alt=\"Stiacciato &#8211; Eric Fischer\" itemprop=\"image\" srcset=\"https:\/\/dhalmann.fr\/music\/wp-content\/uploads\/2021\/07\/FD0390-stiacciato-300x424.jpg 300w, https:\/\/dhalmann.fr\/music\/wp-content\/uploads\/2021\/07\/FD0390-stiacciato-600x848.jpg 600w, https:\/\/dhalmann.fr\/music\/wp-content\/uploads\/2021\/07\/FD0390-stiacciato-64x90.jpg 64w, https:\/\/dhalmann.fr\/music\/wp-content\/uploads\/2021\/07\/FD0390-stiacciato-212x300.jpg 212w, https:\/\/dhalmann.fr\/music\/wp-content\/uploads\/2021\/07\/FD0390-stiacciato-725x1024.jpg 725w, https:\/\/dhalmann.fr\/music\/wp-content\/uploads\/2021\/07\/FD0390-stiacciato-768x1085.jpg 768w, https:\/\/dhalmann.fr\/music\/wp-content\/uploads\/2021\/07\/FD0390-stiacciato.jpg 796w\" sizes=\"(max-width: 300px) 100vw, 300px\" \/><img decoding=\"async\" width=\"300\" height=\"424\" src=\"https:\/\/dhalmann.fr\/music\/wp-content\/uploads\/2021\/08\/FD0390_03-300x424.jpg\" class=\"woo-entry-image-secondary\" alt=\"Stiacciato &#8211; Eric Fischer\" itemprop=\"image\" srcset=\"https:\/\/dhalmann.fr\/music\/wp-content\/uploads\/2021\/08\/FD0390_03-300x424.jpg 300w, https:\/\/dhalmann.fr\/music\/wp-content\/uploads\/2021\/08\/FD0390_03-600x848.jpg 600w, https:\/\/dhalmann.fr\/music\/wp-content\/uploads\/2021\/08\/FD0390_03-64x90.jpg 64w, https:\/\/dhalmann.fr\/music\/wp-content\/uploads\/2021\/08\/FD0390_03-212x300.jpg 212w, https:\/\/dhalmann.fr\/music\/wp-content\/uploads\/2021\/08\/FD0390_03-725x1024.jpg 725w, https:\/\/dhalmann.fr\/music\/wp-content\/uploads\/2021\/08\/FD0390_03-768x1085.jpg 768w, https:\/\/dhalmann.fr\/music\/wp-content\/uploads\/2021\/08\/FD0390_03.jpg 794w\" sizes=\"(max-width: 300px) 100vw, 300px\" \/><\/a><a href=\"#\" id=\"product_id_637\" class=\"owp-quick-view\" data-product_id=\"637\" aria-label=\"Pr\u00e9visualiser rapidement le produit Stiacciato - Eric Fischer\"><i class=\" icon-eye\" aria-hidden=\"true\" role=\"img\"><\/i> Vue rapide<\/a>\t<\/div><!-- .woo-entry-image-swap -->\r\n\r\n<\/li><li class=\"category\"><a href=\"https:\/\/dhalmann.fr\/music\/product-category\/formation\/avec-piano\/\" rel=\"tag\">Avec piano<\/a>, <a href=\"https:\/\/dhalmann.fr\/music\/product-category\/instrument\/vents\/clarinette\/\" rel=\"tag\">Clarinette<\/a>, <a href=\"https:\/\/dhalmann.fr\/music\/product-category\/formation\/duo\/\" rel=\"tag\">Duo<\/a>, <a href=\"https:\/\/dhalmann.fr\/music\/product-category\/auteurs\/fischer-eric\/\" rel=\"tag\">Fischer Eric<\/a>, <a href=\"https:\/\/dhalmann.fr\/music\/product-category\/formation\/solo\/\" rel=\"tag\">Solo<\/a><\/li><li class=\"title\"><h2><a href=\"https:\/\/dhalmann.fr\/music\/produit\/stiacciato-fischer-eric\/\">Stiacciato &#8211; Eric Fischer<\/a><\/h2><\/li><li class=\"price-wrap\">\n\t<span class=\"price\"><span class=\"woocommerce-Price-amount amount\"><bdi>18,80<span class=\"woocommerce-Price-currencySymbol\">&euro;<\/span><\/bdi><\/span><\/span>\n<\/li><li class=\"btn-wrap clr\"><a href=\"https:\/\/dhalmann.fr\/music\/produit\/stiacciato-fischer-eric\/\" aria-describedby=\"woocommerce_loop_add_to_cart_link_describedby_637\" data-quantity=\"1\" class=\"button product_type_variable add_to_cart_button\" data-product_id=\"637\" data-product_sku=\"FD0390\" aria-label=\"S\u00e9lectionner les options pour &ldquo;Stiacciato - Eric Fischer&rdquo;\" rel=\"nofollow\">Choix des options<\/a>\t<span id=\"woocommerce_loop_add_to_cart_link_describedby_637\" class=\"screen-reader-text\">\n\t\tCe produit a plusieurs variations. Les options peuvent \u00eatre choisies sur la page du produit\t<\/span>\n<\/li><\/ul><\/div><!-- .product-inner .clr --><\/li>\n<li class=\"entry has-media add-to-wishlist-before_image has-product-nav col span_1_of_3 owp-content-center owp-thumbs-layout-horizontal owp-btn-normal owp-tabs-layout-horizontal product type-product post-366 status-publish first instock product_cat-avec-piano product_cat-caisse-claire product_cat-duo product_cat-jorand-marcel product_cat-multipercussion product_cat-timbales product_cat-xylophone has-post-thumbnail taxable shipping-taxable purchasable product-type-variable\">\n\t\n<div\n\tclass=\"yith-wcwl-add-to-wishlist add-to-wishlist-366 yith-wcwl-add-to-wishlist--link-style wishlist-fragment on-first-load\"\n\tdata-fragment-ref=\"366\"\n\tdata-fragment-options=\"{&quot;base_url&quot;:&quot;&quot;,&quot;product_id&quot;:366,&quot;parent_product_id&quot;:0,&quot;product_type&quot;:&quot;variable&quot;,&quot;is_single&quot;:false,&quot;in_default_wishlist&quot;:false,&quot;show_view&quot;:false,&quot;browse_wishlist_text&quot;:&quot;Voir la liste des favoris&quot;,&quot;already_in_wishslist_text&quot;:&quot;Le produit est d\\u00e9j\\u00e0 dans vos favoris\\u00a0!&quot;,&quot;product_added_text&quot;:&quot;Produit ajout\\u00e9 \\u00e0 vos favoris !&quot;,&quot;available_multi_wishlist&quot;:false,&quot;disable_wishlist&quot;:false,&quot;show_count&quot;:false,&quot;ajax_loading&quot;:false,&quot;loop_position&quot;:&quot;before_image&quot;,&quot;item&quot;:&quot;add_to_wishlist&quot;}\"\n>\n\t<\/div>\n<div class=\"product-inner clr\">\r\n\t<div class=\"woo-entry-image-swap woo-entry-image clr\">\r\n\t\t<a href=\"https:\/\/dhalmann.fr\/music\/produit\/suite-classique-pour-percussion-et-piano-jorand-marcel\/\" class=\"woocommerce-LoopProduct-link\"><img decoding=\"async\" width=\"300\" height=\"389\" src=\"https:\/\/dhalmann.fr\/music\/wp-content\/uploads\/2021\/07\/FD0213-suite-classique-1-scaled-1-300x389.jpg\" class=\"woo-entry-image-main\" alt=\"Suite Classique pour percussion et piano &#8211; Marcel Jorand\" itemprop=\"image\" srcset=\"https:\/\/dhalmann.fr\/music\/wp-content\/uploads\/2021\/07\/FD0213-suite-classique-1-scaled-1-300x389.jpg 300w, https:\/\/dhalmann.fr\/music\/wp-content\/uploads\/2021\/07\/FD0213-suite-classique-1-scaled-1-600x779.jpg 600w, https:\/\/dhalmann.fr\/music\/wp-content\/uploads\/2021\/07\/FD0213-suite-classique-1-scaled-1-64x83.jpg 64w, https:\/\/dhalmann.fr\/music\/wp-content\/uploads\/2021\/07\/FD0213-suite-classique-1-scaled-1-231x300.jpg 231w, https:\/\/dhalmann.fr\/music\/wp-content\/uploads\/2021\/07\/FD0213-suite-classique-1-scaled-1-789x1024.jpg 789w, https:\/\/dhalmann.fr\/music\/wp-content\/uploads\/2021\/07\/FD0213-suite-classique-1-scaled-1-768x997.jpg 768w, https:\/\/dhalmann.fr\/music\/wp-content\/uploads\/2021\/07\/FD0213-suite-classique-1-scaled-1-1183x1536.jpg 1183w, https:\/\/dhalmann.fr\/music\/wp-content\/uploads\/2021\/07\/FD0213-suite-classique-1-scaled-1-1578x2048.jpg 1578w, https:\/\/dhalmann.fr\/music\/wp-content\/uploads\/2021\/07\/FD0213-suite-classique-1-scaled-1.jpg 1972w\" sizes=\"(max-width: 300px) 100vw, 300px\" \/><img decoding=\"async\" width=\"300\" height=\"424\" src=\"https:\/\/dhalmann.fr\/music\/wp-content\/uploads\/2021\/08\/FD0213_05-300x424.jpg\" class=\"woo-entry-image-secondary\" alt=\"Suite Classique pour percussion et piano &#8211; Marcel Jorand\" itemprop=\"image\" srcset=\"https:\/\/dhalmann.fr\/music\/wp-content\/uploads\/2021\/08\/FD0213_05-300x424.jpg 300w, https:\/\/dhalmann.fr\/music\/wp-content\/uploads\/2021\/08\/FD0213_05-600x848.jpg 600w, https:\/\/dhalmann.fr\/music\/wp-content\/uploads\/2021\/08\/FD0213_05-64x90.jpg 64w, https:\/\/dhalmann.fr\/music\/wp-content\/uploads\/2021\/08\/FD0213_05-212x300.jpg 212w, https:\/\/dhalmann.fr\/music\/wp-content\/uploads\/2021\/08\/FD0213_05-725x1024.jpg 725w, https:\/\/dhalmann.fr\/music\/wp-content\/uploads\/2021\/08\/FD0213_05-768x1085.jpg 768w, https:\/\/dhalmann.fr\/music\/wp-content\/uploads\/2021\/08\/FD0213_05.jpg 794w\" sizes=\"(max-width: 300px) 100vw, 300px\" \/><\/a><a href=\"#\" id=\"product_id_366\" class=\"owp-quick-view\" data-product_id=\"366\" aria-label=\"Pr\u00e9visualiser rapidement le produit Suite Classique pour percussion et piano - Marcel Jorand\"><i class=\" icon-eye\" aria-hidden=\"true\" role=\"img\"><\/i> Vue rapide<\/a>\t<\/div><!-- .woo-entry-image-swap -->\r\n\r\n<ul class=\"woo-entry-inner clr\"><li class=\"image-wrap\">\r\n\t<div class=\"woo-entry-image-swap woo-entry-image clr\">\r\n\t\t<a href=\"https:\/\/dhalmann.fr\/music\/produit\/suite-classique-pour-percussion-et-piano-jorand-marcel\/\" class=\"woocommerce-LoopProduct-link\"><img decoding=\"async\" width=\"300\" height=\"389\" src=\"https:\/\/dhalmann.fr\/music\/wp-content\/uploads\/2021\/07\/FD0213-suite-classique-1-scaled-1-300x389.jpg\" class=\"woo-entry-image-main\" alt=\"Suite Classique pour percussion et piano &#8211; Marcel Jorand\" itemprop=\"image\" srcset=\"https:\/\/dhalmann.fr\/music\/wp-content\/uploads\/2021\/07\/FD0213-suite-classique-1-scaled-1-300x389.jpg 300w, https:\/\/dhalmann.fr\/music\/wp-content\/uploads\/2021\/07\/FD0213-suite-classique-1-scaled-1-600x779.jpg 600w, https:\/\/dhalmann.fr\/music\/wp-content\/uploads\/2021\/07\/FD0213-suite-classique-1-scaled-1-64x83.jpg 64w, https:\/\/dhalmann.fr\/music\/wp-content\/uploads\/2021\/07\/FD0213-suite-classique-1-scaled-1-231x300.jpg 231w, https:\/\/dhalmann.fr\/music\/wp-content\/uploads\/2021\/07\/FD0213-suite-classique-1-scaled-1-789x1024.jpg 789w, https:\/\/dhalmann.fr\/music\/wp-content\/uploads\/2021\/07\/FD0213-suite-classique-1-scaled-1-768x997.jpg 768w, https:\/\/dhalmann.fr\/music\/wp-content\/uploads\/2021\/07\/FD0213-suite-classique-1-scaled-1-1183x1536.jpg 1183w, https:\/\/dhalmann.fr\/music\/wp-content\/uploads\/2021\/07\/FD0213-suite-classique-1-scaled-1-1578x2048.jpg 1578w, https:\/\/dhalmann.fr\/music\/wp-content\/uploads\/2021\/07\/FD0213-suite-classique-1-scaled-1.jpg 1972w\" sizes=\"(max-width: 300px) 100vw, 300px\" \/><img decoding=\"async\" width=\"300\" height=\"424\" src=\"https:\/\/dhalmann.fr\/music\/wp-content\/uploads\/2021\/08\/FD0213_05-300x424.jpg\" class=\"woo-entry-image-secondary\" alt=\"Suite Classique pour percussion et piano &#8211; Marcel Jorand\" itemprop=\"image\" srcset=\"https:\/\/dhalmann.fr\/music\/wp-content\/uploads\/2021\/08\/FD0213_05-300x424.jpg 300w, https:\/\/dhalmann.fr\/music\/wp-content\/uploads\/2021\/08\/FD0213_05-600x848.jpg 600w, https:\/\/dhalmann.fr\/music\/wp-content\/uploads\/2021\/08\/FD0213_05-64x90.jpg 64w, https:\/\/dhalmann.fr\/music\/wp-content\/uploads\/2021\/08\/FD0213_05-212x300.jpg 212w, https:\/\/dhalmann.fr\/music\/wp-content\/uploads\/2021\/08\/FD0213_05-725x1024.jpg 725w, https:\/\/dhalmann.fr\/music\/wp-content\/uploads\/2021\/08\/FD0213_05-768x1085.jpg 768w, https:\/\/dhalmann.fr\/music\/wp-content\/uploads\/2021\/08\/FD0213_05.jpg 794w\" sizes=\"(max-width: 300px) 100vw, 300px\" \/><\/a><a href=\"#\" id=\"product_id_366\" class=\"owp-quick-view\" data-product_id=\"366\" aria-label=\"Pr\u00e9visualiser rapidement le produit Suite Classique pour percussion et piano - Marcel Jorand\"><i class=\" icon-eye\" aria-hidden=\"true\" role=\"img\"><\/i> Vue rapide<\/a>\t<\/div><!-- .woo-entry-image-swap -->\r\n\r\n<\/li><li class=\"category\"><a href=\"https:\/\/dhalmann.fr\/music\/product-category\/formation\/avec-piano\/\" rel=\"tag\">Avec piano<\/a>, <a href=\"https:\/\/dhalmann.fr\/music\/product-category\/instrument\/percussion\/caisse-claire\/\" rel=\"tag\">Caisse Claire et tambour<\/a>, <a href=\"https:\/\/dhalmann.fr\/music\/product-category\/formation\/duo\/\" rel=\"tag\">Duo<\/a>, <a href=\"https:\/\/dhalmann.fr\/music\/product-category\/auteurs\/jorand-marcel\/\" rel=\"tag\">Jorand Marcel<\/a>, <a href=\"https:\/\/dhalmann.fr\/music\/product-category\/instrument\/percussion\/multipercussion\/\" rel=\"tag\">Multi-percussion<\/a>, <a href=\"https:\/\/dhalmann.fr\/music\/product-category\/instrument\/percussion\/timbales\/\" rel=\"tag\">Timbales<\/a>, <a href=\"https:\/\/dhalmann.fr\/music\/product-category\/instrument\/percussion\/xylophone\/\" rel=\"tag\">Xylophone<\/a><\/li><li class=\"title\"><h2><a href=\"https:\/\/dhalmann.fr\/music\/produit\/suite-classique-pour-percussion-et-piano-jorand-marcel\/\">Suite Classique pour percussion et piano &#8211; Marcel Jorand<\/a><\/h2><\/li><li class=\"price-wrap\">\n\t<span class=\"price\"><span class=\"woocommerce-Price-amount amount\"><bdi>23,10<span class=\"woocommerce-Price-currencySymbol\">&euro;<\/span><\/bdi><\/span><\/span>\n<\/li><li class=\"btn-wrap clr\"><a href=\"https:\/\/dhalmann.fr\/music\/produit\/suite-classique-pour-percussion-et-piano-jorand-marcel\/\" aria-describedby=\"woocommerce_loop_add_to_cart_link_describedby_366\" data-quantity=\"1\" class=\"button product_type_variable add_to_cart_button\" data-product_id=\"366\" data-product_sku=\"FD0213\" aria-label=\"S\u00e9lectionner les options pour &ldquo;Suite Classique pour percussion et piano - Marcel Jorand&rdquo;\" rel=\"nofollow\">Choix des options<\/a>\t<span id=\"woocommerce_loop_add_to_cart_link_describedby_366\" class=\"screen-reader-text\">\n\t\tCe produit a plusieurs variations. Les options peuvent \u00eatre choisies sur la page du produit\t<\/span>\n<\/li><\/ul><\/div><!-- .product-inner .clr --><\/li>\n<li class=\"entry has-media add-to-wishlist-before_image has-product-nav col span_1_of_3 owp-content-center owp-thumbs-layout-horizontal owp-btn-normal owp-tabs-layout-horizontal product type-product post-607 status-publish instock product_cat-avec-piano product_cat-duo product_cat-flute product_cat-gratzer-carlos has-post-thumbnail taxable shipping-taxable purchasable product-type-variable\">\n\t\n<div\n\tclass=\"yith-wcwl-add-to-wishlist add-to-wishlist-607 yith-wcwl-add-to-wishlist--link-style wishlist-fragment on-first-load\"\n\tdata-fragment-ref=\"607\"\n\tdata-fragment-options=\"{&quot;base_url&quot;:&quot;&quot;,&quot;product_id&quot;:607,&quot;parent_product_id&quot;:0,&quot;product_type&quot;:&quot;variable&quot;,&quot;is_single&quot;:false,&quot;in_default_wishlist&quot;:false,&quot;show_view&quot;:false,&quot;browse_wishlist_text&quot;:&quot;Voir la liste des favoris&quot;,&quot;already_in_wishslist_text&quot;:&quot;Le produit est d\\u00e9j\\u00e0 dans vos favoris\\u00a0!&quot;,&quot;product_added_text&quot;:&quot;Produit ajout\\u00e9 \\u00e0 vos favoris !&quot;,&quot;available_multi_wishlist&quot;:false,&quot;disable_wishlist&quot;:false,&quot;show_count&quot;:false,&quot;ajax_loading&quot;:false,&quot;loop_position&quot;:&quot;before_image&quot;,&quot;item&quot;:&quot;add_to_wishlist&quot;}\"\n>\n\t<\/div>\n<div class=\"product-inner clr\">\r\n\t<div class=\"woo-entry-image-swap woo-entry-image clr\">\r\n\t\t<a href=\"https:\/\/dhalmann.fr\/music\/produit\/vagues-dair-gratzer-carlos\/\" class=\"woocommerce-LoopProduct-link\"><img decoding=\"async\" width=\"300\" height=\"425\" src=\"https:\/\/dhalmann.fr\/music\/wp-content\/uploads\/2021\/07\/FD0376-vague-d-air-300x425.jpg\" class=\"woo-entry-image-main\" alt=\"Vagues d&#8217;Air &#8211; Carlos Gr\u00e4tzer\" itemprop=\"image\" srcset=\"https:\/\/dhalmann.fr\/music\/wp-content\/uploads\/2021\/07\/FD0376-vague-d-air-300x425.jpg 300w, https:\/\/dhalmann.fr\/music\/wp-content\/uploads\/2021\/07\/FD0376-vague-d-air-64x91.jpg 64w, https:\/\/dhalmann.fr\/music\/wp-content\/uploads\/2021\/07\/FD0376-vague-d-air-212x300.jpg 212w, https:\/\/dhalmann.fr\/music\/wp-content\/uploads\/2021\/07\/FD0376-vague-d-air-416x589.jpg 416w, https:\/\/dhalmann.fr\/music\/wp-content\/uploads\/2021\/07\/FD0376-vague-d-air.jpg 597w\" sizes=\"(max-width: 300px) 100vw, 300px\" \/><img decoding=\"async\" width=\"300\" height=\"424\" src=\"https:\/\/dhalmann.fr\/music\/wp-content\/uploads\/2021\/08\/FD0376_03-300x424.jpg\" class=\"woo-entry-image-secondary\" alt=\"Vagues d&#8217;Air &#8211; Carlos Gr\u00e4tzer\" itemprop=\"image\" srcset=\"https:\/\/dhalmann.fr\/music\/wp-content\/uploads\/2021\/08\/FD0376_03-300x424.jpg 300w, https:\/\/dhalmann.fr\/music\/wp-content\/uploads\/2021\/08\/FD0376_03-600x848.jpg 600w, https:\/\/dhalmann.fr\/music\/wp-content\/uploads\/2021\/08\/FD0376_03-64x90.jpg 64w, https:\/\/dhalmann.fr\/music\/wp-content\/uploads\/2021\/08\/FD0376_03-212x300.jpg 212w, https:\/\/dhalmann.fr\/music\/wp-content\/uploads\/2021\/08\/FD0376_03-725x1024.jpg 725w, https:\/\/dhalmann.fr\/music\/wp-content\/uploads\/2021\/08\/FD0376_03-768x1085.jpg 768w, https:\/\/dhalmann.fr\/music\/wp-content\/uploads\/2021\/08\/FD0376_03.jpg 794w\" sizes=\"(max-width: 300px) 100vw, 300px\" \/><\/a><a href=\"#\" id=\"product_id_607\" class=\"owp-quick-view\" data-product_id=\"607\" aria-label=\"Pr\u00e9visualiser rapidement le produit Vagues d'Air - Carlos Gr\u00e4tzer\"><i class=\" icon-eye\" aria-hidden=\"true\" role=\"img\"><\/i> Vue rapide<\/a>\t<\/div><!-- .woo-entry-image-swap -->\r\n\r\n<ul class=\"woo-entry-inner clr\"><li class=\"image-wrap\">\r\n\t<div class=\"woo-entry-image-swap woo-entry-image clr\">\r\n\t\t<a href=\"https:\/\/dhalmann.fr\/music\/produit\/vagues-dair-gratzer-carlos\/\" class=\"woocommerce-LoopProduct-link\"><img decoding=\"async\" width=\"300\" height=\"425\" src=\"https:\/\/dhalmann.fr\/music\/wp-content\/uploads\/2021\/07\/FD0376-vague-d-air-300x425.jpg\" class=\"woo-entry-image-main\" alt=\"Vagues d&#8217;Air &#8211; Carlos Gr\u00e4tzer\" itemprop=\"image\" srcset=\"https:\/\/dhalmann.fr\/music\/wp-content\/uploads\/2021\/07\/FD0376-vague-d-air-300x425.jpg 300w, https:\/\/dhalmann.fr\/music\/wp-content\/uploads\/2021\/07\/FD0376-vague-d-air-64x91.jpg 64w, https:\/\/dhalmann.fr\/music\/wp-content\/uploads\/2021\/07\/FD0376-vague-d-air-212x300.jpg 212w, https:\/\/dhalmann.fr\/music\/wp-content\/uploads\/2021\/07\/FD0376-vague-d-air-416x589.jpg 416w, https:\/\/dhalmann.fr\/music\/wp-content\/uploads\/2021\/07\/FD0376-vague-d-air.jpg 597w\" sizes=\"(max-width: 300px) 100vw, 300px\" \/><img decoding=\"async\" width=\"300\" height=\"424\" src=\"https:\/\/dhalmann.fr\/music\/wp-content\/uploads\/2021\/08\/FD0376_03-300x424.jpg\" class=\"woo-entry-image-secondary\" alt=\"Vagues d&#8217;Air &#8211; Carlos Gr\u00e4tzer\" itemprop=\"image\" srcset=\"https:\/\/dhalmann.fr\/music\/wp-content\/uploads\/2021\/08\/FD0376_03-300x424.jpg 300w, https:\/\/dhalmann.fr\/music\/wp-content\/uploads\/2021\/08\/FD0376_03-600x848.jpg 600w, https:\/\/dhalmann.fr\/music\/wp-content\/uploads\/2021\/08\/FD0376_03-64x90.jpg 64w, https:\/\/dhalmann.fr\/music\/wp-content\/uploads\/2021\/08\/FD0376_03-212x300.jpg 212w, https:\/\/dhalmann.fr\/music\/wp-content\/uploads\/2021\/08\/FD0376_03-725x1024.jpg 725w, https:\/\/dhalmann.fr\/music\/wp-content\/uploads\/2021\/08\/FD0376_03-768x1085.jpg 768w, https:\/\/dhalmann.fr\/music\/wp-content\/uploads\/2021\/08\/FD0376_03.jpg 794w\" sizes=\"(max-width: 300px) 100vw, 300px\" \/><\/a><a href=\"#\" id=\"product_id_607\" class=\"owp-quick-view\" data-product_id=\"607\" aria-label=\"Pr\u00e9visualiser rapidement le produit Vagues d'Air - Carlos Gr\u00e4tzer\"><i class=\" icon-eye\" aria-hidden=\"true\" role=\"img\"><\/i> Vue rapide<\/a>\t<\/div><!-- .woo-entry-image-swap -->\r\n\r\n<\/li><li class=\"category\"><a href=\"https:\/\/dhalmann.fr\/music\/product-category\/formation\/avec-piano\/\" rel=\"tag\">Avec piano<\/a>, <a href=\"https:\/\/dhalmann.fr\/music\/product-category\/formation\/duo\/\" rel=\"tag\">Duo<\/a>, <a href=\"https:\/\/dhalmann.fr\/music\/product-category\/instrument\/vents\/flute\/\" rel=\"tag\">Fl\u00fbte<\/a>, <a href=\"https:\/\/dhalmann.fr\/music\/product-category\/auteurs\/gratzer-carlos\/\" rel=\"tag\">Gr\u00e4tzer Carlos<\/a><\/li><li class=\"title\"><h2><a href=\"https:\/\/dhalmann.fr\/music\/produit\/vagues-dair-gratzer-carlos\/\">Vagues d&#8217;Air &#8211; Carlos Gr\u00e4tzer<\/a><\/h2><\/li><li class=\"price-wrap\">\n\t<span class=\"price\"><span class=\"woocommerce-Price-amount amount\"><bdi>12,80<span class=\"woocommerce-Price-currencySymbol\">&euro;<\/span><\/bdi><\/span><\/span>\n<\/li><li class=\"btn-wrap clr\"><a href=\"https:\/\/dhalmann.fr\/music\/produit\/vagues-dair-gratzer-carlos\/\" aria-describedby=\"woocommerce_loop_add_to_cart_link_describedby_607\" data-quantity=\"1\" class=\"button product_type_variable add_to_cart_button\" data-product_id=\"607\" data-product_sku=\"FD0376\" aria-label=\"S\u00e9lectionner les options pour &ldquo;Vagues d&#039;Air - Carlos Gr\u00e4tzer&rdquo;\" rel=\"nofollow\">Choix des options<\/a>\t<span id=\"woocommerce_loop_add_to_cart_link_describedby_607\" class=\"screen-reader-text\">\n\t\tCe produit a plusieurs variations. Les options peuvent \u00eatre choisies sur la page du produit\t<\/span>\n<\/li><\/ul><\/div><!-- .product-inner .clr --><\/li>\n<\/ul>\n<\/div>\n\n\n\n<p class=\"has-large-font-size\"><strong>Fin de Troisi\u00e8me cycle :<\/strong><\/p>\n\n\n<div class=\"woocommerce columns-3 \">\r\n<ul class=\"products oceanwp-row clr grid tablet-col tablet-2-col mobile-col mobile-1-col\">\r\n<li class=\"entry has-media add-to-wishlist-before_image has-product-nav col span_1_of_3 owp-content-center owp-thumbs-layout-horizontal owp-btn-normal owp-tabs-layout-horizontal product type-product post-633 status-publish first instock product_cat-albert-ludwig product_cat-marimba product_cat-solo has-post-thumbnail taxable shipping-taxable purchasable product-type-variable\">\n\t\n<div\n\tclass=\"yith-wcwl-add-to-wishlist add-to-wishlist-633 yith-wcwl-add-to-wishlist--link-style wishlist-fragment on-first-load\"\n\tdata-fragment-ref=\"633\"\n\tdata-fragment-options=\"{&quot;base_url&quot;:&quot;&quot;,&quot;product_id&quot;:633,&quot;parent_product_id&quot;:0,&quot;product_type&quot;:&quot;variable&quot;,&quot;is_single&quot;:false,&quot;in_default_wishlist&quot;:false,&quot;show_view&quot;:false,&quot;browse_wishlist_text&quot;:&quot;Voir la liste des favoris&quot;,&quot;already_in_wishslist_text&quot;:&quot;Le produit est d\\u00e9j\\u00e0 dans vos favoris\\u00a0!&quot;,&quot;product_added_text&quot;:&quot;Produit ajout\\u00e9 \\u00e0 vos favoris !&quot;,&quot;available_multi_wishlist&quot;:false,&quot;disable_wishlist&quot;:false,&quot;show_count&quot;:false,&quot;ajax_loading&quot;:false,&quot;loop_position&quot;:&quot;before_image&quot;,&quot;item&quot;:&quot;add_to_wishlist&quot;}\"\n>\n\t<\/div>\n<div class=\"product-inner clr\">\r\n\t<div class=\"woo-entry-image-swap woo-entry-image clr\">\r\n\t\t<a href=\"https:\/\/dhalmann.fr\/music\/produit\/feel-the-sunlight-albert-ludwig\/\" class=\"woocommerce-LoopProduct-link\"><img decoding=\"async\" width=\"300\" height=\"424\" src=\"https:\/\/dhalmann.fr\/music\/wp-content\/uploads\/2021\/07\/FD0389-feel-the-sunlight-300x424.webp\" class=\"woo-entry-image-main\" alt=\"Feel the Sunlight &#8211; Albert Ludwig\" itemprop=\"image\" srcset=\"https:\/\/dhalmann.fr\/music\/wp-content\/uploads\/2021\/07\/FD0389-feel-the-sunlight-300x424.webp 300w, https:\/\/dhalmann.fr\/music\/wp-content\/uploads\/2021\/07\/FD0389-feel-the-sunlight-212x300.webp 212w, https:\/\/dhalmann.fr\/music\/wp-content\/uploads\/2021\/07\/FD0389-feel-the-sunlight-724x1024.webp 724w, https:\/\/dhalmann.fr\/music\/wp-content\/uploads\/2021\/07\/FD0389-feel-the-sunlight-768x1086.webp 768w, https:\/\/dhalmann.fr\/music\/wp-content\/uploads\/2021\/07\/FD0389-feel-the-sunlight-1086x1536.webp 1086w, https:\/\/dhalmann.fr\/music\/wp-content\/uploads\/2021\/07\/FD0389-feel-the-sunlight-600x848.webp 600w, https:\/\/dhalmann.fr\/music\/wp-content\/uploads\/2021\/07\/FD0389-feel-the-sunlight-64x90.webp 64w, https:\/\/dhalmann.fr\/music\/wp-content\/uploads\/2021\/07\/FD0389-feel-the-sunlight-42x60.webp 42w, https:\/\/dhalmann.fr\/music\/wp-content\/uploads\/2021\/07\/FD0389-feel-the-sunlight.webp 1280w\" sizes=\"(max-width: 300px) 100vw, 300px\" \/><img decoding=\"async\" width=\"300\" height=\"424\" src=\"https:\/\/dhalmann.fr\/music\/wp-content\/uploads\/2021\/07\/FD0389_01-300x424.webp\" class=\"woo-entry-image-secondary\" alt=\"Feel the Sunlight &#8211; Albert Ludwig\" itemprop=\"image\" srcset=\"https:\/\/dhalmann.fr\/music\/wp-content\/uploads\/2021\/07\/FD0389_01-300x424.webp 300w, https:\/\/dhalmann.fr\/music\/wp-content\/uploads\/2021\/07\/FD0389_01-212x300.webp 212w, https:\/\/dhalmann.fr\/music\/wp-content\/uploads\/2021\/07\/FD0389_01-725x1024.webp 725w, https:\/\/dhalmann.fr\/music\/wp-content\/uploads\/2021\/07\/FD0389_01-768x1085.webp 768w, https:\/\/dhalmann.fr\/music\/wp-content\/uploads\/2021\/07\/FD0389_01-1087x1536.webp 1087w, https:\/\/dhalmann.fr\/music\/wp-content\/uploads\/2021\/07\/FD0389_01-600x848.webp 600w, https:\/\/dhalmann.fr\/music\/wp-content\/uploads\/2021\/07\/FD0389_01-64x90.webp 64w, https:\/\/dhalmann.fr\/music\/wp-content\/uploads\/2021\/07\/FD0389_01-42x60.webp 42w, https:\/\/dhalmann.fr\/music\/wp-content\/uploads\/2021\/07\/FD0389_01.webp 1280w\" sizes=\"(max-width: 300px) 100vw, 300px\" \/><\/a><a href=\"#\" id=\"product_id_633\" class=\"owp-quick-view\" data-product_id=\"633\" aria-label=\"Pr\u00e9visualiser rapidement le produit Feel the Sunlight - Albert Ludwig\"><i class=\" icon-eye\" aria-hidden=\"true\" role=\"img\"><\/i> Vue rapide<\/a>\t<\/div><!-- .woo-entry-image-swap -->\r\n\r\n<ul class=\"woo-entry-inner clr\"><li class=\"image-wrap\">\r\n\t<div class=\"woo-entry-image-swap woo-entry-image clr\">\r\n\t\t<a href=\"https:\/\/dhalmann.fr\/music\/produit\/feel-the-sunlight-albert-ludwig\/\" class=\"woocommerce-LoopProduct-link\"><img decoding=\"async\" width=\"300\" height=\"424\" src=\"https:\/\/dhalmann.fr\/music\/wp-content\/uploads\/2021\/07\/FD0389-feel-the-sunlight-300x424.webp\" class=\"woo-entry-image-main\" alt=\"Feel the Sunlight &#8211; Albert Ludwig\" itemprop=\"image\" srcset=\"https:\/\/dhalmann.fr\/music\/wp-content\/uploads\/2021\/07\/FD0389-feel-the-sunlight-300x424.webp 300w, https:\/\/dhalmann.fr\/music\/wp-content\/uploads\/2021\/07\/FD0389-feel-the-sunlight-212x300.webp 212w, https:\/\/dhalmann.fr\/music\/wp-content\/uploads\/2021\/07\/FD0389-feel-the-sunlight-724x1024.webp 724w, https:\/\/dhalmann.fr\/music\/wp-content\/uploads\/2021\/07\/FD0389-feel-the-sunlight-768x1086.webp 768w, https:\/\/dhalmann.fr\/music\/wp-content\/uploads\/2021\/07\/FD0389-feel-the-sunlight-1086x1536.webp 1086w, https:\/\/dhalmann.fr\/music\/wp-content\/uploads\/2021\/07\/FD0389-feel-the-sunlight-600x848.webp 600w, https:\/\/dhalmann.fr\/music\/wp-content\/uploads\/2021\/07\/FD0389-feel-the-sunlight-64x90.webp 64w, https:\/\/dhalmann.fr\/music\/wp-content\/uploads\/2021\/07\/FD0389-feel-the-sunlight-42x60.webp 42w, https:\/\/dhalmann.fr\/music\/wp-content\/uploads\/2021\/07\/FD0389-feel-the-sunlight.webp 1280w\" sizes=\"(max-width: 300px) 100vw, 300px\" \/><img decoding=\"async\" width=\"300\" height=\"424\" src=\"https:\/\/dhalmann.fr\/music\/wp-content\/uploads\/2021\/07\/FD0389_01-300x424.webp\" class=\"woo-entry-image-secondary\" alt=\"Feel the Sunlight &#8211; Albert Ludwig\" itemprop=\"image\" srcset=\"https:\/\/dhalmann.fr\/music\/wp-content\/uploads\/2021\/07\/FD0389_01-300x424.webp 300w, https:\/\/dhalmann.fr\/music\/wp-content\/uploads\/2021\/07\/FD0389_01-212x300.webp 212w, https:\/\/dhalmann.fr\/music\/wp-content\/uploads\/2021\/07\/FD0389_01-725x1024.webp 725w, https:\/\/dhalmann.fr\/music\/wp-content\/uploads\/2021\/07\/FD0389_01-768x1085.webp 768w, https:\/\/dhalmann.fr\/music\/wp-content\/uploads\/2021\/07\/FD0389_01-1087x1536.webp 1087w, https:\/\/dhalmann.fr\/music\/wp-content\/uploads\/2021\/07\/FD0389_01-600x848.webp 600w, https:\/\/dhalmann.fr\/music\/wp-content\/uploads\/2021\/07\/FD0389_01-64x90.webp 64w, https:\/\/dhalmann.fr\/music\/wp-content\/uploads\/2021\/07\/FD0389_01-42x60.webp 42w, https:\/\/dhalmann.fr\/music\/wp-content\/uploads\/2021\/07\/FD0389_01.webp 1280w\" sizes=\"(max-width: 300px) 100vw, 300px\" \/><\/a><a href=\"#\" id=\"product_id_633\" class=\"owp-quick-view\" data-product_id=\"633\" aria-label=\"Pr\u00e9visualiser rapidement le produit Feel the Sunlight - Albert Ludwig\"><i class=\" icon-eye\" aria-hidden=\"true\" role=\"img\"><\/i> Vue rapide<\/a>\t<\/div><!-- .woo-entry-image-swap -->\r\n\r\n<\/li><li class=\"category\"><a href=\"https:\/\/dhalmann.fr\/music\/product-category\/auteurs\/albert-ludwig\/\" rel=\"tag\">Albert Ludwig<\/a>, <a href=\"https:\/\/dhalmann.fr\/music\/product-category\/instrument\/percussion\/marimba\/\" rel=\"tag\">Marimba<\/a>, <a href=\"https:\/\/dhalmann.fr\/music\/product-category\/formation\/solo\/\" rel=\"tag\">Solo<\/a><\/li><li class=\"title\"><h2><a href=\"https:\/\/dhalmann.fr\/music\/produit\/feel-the-sunlight-albert-ludwig\/\">Feel the Sunlight &#8211; Albert Ludwig<\/a><\/h2><\/li><li class=\"price-wrap\">\n\t<span class=\"price\"><span class=\"woocommerce-Price-amount amount\"><bdi>16,70<span class=\"woocommerce-Price-currencySymbol\">&euro;<\/span><\/bdi><\/span><\/span>\n<\/li><li class=\"btn-wrap clr\"><a href=\"https:\/\/dhalmann.fr\/music\/produit\/feel-the-sunlight-albert-ludwig\/\" aria-describedby=\"woocommerce_loop_add_to_cart_link_describedby_633\" data-quantity=\"1\" class=\"button product_type_variable add_to_cart_button\" data-product_id=\"633\" data-product_sku=\"FD0389\" aria-label=\"S\u00e9lectionner les options pour &ldquo;Feel the Sunlight - Albert Ludwig&rdquo;\" rel=\"nofollow\">Choix des options<\/a>\t<span id=\"woocommerce_loop_add_to_cart_link_describedby_633\" class=\"screen-reader-text\">\n\t\tCe produit a plusieurs variations. Les options peuvent \u00eatre choisies sur la page du produit\t<\/span>\n<\/li><\/ul><\/div><!-- .product-inner .clr --><\/li>\n<li class=\"entry has-media add-to-wishlist-before_image has-product-nav col span_1_of_3 owp-content-center owp-thumbs-layout-horizontal owp-btn-normal owp-tabs-layout-horizontal product type-product post-12 status-publish instock product_cat-compositrices product_cat-miyamoto-aiko product_cat-multipercussion product_cat-solo has-post-thumbnail featured taxable shipping-taxable purchasable product-type-variable\">\n\t\n<div\n\tclass=\"yith-wcwl-add-to-wishlist add-to-wishlist-12 yith-wcwl-add-to-wishlist--link-style wishlist-fragment on-first-load\"\n\tdata-fragment-ref=\"12\"\n\tdata-fragment-options=\"{&quot;base_url&quot;:&quot;&quot;,&quot;product_id&quot;:12,&quot;parent_product_id&quot;:0,&quot;product_type&quot;:&quot;variable&quot;,&quot;is_single&quot;:false,&quot;in_default_wishlist&quot;:false,&quot;show_view&quot;:false,&quot;browse_wishlist_text&quot;:&quot;Voir la liste des favoris&quot;,&quot;already_in_wishslist_text&quot;:&quot;Le produit est d\\u00e9j\\u00e0 dans vos favoris\\u00a0!&quot;,&quot;product_added_text&quot;:&quot;Produit ajout\\u00e9 \\u00e0 vos favoris !&quot;,&quot;available_multi_wishlist&quot;:false,&quot;disable_wishlist&quot;:false,&quot;show_count&quot;:false,&quot;ajax_loading&quot;:false,&quot;loop_position&quot;:&quot;before_image&quot;,&quot;item&quot;:&quot;add_to_wishlist&quot;}\"\n>\n\t<\/div>\n<div class=\"product-inner clr\">\r\n\t<div class=\"woo-entry-image-swap woo-entry-image clr\">\r\n\t\t<a href=\"https:\/\/dhalmann.fr\/music\/produit\/dualites-miyamoto-aiko\/\" class=\"woocommerce-LoopProduct-link\"><img decoding=\"async\" width=\"300\" height=\"419\" src=\"https:\/\/dhalmann.fr\/music\/wp-content\/uploads\/2021\/07\/FD0038-dualites-300x419.webp\" class=\"woo-entry-image-main\" alt=\"Dualit\u00e9s &#8211; A\u00efko Miyamoto\" itemprop=\"image\" srcset=\"https:\/\/dhalmann.fr\/music\/wp-content\/uploads\/2021\/07\/FD0038-dualites-300x419.webp 300w, https:\/\/dhalmann.fr\/music\/wp-content\/uploads\/2021\/07\/FD0038-dualites-215x300.webp 215w, https:\/\/dhalmann.fr\/music\/wp-content\/uploads\/2021\/07\/FD0038-dualites-734x1024.webp 734w, https:\/\/dhalmann.fr\/music\/wp-content\/uploads\/2021\/07\/FD0038-dualites-768x1072.webp 768w, https:\/\/dhalmann.fr\/music\/wp-content\/uploads\/2021\/07\/FD0038-dualites-1101x1536.webp 1101w, https:\/\/dhalmann.fr\/music\/wp-content\/uploads\/2021\/07\/FD0038-dualites-600x837.webp 600w, https:\/\/dhalmann.fr\/music\/wp-content\/uploads\/2021\/07\/FD0038-dualites-64x89.webp 64w, https:\/\/dhalmann.fr\/music\/wp-content\/uploads\/2021\/07\/FD0038-dualites-43x60.webp 43w, https:\/\/dhalmann.fr\/music\/wp-content\/uploads\/2021\/07\/FD0038-dualites-65x90.webp 65w, https:\/\/dhalmann.fr\/music\/wp-content\/uploads\/2021\/07\/FD0038-dualites.webp 1280w\" sizes=\"(max-width: 300px) 100vw, 300px\" \/><img decoding=\"async\" width=\"300\" height=\"212\" src=\"https:\/\/dhalmann.fr\/music\/wp-content\/uploads\/2021\/07\/FD0038_01-300x212.webp\" class=\"woo-entry-image-secondary\" alt=\"Dualit\u00e9s &#8211; A\u00efko Miyamoto\" itemprop=\"image\" srcset=\"https:\/\/dhalmann.fr\/music\/wp-content\/uploads\/2021\/07\/FD0038_01-300x212.webp 300w, https:\/\/dhalmann.fr\/music\/wp-content\/uploads\/2021\/07\/FD0038_01-1024x724.webp 1024w, https:\/\/dhalmann.fr\/music\/wp-content\/uploads\/2021\/07\/FD0038_01-768x543.webp 768w, https:\/\/dhalmann.fr\/music\/wp-content\/uploads\/2021\/07\/FD0038_01-600x424.webp 600w, https:\/\/dhalmann.fr\/music\/wp-content\/uploads\/2021\/07\/FD0038_01-64x45.webp 64w, https:\/\/dhalmann.fr\/music\/wp-content\/uploads\/2021\/07\/FD0038_01-85x60.webp 85w, https:\/\/dhalmann.fr\/music\/wp-content\/uploads\/2021\/07\/FD0038_01-127x90.webp 127w, https:\/\/dhalmann.fr\/music\/wp-content\/uploads\/2021\/07\/FD0038_01.webp 1280w\" sizes=\"(max-width: 300px) 100vw, 300px\" \/><\/a><a href=\"#\" id=\"product_id_12\" class=\"owp-quick-view\" data-product_id=\"12\" aria-label=\"Pr\u00e9visualiser rapidement le produit Dualit\u00e9s - A\u00efko Miyamoto\"><i class=\" icon-eye\" aria-hidden=\"true\" role=\"img\"><\/i> Vue rapide<\/a>\t<\/div><!-- .woo-entry-image-swap -->\r\n\r\n<ul class=\"woo-entry-inner clr\"><li class=\"image-wrap\">\r\n\t<div class=\"woo-entry-image-swap woo-entry-image clr\">\r\n\t\t<a href=\"https:\/\/dhalmann.fr\/music\/produit\/dualites-miyamoto-aiko\/\" class=\"woocommerce-LoopProduct-link\"><img decoding=\"async\" width=\"300\" height=\"419\" src=\"https:\/\/dhalmann.fr\/music\/wp-content\/uploads\/2021\/07\/FD0038-dualites-300x419.webp\" class=\"woo-entry-image-main\" alt=\"Dualit\u00e9s &#8211; A\u00efko Miyamoto\" itemprop=\"image\" srcset=\"https:\/\/dhalmann.fr\/music\/wp-content\/uploads\/2021\/07\/FD0038-dualites-300x419.webp 300w, https:\/\/dhalmann.fr\/music\/wp-content\/uploads\/2021\/07\/FD0038-dualites-215x300.webp 215w, https:\/\/dhalmann.fr\/music\/wp-content\/uploads\/2021\/07\/FD0038-dualites-734x1024.webp 734w, https:\/\/dhalmann.fr\/music\/wp-content\/uploads\/2021\/07\/FD0038-dualites-768x1072.webp 768w, https:\/\/dhalmann.fr\/music\/wp-content\/uploads\/2021\/07\/FD0038-dualites-1101x1536.webp 1101w, https:\/\/dhalmann.fr\/music\/wp-content\/uploads\/2021\/07\/FD0038-dualites-600x837.webp 600w, https:\/\/dhalmann.fr\/music\/wp-content\/uploads\/2021\/07\/FD0038-dualites-64x89.webp 64w, https:\/\/dhalmann.fr\/music\/wp-content\/uploads\/2021\/07\/FD0038-dualites-43x60.webp 43w, https:\/\/dhalmann.fr\/music\/wp-content\/uploads\/2021\/07\/FD0038-dualites-65x90.webp 65w, https:\/\/dhalmann.fr\/music\/wp-content\/uploads\/2021\/07\/FD0038-dualites.webp 1280w\" sizes=\"(max-width: 300px) 100vw, 300px\" \/><img decoding=\"async\" width=\"300\" height=\"212\" src=\"https:\/\/dhalmann.fr\/music\/wp-content\/uploads\/2021\/07\/FD0038_01-300x212.webp\" class=\"woo-entry-image-secondary\" alt=\"Dualit\u00e9s &#8211; A\u00efko Miyamoto\" itemprop=\"image\" srcset=\"https:\/\/dhalmann.fr\/music\/wp-content\/uploads\/2021\/07\/FD0038_01-300x212.webp 300w, https:\/\/dhalmann.fr\/music\/wp-content\/uploads\/2021\/07\/FD0038_01-1024x724.webp 1024w, https:\/\/dhalmann.fr\/music\/wp-content\/uploads\/2021\/07\/FD0038_01-768x543.webp 768w, https:\/\/dhalmann.fr\/music\/wp-content\/uploads\/2021\/07\/FD0038_01-600x424.webp 600w, https:\/\/dhalmann.fr\/music\/wp-content\/uploads\/2021\/07\/FD0038_01-64x45.webp 64w, https:\/\/dhalmann.fr\/music\/wp-content\/uploads\/2021\/07\/FD0038_01-85x60.webp 85w, https:\/\/dhalmann.fr\/music\/wp-content\/uploads\/2021\/07\/FD0038_01-127x90.webp 127w, https:\/\/dhalmann.fr\/music\/wp-content\/uploads\/2021\/07\/FD0038_01.webp 1280w\" sizes=\"(max-width: 300px) 100vw, 300px\" \/><\/a><a href=\"#\" id=\"product_id_12\" class=\"owp-quick-view\" data-product_id=\"12\" aria-label=\"Pr\u00e9visualiser rapidement le produit Dualit\u00e9s - A\u00efko Miyamoto\"><i class=\" icon-eye\" aria-hidden=\"true\" role=\"img\"><\/i> Vue rapide<\/a>\t<\/div><!-- .woo-entry-image-swap -->\r\n\r\n<\/li><li class=\"category\"><a href=\"https:\/\/dhalmann.fr\/music\/product-category\/auteurs\/compositrices\/\" rel=\"tag\">Compositrices<\/a>, <a href=\"https:\/\/dhalmann.fr\/music\/product-category\/auteurs\/miyamoto-aiko\/\" rel=\"tag\">Miyamoto A\u00efko<\/a>, <a href=\"https:\/\/dhalmann.fr\/music\/product-category\/instrument\/percussion\/multipercussion\/\" rel=\"tag\">Multi-percussion<\/a>, <a href=\"https:\/\/dhalmann.fr\/music\/product-category\/formation\/solo\/\" rel=\"tag\">Solo<\/a><\/li><li class=\"title\"><h2><a href=\"https:\/\/dhalmann.fr\/music\/produit\/dualites-miyamoto-aiko\/\">Dualit\u00e9s &#8211; A\u00efko Miyamoto<\/a><\/h2><\/li><li class=\"price-wrap\">\n\t<span class=\"price\"><span class=\"woocommerce-Price-amount amount\"><bdi>16,70<span class=\"woocommerce-Price-currencySymbol\">&euro;<\/span><\/bdi><\/span><\/span>\n<\/li><li class=\"btn-wrap clr\"><a href=\"https:\/\/dhalmann.fr\/music\/produit\/dualites-miyamoto-aiko\/\" aria-describedby=\"woocommerce_loop_add_to_cart_link_describedby_12\" data-quantity=\"1\" class=\"button product_type_variable add_to_cart_button\" data-product_id=\"12\" data-product_sku=\"FD0038\" aria-label=\"S\u00e9lectionner les options pour &ldquo;Dualit\u00e9s - A\u00efko Miyamoto&rdquo;\" rel=\"nofollow\">Choix des options<\/a>\t<span id=\"woocommerce_loop_add_to_cart_link_describedby_12\" class=\"screen-reader-text\">\n\t\tCe produit a plusieurs variations. Les options peuvent \u00eatre choisies sur la page du produit\t<\/span>\n<\/li><\/ul><\/div><!-- .product-inner .clr --><\/li>\n<li class=\"entry has-media add-to-wishlist-before_image has-product-nav col span_1_of_3 owp-content-center owp-thumbs-layout-horizontal owp-btn-normal owp-tabs-layout-horizontal product type-product post-250 status-publish last instock product_cat-fimbel-jean-jacques product_cat-guitare product_cat-solo has-post-thumbnail taxable shipping-taxable purchasable product-type-variable\">\n\t\n<div\n\tclass=\"yith-wcwl-add-to-wishlist add-to-wishlist-250 yith-wcwl-add-to-wishlist--link-style wishlist-fragment on-first-load\"\n\tdata-fragment-ref=\"250\"\n\tdata-fragment-options=\"{&quot;base_url&quot;:&quot;&quot;,&quot;product_id&quot;:250,&quot;parent_product_id&quot;:0,&quot;product_type&quot;:&quot;variable&quot;,&quot;is_single&quot;:false,&quot;in_default_wishlist&quot;:false,&quot;show_view&quot;:false,&quot;browse_wishlist_text&quot;:&quot;Voir la liste des favoris&quot;,&quot;already_in_wishslist_text&quot;:&quot;Le produit est d\\u00e9j\\u00e0 dans vos favoris\\u00a0!&quot;,&quot;product_added_text&quot;:&quot;Produit ajout\\u00e9 \\u00e0 vos favoris !&quot;,&quot;available_multi_wishlist&quot;:false,&quot;disable_wishlist&quot;:false,&quot;show_count&quot;:false,&quot;ajax_loading&quot;:false,&quot;loop_position&quot;:&quot;before_image&quot;,&quot;item&quot;:&quot;add_to_wishlist&quot;}\"\n>\n\t<\/div>\n<div class=\"product-inner clr\">\r\n\t<div class=\"woo-entry-image-swap woo-entry-image clr\">\r\n\t\t<a href=\"https:\/\/dhalmann.fr\/music\/produit\/hommage-aux-king-crimson-et-a-robert-fripp-jean-jacques-fimbel\/\" class=\"woocommerce-LoopProduct-link\"><img decoding=\"async\" width=\"300\" height=\"425\" src=\"https:\/\/dhalmann.fr\/music\/wp-content\/uploads\/2021\/07\/FD0109-hommage-aux-king-crimson-300x425.jpg\" class=\"woo-entry-image-main\" alt=\"Hommage aux King Crimson et \u00e0 Robert Fripp &#8211; Jean-Jacques Fimbel\" itemprop=\"image\" srcset=\"https:\/\/dhalmann.fr\/music\/wp-content\/uploads\/2021\/07\/FD0109-hommage-aux-king-crimson-300x425.jpg 300w, https:\/\/dhalmann.fr\/music\/wp-content\/uploads\/2021\/07\/FD0109-hommage-aux-king-crimson-64x91.jpg 64w, https:\/\/dhalmann.fr\/music\/wp-content\/uploads\/2021\/07\/FD0109-hommage-aux-king-crimson-212x300.jpg 212w, https:\/\/dhalmann.fr\/music\/wp-content\/uploads\/2021\/07\/FD0109-hommage-aux-king-crimson.jpg 399w\" sizes=\"(max-width: 300px) 100vw, 300px\" \/><img decoding=\"async\" width=\"300\" height=\"424\" src=\"https:\/\/dhalmann.fr\/music\/wp-content\/uploads\/2021\/08\/FD0109_02-300x424.jpg\" class=\"woo-entry-image-secondary\" alt=\"Hommage aux King Crimson et \u00e0 Robert Fripp &#8211; Jean-Jacques Fimbel\" itemprop=\"image\" srcset=\"https:\/\/dhalmann.fr\/music\/wp-content\/uploads\/2021\/08\/FD0109_02-300x424.jpg 300w, https:\/\/dhalmann.fr\/music\/wp-content\/uploads\/2021\/08\/FD0109_02-600x848.jpg 600w, https:\/\/dhalmann.fr\/music\/wp-content\/uploads\/2021\/08\/FD0109_02-64x90.jpg 64w, https:\/\/dhalmann.fr\/music\/wp-content\/uploads\/2021\/08\/FD0109_02-212x300.jpg 212w, https:\/\/dhalmann.fr\/music\/wp-content\/uploads\/2021\/08\/FD0109_02-725x1024.jpg 725w, https:\/\/dhalmann.fr\/music\/wp-content\/uploads\/2021\/08\/FD0109_02-768x1085.jpg 768w, https:\/\/dhalmann.fr\/music\/wp-content\/uploads\/2021\/08\/FD0109_02.jpg 794w\" sizes=\"(max-width: 300px) 100vw, 300px\" \/><\/a><a href=\"#\" id=\"product_id_250\" class=\"owp-quick-view\" data-product_id=\"250\" aria-label=\"Pr\u00e9visualiser rapidement le produit Hommage aux King Crimson et \u00e0 Robert Fripp - Jean-Jacques Fimbel\"><i class=\" icon-eye\" aria-hidden=\"true\" role=\"img\"><\/i> Vue rapide<\/a>\t<\/div><!-- .woo-entry-image-swap -->\r\n\r\n<ul class=\"woo-entry-inner clr\"><li class=\"image-wrap\">\r\n\t<div class=\"woo-entry-image-swap woo-entry-image clr\">\r\n\t\t<a href=\"https:\/\/dhalmann.fr\/music\/produit\/hommage-aux-king-crimson-et-a-robert-fripp-jean-jacques-fimbel\/\" class=\"woocommerce-LoopProduct-link\"><img decoding=\"async\" width=\"300\" height=\"425\" src=\"https:\/\/dhalmann.fr\/music\/wp-content\/uploads\/2021\/07\/FD0109-hommage-aux-king-crimson-300x425.jpg\" class=\"woo-entry-image-main\" alt=\"Hommage aux King Crimson et \u00e0 Robert Fripp &#8211; Jean-Jacques Fimbel\" itemprop=\"image\" srcset=\"https:\/\/dhalmann.fr\/music\/wp-content\/uploads\/2021\/07\/FD0109-hommage-aux-king-crimson-300x425.jpg 300w, https:\/\/dhalmann.fr\/music\/wp-content\/uploads\/2021\/07\/FD0109-hommage-aux-king-crimson-64x91.jpg 64w, https:\/\/dhalmann.fr\/music\/wp-content\/uploads\/2021\/07\/FD0109-hommage-aux-king-crimson-212x300.jpg 212w, https:\/\/dhalmann.fr\/music\/wp-content\/uploads\/2021\/07\/FD0109-hommage-aux-king-crimson.jpg 399w\" sizes=\"(max-width: 300px) 100vw, 300px\" \/><img decoding=\"async\" width=\"300\" height=\"424\" src=\"https:\/\/dhalmann.fr\/music\/wp-content\/uploads\/2021\/08\/FD0109_02-300x424.jpg\" class=\"woo-entry-image-secondary\" alt=\"Hommage aux King Crimson et \u00e0 Robert Fripp &#8211; Jean-Jacques Fimbel\" itemprop=\"image\" srcset=\"https:\/\/dhalmann.fr\/music\/wp-content\/uploads\/2021\/08\/FD0109_02-300x424.jpg 300w, https:\/\/dhalmann.fr\/music\/wp-content\/uploads\/2021\/08\/FD0109_02-600x848.jpg 600w, https:\/\/dhalmann.fr\/music\/wp-content\/uploads\/2021\/08\/FD0109_02-64x90.jpg 64w, https:\/\/dhalmann.fr\/music\/wp-content\/uploads\/2021\/08\/FD0109_02-212x300.jpg 212w, https:\/\/dhalmann.fr\/music\/wp-content\/uploads\/2021\/08\/FD0109_02-725x1024.jpg 725w, https:\/\/dhalmann.fr\/music\/wp-content\/uploads\/2021\/08\/FD0109_02-768x1085.jpg 768w, https:\/\/dhalmann.fr\/music\/wp-content\/uploads\/2021\/08\/FD0109_02.jpg 794w\" sizes=\"(max-width: 300px) 100vw, 300px\" \/><\/a><a href=\"#\" id=\"product_id_250\" class=\"owp-quick-view\" data-product_id=\"250\" aria-label=\"Pr\u00e9visualiser rapidement le produit Hommage aux King Crimson et \u00e0 Robert Fripp - Jean-Jacques Fimbel\"><i class=\" icon-eye\" aria-hidden=\"true\" role=\"img\"><\/i> Vue rapide<\/a>\t<\/div><!-- .woo-entry-image-swap -->\r\n\r\n<\/li><li class=\"category\"><a href=\"https:\/\/dhalmann.fr\/music\/product-category\/auteurs\/fimbel-jean-jacques\/\" rel=\"tag\">Fimbel Jean-Jacques<\/a>, <a href=\"https:\/\/dhalmann.fr\/music\/product-category\/instrument\/guitare\/\" rel=\"tag\">Guitare<\/a>, <a href=\"https:\/\/dhalmann.fr\/music\/product-category\/formation\/solo\/\" rel=\"tag\">Solo<\/a><\/li><li class=\"title\"><h2><a href=\"https:\/\/dhalmann.fr\/music\/produit\/hommage-aux-king-crimson-et-a-robert-fripp-jean-jacques-fimbel\/\">Hommage aux King Crimson et \u00e0 Robert Fripp &#8211; Jean-Jacques Fimbel<\/a><\/h2><\/li><li class=\"price-wrap\">\n\t<span class=\"price\"><span class=\"woocommerce-Price-amount amount\"><bdi>10,30<span class=\"woocommerce-Price-currencySymbol\">&euro;<\/span><\/bdi><\/span><\/span>\n<\/li><li class=\"btn-wrap clr\"><a href=\"https:\/\/dhalmann.fr\/music\/produit\/hommage-aux-king-crimson-et-a-robert-fripp-jean-jacques-fimbel\/\" aria-describedby=\"woocommerce_loop_add_to_cart_link_describedby_250\" data-quantity=\"1\" class=\"button product_type_variable add_to_cart_button\" data-product_id=\"250\" data-product_sku=\"FD0109\" aria-label=\"S\u00e9lectionner les options pour &ldquo;Hommage aux King Crimson et \u00e0 Robert Fripp - Jean-Jacques Fimbel&rdquo;\" rel=\"nofollow\">Choix des options<\/a>\t<span id=\"woocommerce_loop_add_to_cart_link_describedby_250\" class=\"screen-reader-text\">\n\t\tCe produit a plusieurs variations. Les options peuvent \u00eatre choisies sur la page du produit\t<\/span>\n<\/li><\/ul><\/div><!-- .product-inner .clr --><\/li>\n<li class=\"entry has-media add-to-wishlist-before_image has-product-nav col span_1_of_3 owp-content-center owp-thumbs-layout-horizontal owp-btn-normal owp-tabs-layout-horizontal product type-product post-411 status-publish first instock product_cat-caisse-claire product_cat-solo product_cat-zielinski-bernard has-post-thumbnail taxable shipping-taxable purchasable product-type-variable\">\n\t\n<div\n\tclass=\"yith-wcwl-add-to-wishlist add-to-wishlist-411 yith-wcwl-add-to-wishlist--link-style wishlist-fragment on-first-load\"\n\tdata-fragment-ref=\"411\"\n\tdata-fragment-options=\"{&quot;base_url&quot;:&quot;&quot;,&quot;product_id&quot;:411,&quot;parent_product_id&quot;:0,&quot;product_type&quot;:&quot;variable&quot;,&quot;is_single&quot;:false,&quot;in_default_wishlist&quot;:false,&quot;show_view&quot;:false,&quot;browse_wishlist_text&quot;:&quot;Voir la liste des favoris&quot;,&quot;already_in_wishslist_text&quot;:&quot;Le produit est d\\u00e9j\\u00e0 dans vos favoris\\u00a0!&quot;,&quot;product_added_text&quot;:&quot;Produit ajout\\u00e9 \\u00e0 vos favoris !&quot;,&quot;available_multi_wishlist&quot;:false,&quot;disable_wishlist&quot;:false,&quot;show_count&quot;:false,&quot;ajax_loading&quot;:false,&quot;loop_position&quot;:&quot;before_image&quot;,&quot;item&quot;:&quot;add_to_wishlist&quot;}\"\n>\n\t<\/div>\n<div class=\"product-inner clr\">\r\n\t<div class=\"woo-entry-image-swap woo-entry-image clr\">\r\n\t\t<a href=\"https:\/\/dhalmann.fr\/music\/produit\/effets-speciaux-zielinski-bernard\/\" class=\"woocommerce-LoopProduct-link\"><img decoding=\"async\" width=\"300\" height=\"425\" src=\"https:\/\/dhalmann.fr\/music\/wp-content\/uploads\/2021\/07\/FD0242-effets-speciaux-300x425.jpg\" class=\"woo-entry-image-main\" alt=\"Effets sp\u00e9ciaux &#8211; Bernard Zielinski\" itemprop=\"image\" srcset=\"https:\/\/dhalmann.fr\/music\/wp-content\/uploads\/2021\/07\/FD0242-effets-speciaux-300x425.jpg 300w, https:\/\/dhalmann.fr\/music\/wp-content\/uploads\/2021\/07\/FD0242-effets-speciaux-64x91.jpg 64w, https:\/\/dhalmann.fr\/music\/wp-content\/uploads\/2021\/07\/FD0242-effets-speciaux-212x300.jpg 212w, https:\/\/dhalmann.fr\/music\/wp-content\/uploads\/2021\/07\/FD0242-effets-speciaux.jpg 399w\" sizes=\"(max-width: 300px) 100vw, 300px\" \/><img decoding=\"async\" width=\"300\" height=\"424\" src=\"https:\/\/dhalmann.fr\/music\/wp-content\/uploads\/2021\/09\/FD0242_02-300x424.jpg\" class=\"woo-entry-image-secondary\" alt=\"Effets sp\u00e9ciaux &#8211; Bernard Zielinski\" itemprop=\"image\" srcset=\"https:\/\/dhalmann.fr\/music\/wp-content\/uploads\/2021\/09\/FD0242_02-300x424.jpg 300w, https:\/\/dhalmann.fr\/music\/wp-content\/uploads\/2021\/09\/FD0242_02-600x848.jpg 600w, https:\/\/dhalmann.fr\/music\/wp-content\/uploads\/2021\/09\/FD0242_02-64x90.jpg 64w, https:\/\/dhalmann.fr\/music\/wp-content\/uploads\/2021\/09\/FD0242_02-212x300.jpg 212w, https:\/\/dhalmann.fr\/music\/wp-content\/uploads\/2021\/09\/FD0242_02-725x1024.jpg 725w, https:\/\/dhalmann.fr\/music\/wp-content\/uploads\/2021\/09\/FD0242_02-768x1085.jpg 768w, https:\/\/dhalmann.fr\/music\/wp-content\/uploads\/2021\/09\/FD0242_02.jpg 794w\" sizes=\"(max-width: 300px) 100vw, 300px\" \/><\/a><a href=\"#\" id=\"product_id_411\" class=\"owp-quick-view\" data-product_id=\"411\" aria-label=\"Pr\u00e9visualiser rapidement le produit Effets sp\u00e9ciaux - Bernard Zielinski\"><i class=\" icon-eye\" aria-hidden=\"true\" role=\"img\"><\/i> Vue rapide<\/a>\t<\/div><!-- .woo-entry-image-swap -->\r\n\r\n<ul class=\"woo-entry-inner clr\"><li class=\"image-wrap\">\r\n\t<div class=\"woo-entry-image-swap woo-entry-image clr\">\r\n\t\t<a href=\"https:\/\/dhalmann.fr\/music\/produit\/effets-speciaux-zielinski-bernard\/\" class=\"woocommerce-LoopProduct-link\"><img decoding=\"async\" width=\"300\" height=\"425\" src=\"https:\/\/dhalmann.fr\/music\/wp-content\/uploads\/2021\/07\/FD0242-effets-speciaux-300x425.jpg\" class=\"woo-entry-image-main\" alt=\"Effets sp\u00e9ciaux &#8211; Bernard Zielinski\" itemprop=\"image\" srcset=\"https:\/\/dhalmann.fr\/music\/wp-content\/uploads\/2021\/07\/FD0242-effets-speciaux-300x425.jpg 300w, https:\/\/dhalmann.fr\/music\/wp-content\/uploads\/2021\/07\/FD0242-effets-speciaux-64x91.jpg 64w, https:\/\/dhalmann.fr\/music\/wp-content\/uploads\/2021\/07\/FD0242-effets-speciaux-212x300.jpg 212w, https:\/\/dhalmann.fr\/music\/wp-content\/uploads\/2021\/07\/FD0242-effets-speciaux.jpg 399w\" sizes=\"(max-width: 300px) 100vw, 300px\" \/><img decoding=\"async\" width=\"300\" height=\"424\" src=\"https:\/\/dhalmann.fr\/music\/wp-content\/uploads\/2021\/09\/FD0242_02-300x424.jpg\" class=\"woo-entry-image-secondary\" alt=\"Effets sp\u00e9ciaux &#8211; Bernard Zielinski\" itemprop=\"image\" srcset=\"https:\/\/dhalmann.fr\/music\/wp-content\/uploads\/2021\/09\/FD0242_02-300x424.jpg 300w, https:\/\/dhalmann.fr\/music\/wp-content\/uploads\/2021\/09\/FD0242_02-600x848.jpg 600w, https:\/\/dhalmann.fr\/music\/wp-content\/uploads\/2021\/09\/FD0242_02-64x90.jpg 64w, https:\/\/dhalmann.fr\/music\/wp-content\/uploads\/2021\/09\/FD0242_02-212x300.jpg 212w, https:\/\/dhalmann.fr\/music\/wp-content\/uploads\/2021\/09\/FD0242_02-725x1024.jpg 725w, https:\/\/dhalmann.fr\/music\/wp-content\/uploads\/2021\/09\/FD0242_02-768x1085.jpg 768w, https:\/\/dhalmann.fr\/music\/wp-content\/uploads\/2021\/09\/FD0242_02.jpg 794w\" sizes=\"(max-width: 300px) 100vw, 300px\" \/><\/a><a href=\"#\" id=\"product_id_411\" class=\"owp-quick-view\" data-product_id=\"411\" aria-label=\"Pr\u00e9visualiser rapidement le produit Effets sp\u00e9ciaux - Bernard Zielinski\"><i class=\" icon-eye\" aria-hidden=\"true\" role=\"img\"><\/i> Vue rapide<\/a>\t<\/div><!-- .woo-entry-image-swap -->\r\n\r\n<\/li><li class=\"category\"><a href=\"https:\/\/dhalmann.fr\/music\/product-category\/instrument\/percussion\/caisse-claire\/\" rel=\"tag\">Caisse Claire et tambour<\/a>, <a href=\"https:\/\/dhalmann.fr\/music\/product-category\/formation\/solo\/\" rel=\"tag\">Solo<\/a>, <a href=\"https:\/\/dhalmann.fr\/music\/product-category\/auteurs\/zielinski-bernard\/\" rel=\"tag\">Zielinski Bernard<\/a><\/li><li class=\"title\"><h2><a href=\"https:\/\/dhalmann.fr\/music\/produit\/effets-speciaux-zielinski-bernard\/\">Effets sp\u00e9ciaux &#8211; Bernard Zielinski<\/a><\/h2><\/li><li class=\"price-wrap\">\n\t<span class=\"price\"><span class=\"woocommerce-Price-amount amount\"><bdi>12,80<span class=\"woocommerce-Price-currencySymbol\">&euro;<\/span><\/bdi><\/span><\/span>\n<\/li><li class=\"btn-wrap clr\"><a href=\"https:\/\/dhalmann.fr\/music\/produit\/effets-speciaux-zielinski-bernard\/\" aria-describedby=\"woocommerce_loop_add_to_cart_link_describedby_411\" data-quantity=\"1\" class=\"button product_type_variable add_to_cart_button\" data-product_id=\"411\" data-product_sku=\"FD0242\" aria-label=\"S\u00e9lectionner les options pour &ldquo;Effets sp\u00e9ciaux - Bernard Zielinski&rdquo;\" rel=\"nofollow\">Choix des options<\/a>\t<span id=\"woocommerce_loop_add_to_cart_link_describedby_411\" class=\"screen-reader-text\">\n\t\tCe produit a plusieurs variations. Les options peuvent \u00eatre choisies sur la page du produit\t<\/span>\n<\/li><\/ul><\/div><!-- .product-inner .clr --><\/li>\n<li class=\"entry has-media add-to-wishlist-before_image has-product-nav col span_1_of_3 owp-content-center owp-thumbs-layout-horizontal owp-btn-normal owp-tabs-layout-horizontal product type-product post-638 status-publish instock product_cat-claviers product_cat-duo product_cat-giner-bruno product_cat-multipercussion product_cat-chambre product_cat-piano has-post-thumbnail taxable shipping-taxable purchasable product-type-variable\">\n\t\n<div\n\tclass=\"yith-wcwl-add-to-wishlist add-to-wishlist-638 yith-wcwl-add-to-wishlist--link-style wishlist-fragment on-first-load\"\n\tdata-fragment-ref=\"638\"\n\tdata-fragment-options=\"{&quot;base_url&quot;:&quot;&quot;,&quot;product_id&quot;:638,&quot;parent_product_id&quot;:0,&quot;product_type&quot;:&quot;variable&quot;,&quot;is_single&quot;:false,&quot;in_default_wishlist&quot;:false,&quot;show_view&quot;:false,&quot;browse_wishlist_text&quot;:&quot;Voir la liste des favoris&quot;,&quot;already_in_wishslist_text&quot;:&quot;Le produit est d\\u00e9j\\u00e0 dans vos favoris\\u00a0!&quot;,&quot;product_added_text&quot;:&quot;Produit ajout\\u00e9 \\u00e0 vos favoris !&quot;,&quot;available_multi_wishlist&quot;:false,&quot;disable_wishlist&quot;:false,&quot;show_count&quot;:false,&quot;ajax_loading&quot;:false,&quot;loop_position&quot;:&quot;before_image&quot;,&quot;item&quot;:&quot;add_to_wishlist&quot;}\"\n>\n\t<\/div>\n<div class=\"product-inner clr\">\r\n\t<div class=\"woo-entry-image-swap woo-entry-image clr\">\r\n\t\t<a href=\"https:\/\/dhalmann.fr\/music\/produit\/impacts-giner-bruno\/\" class=\"woocommerce-LoopProduct-link\"><img decoding=\"async\" width=\"300\" height=\"425\" src=\"https:\/\/dhalmann.fr\/music\/wp-content\/uploads\/2021\/07\/FD0391-impacts-300x425.jpg\" class=\"woo-entry-image-main\" alt=\"Impacts &#8211; Bruno Giner\" itemprop=\"image\" srcset=\"https:\/\/dhalmann.fr\/music\/wp-content\/uploads\/2021\/07\/FD0391-impacts-300x425.jpg 300w, https:\/\/dhalmann.fr\/music\/wp-content\/uploads\/2021\/07\/FD0391-impacts-64x91.jpg 64w, https:\/\/dhalmann.fr\/music\/wp-content\/uploads\/2021\/07\/FD0391-impacts-212x300.jpg 212w, https:\/\/dhalmann.fr\/music\/wp-content\/uploads\/2021\/07\/FD0391-impacts-416x589.jpg 416w, https:\/\/dhalmann.fr\/music\/wp-content\/uploads\/2021\/07\/FD0391-impacts.jpg 597w\" sizes=\"(max-width: 300px) 100vw, 300px\" \/><img decoding=\"async\" width=\"300\" height=\"424\" src=\"https:\/\/dhalmann.fr\/music\/wp-content\/uploads\/2021\/08\/FD0391_04-300x424.jpg\" class=\"woo-entry-image-secondary\" alt=\"Impacts &#8211; Bruno Giner\" itemprop=\"image\" srcset=\"https:\/\/dhalmann.fr\/music\/wp-content\/uploads\/2021\/08\/FD0391_04-300x424.jpg 300w, https:\/\/dhalmann.fr\/music\/wp-content\/uploads\/2021\/08\/FD0391_04-600x848.jpg 600w, https:\/\/dhalmann.fr\/music\/wp-content\/uploads\/2021\/08\/FD0391_04-64x90.jpg 64w, https:\/\/dhalmann.fr\/music\/wp-content\/uploads\/2021\/08\/FD0391_04-212x300.jpg 212w, https:\/\/dhalmann.fr\/music\/wp-content\/uploads\/2021\/08\/FD0391_04-725x1024.jpg 725w, https:\/\/dhalmann.fr\/music\/wp-content\/uploads\/2021\/08\/FD0391_04-768x1085.jpg 768w, https:\/\/dhalmann.fr\/music\/wp-content\/uploads\/2021\/08\/FD0391_04.jpg 794w\" sizes=\"(max-width: 300px) 100vw, 300px\" \/><\/a><a href=\"#\" id=\"product_id_638\" class=\"owp-quick-view\" data-product_id=\"638\" aria-label=\"Pr\u00e9visualiser rapidement le produit Impacts - Bruno Giner\"><i class=\" icon-eye\" aria-hidden=\"true\" role=\"img\"><\/i> Vue rapide<\/a>\t<\/div><!-- .woo-entry-image-swap -->\r\n\r\n<ul class=\"woo-entry-inner clr\"><li class=\"image-wrap\">\r\n\t<div class=\"woo-entry-image-swap woo-entry-image clr\">\r\n\t\t<a href=\"https:\/\/dhalmann.fr\/music\/produit\/impacts-giner-bruno\/\" class=\"woocommerce-LoopProduct-link\"><img decoding=\"async\" width=\"300\" height=\"425\" src=\"https:\/\/dhalmann.fr\/music\/wp-content\/uploads\/2021\/07\/FD0391-impacts-300x425.jpg\" class=\"woo-entry-image-main\" alt=\"Impacts &#8211; Bruno Giner\" itemprop=\"image\" srcset=\"https:\/\/dhalmann.fr\/music\/wp-content\/uploads\/2021\/07\/FD0391-impacts-300x425.jpg 300w, https:\/\/dhalmann.fr\/music\/wp-content\/uploads\/2021\/07\/FD0391-impacts-64x91.jpg 64w, https:\/\/dhalmann.fr\/music\/wp-content\/uploads\/2021\/07\/FD0391-impacts-212x300.jpg 212w, https:\/\/dhalmann.fr\/music\/wp-content\/uploads\/2021\/07\/FD0391-impacts-416x589.jpg 416w, https:\/\/dhalmann.fr\/music\/wp-content\/uploads\/2021\/07\/FD0391-impacts.jpg 597w\" sizes=\"(max-width: 300px) 100vw, 300px\" \/><img decoding=\"async\" width=\"300\" height=\"424\" src=\"https:\/\/dhalmann.fr\/music\/wp-content\/uploads\/2021\/08\/FD0391_04-300x424.jpg\" class=\"woo-entry-image-secondary\" alt=\"Impacts &#8211; Bruno Giner\" itemprop=\"image\" srcset=\"https:\/\/dhalmann.fr\/music\/wp-content\/uploads\/2021\/08\/FD0391_04-300x424.jpg 300w, https:\/\/dhalmann.fr\/music\/wp-content\/uploads\/2021\/08\/FD0391_04-600x848.jpg 600w, https:\/\/dhalmann.fr\/music\/wp-content\/uploads\/2021\/08\/FD0391_04-64x90.jpg 64w, https:\/\/dhalmann.fr\/music\/wp-content\/uploads\/2021\/08\/FD0391_04-212x300.jpg 212w, https:\/\/dhalmann.fr\/music\/wp-content\/uploads\/2021\/08\/FD0391_04-725x1024.jpg 725w, https:\/\/dhalmann.fr\/music\/wp-content\/uploads\/2021\/08\/FD0391_04-768x1085.jpg 768w, https:\/\/dhalmann.fr\/music\/wp-content\/uploads\/2021\/08\/FD0391_04.jpg 794w\" sizes=\"(max-width: 300px) 100vw, 300px\" \/><\/a><a href=\"#\" id=\"product_id_638\" class=\"owp-quick-view\" data-product_id=\"638\" aria-label=\"Pr\u00e9visualiser rapidement le produit Impacts - Bruno Giner\"><i class=\" icon-eye\" aria-hidden=\"true\" role=\"img\"><\/i> Vue rapide<\/a>\t<\/div><!-- .woo-entry-image-swap -->\r\n\r\n<\/li><li class=\"category\"><a href=\"https:\/\/dhalmann.fr\/music\/product-category\/instrument\/claviers\/\" rel=\"tag\">Claviers<\/a>, <a href=\"https:\/\/dhalmann.fr\/music\/product-category\/formation\/duo\/\" rel=\"tag\">Duo<\/a>, <a href=\"https:\/\/dhalmann.fr\/music\/product-category\/auteurs\/giner-bruno\/\" rel=\"tag\">Giner Bruno<\/a>, <a href=\"https:\/\/dhalmann.fr\/music\/product-category\/instrument\/percussion\/multipercussion\/\" rel=\"tag\">Multi-percussion<\/a>, <a href=\"https:\/\/dhalmann.fr\/music\/product-category\/instrument\/chambre\/\" rel=\"tag\">Musique de Chambre<\/a>, <a href=\"https:\/\/dhalmann.fr\/music\/product-category\/instrument\/claviers\/piano\/\" rel=\"tag\">Piano<\/a><\/li><li class=\"title\"><h2><a href=\"https:\/\/dhalmann.fr\/music\/produit\/impacts-giner-bruno\/\">Impacts &#8211; Bruno Giner<\/a><\/h2><\/li><li class=\"price-wrap\">\n\t<span class=\"price\"><span class=\"woocommerce-Price-amount amount\"><bdi>20,20<span class=\"woocommerce-Price-currencySymbol\">&euro;<\/span><\/bdi><\/span><\/span>\n<\/li><li class=\"btn-wrap clr\"><a href=\"https:\/\/dhalmann.fr\/music\/produit\/impacts-giner-bruno\/\" aria-describedby=\"woocommerce_loop_add_to_cart_link_describedby_638\" data-quantity=\"1\" class=\"button product_type_variable add_to_cart_button\" data-product_id=\"638\" data-product_sku=\"FD0391\" aria-label=\"S\u00e9lectionner les options pour &ldquo;Impacts - Bruno Giner&rdquo;\" rel=\"nofollow\">Choix des options<\/a>\t<span id=\"woocommerce_loop_add_to_cart_link_describedby_638\" class=\"screen-reader-text\">\n\t\tCe produit a plusieurs variations. Les options peuvent \u00eatre choisies sur la page du produit\t<\/span>\n<\/li><\/ul><\/div><!-- .product-inner .clr --><\/li>\n<li class=\"entry has-media add-to-wishlist-before_image has-product-nav col span_1_of_3 owp-content-center owp-thumbs-layout-horizontal owp-btn-normal owp-tabs-layout-horizontal product type-product post-13 status-publish last instock product_cat-almada-daniel product_cat-vibraphone has-post-thumbnail taxable shipping-taxable purchasable product-type-variable\">\n\t\n<div\n\tclass=\"yith-wcwl-add-to-wishlist add-to-wishlist-13 yith-wcwl-add-to-wishlist--link-style wishlist-fragment on-first-load\"\n\tdata-fragment-ref=\"13\"\n\tdata-fragment-options=\"{&quot;base_url&quot;:&quot;&quot;,&quot;product_id&quot;:13,&quot;parent_product_id&quot;:0,&quot;product_type&quot;:&quot;variable&quot;,&quot;is_single&quot;:false,&quot;in_default_wishlist&quot;:false,&quot;show_view&quot;:false,&quot;browse_wishlist_text&quot;:&quot;Voir la liste des favoris&quot;,&quot;already_in_wishslist_text&quot;:&quot;Le produit est d\\u00e9j\\u00e0 dans vos favoris\\u00a0!&quot;,&quot;product_added_text&quot;:&quot;Produit ajout\\u00e9 \\u00e0 vos favoris !&quot;,&quot;available_multi_wishlist&quot;:false,&quot;disable_wishlist&quot;:false,&quot;show_count&quot;:false,&quot;ajax_loading&quot;:false,&quot;loop_position&quot;:&quot;before_image&quot;,&quot;item&quot;:&quot;add_to_wishlist&quot;}\"\n>\n\t<\/div>\n<div class=\"product-inner clr\">\r\n\t<div class=\"woo-entry-image-swap woo-entry-image clr\">\r\n\t\t<a href=\"https:\/\/dhalmann.fr\/music\/produit\/linde-daniel-almada\/\" class=\"woocommerce-LoopProduct-link\"><img decoding=\"async\" width=\"300\" height=\"424\" src=\"https:\/\/dhalmann.fr\/music\/wp-content\/uploads\/2021\/07\/FD0001-linde-300x424.jpg\" class=\"woo-entry-image-main\" alt=\"Linde &#8211; Daniel Almada\" itemprop=\"image\" srcset=\"https:\/\/dhalmann.fr\/music\/wp-content\/uploads\/2021\/07\/FD0001-linde-300x424.jpg 300w, https:\/\/dhalmann.fr\/music\/wp-content\/uploads\/2021\/07\/FD0001-linde-600x849.jpg 600w, https:\/\/dhalmann.fr\/music\/wp-content\/uploads\/2021\/07\/FD0001-linde-64x91.jpg 64w, https:\/\/dhalmann.fr\/music\/wp-content\/uploads\/2021\/07\/FD0001-linde-212x300.jpg 212w, https:\/\/dhalmann.fr\/music\/wp-content\/uploads\/2021\/07\/FD0001-linde.jpg 707w\" sizes=\"(max-width: 300px) 100vw, 300px\" \/><img decoding=\"async\" width=\"300\" height=\"212\" src=\"https:\/\/dhalmann.fr\/music\/wp-content\/uploads\/2021\/07\/FD0001_01-300x212.jpg\" class=\"woo-entry-image-secondary\" alt=\"Linde &#8211; Daniel Almada\" itemprop=\"image\" srcset=\"https:\/\/dhalmann.fr\/music\/wp-content\/uploads\/2021\/07\/FD0001_01-300x212.jpg 300w, https:\/\/dhalmann.fr\/music\/wp-content\/uploads\/2021\/07\/FD0001_01-600x425.jpg 600w, https:\/\/dhalmann.fr\/music\/wp-content\/uploads\/2021\/07\/FD0001_01-64x45.jpg 64w, https:\/\/dhalmann.fr\/music\/wp-content\/uploads\/2021\/07\/FD0001_01-1024x725.jpg 1024w, https:\/\/dhalmann.fr\/music\/wp-content\/uploads\/2021\/07\/FD0001_01-768x543.jpg 768w, https:\/\/dhalmann.fr\/music\/wp-content\/uploads\/2021\/07\/FD0001_01.jpg 1122w\" sizes=\"(max-width: 300px) 100vw, 300px\" \/><\/a><a href=\"#\" id=\"product_id_13\" class=\"owp-quick-view\" data-product_id=\"13\" aria-label=\"Pr\u00e9visualiser rapidement le produit Linde - Daniel Almada\"><i class=\" icon-eye\" aria-hidden=\"true\" role=\"img\"><\/i> Vue rapide<\/a>\t<\/div><!-- .woo-entry-image-swap -->\r\n\r\n<ul class=\"woo-entry-inner clr\"><li class=\"image-wrap\">\r\n\t<div class=\"woo-entry-image-swap woo-entry-image clr\">\r\n\t\t<a href=\"https:\/\/dhalmann.fr\/music\/produit\/linde-daniel-almada\/\" class=\"woocommerce-LoopProduct-link\"><img decoding=\"async\" width=\"300\" height=\"424\" src=\"https:\/\/dhalmann.fr\/music\/wp-content\/uploads\/2021\/07\/FD0001-linde-300x424.jpg\" class=\"woo-entry-image-main\" alt=\"Linde &#8211; Daniel Almada\" itemprop=\"image\" srcset=\"https:\/\/dhalmann.fr\/music\/wp-content\/uploads\/2021\/07\/FD0001-linde-300x424.jpg 300w, https:\/\/dhalmann.fr\/music\/wp-content\/uploads\/2021\/07\/FD0001-linde-600x849.jpg 600w, https:\/\/dhalmann.fr\/music\/wp-content\/uploads\/2021\/07\/FD0001-linde-64x91.jpg 64w, https:\/\/dhalmann.fr\/music\/wp-content\/uploads\/2021\/07\/FD0001-linde-212x300.jpg 212w, https:\/\/dhalmann.fr\/music\/wp-content\/uploads\/2021\/07\/FD0001-linde.jpg 707w\" sizes=\"(max-width: 300px) 100vw, 300px\" \/><img decoding=\"async\" width=\"300\" height=\"212\" src=\"https:\/\/dhalmann.fr\/music\/wp-content\/uploads\/2021\/07\/FD0001_01-300x212.jpg\" class=\"woo-entry-image-secondary\" alt=\"Linde &#8211; Daniel Almada\" itemprop=\"image\" srcset=\"https:\/\/dhalmann.fr\/music\/wp-content\/uploads\/2021\/07\/FD0001_01-300x212.jpg 300w, https:\/\/dhalmann.fr\/music\/wp-content\/uploads\/2021\/07\/FD0001_01-600x425.jpg 600w, https:\/\/dhalmann.fr\/music\/wp-content\/uploads\/2021\/07\/FD0001_01-64x45.jpg 64w, https:\/\/dhalmann.fr\/music\/wp-content\/uploads\/2021\/07\/FD0001_01-1024x725.jpg 1024w, https:\/\/dhalmann.fr\/music\/wp-content\/uploads\/2021\/07\/FD0001_01-768x543.jpg 768w, https:\/\/dhalmann.fr\/music\/wp-content\/uploads\/2021\/07\/FD0001_01.jpg 1122w\" sizes=\"(max-width: 300px) 100vw, 300px\" \/><\/a><a href=\"#\" id=\"product_id_13\" class=\"owp-quick-view\" data-product_id=\"13\" aria-label=\"Pr\u00e9visualiser rapidement le produit Linde - Daniel Almada\"><i class=\" icon-eye\" aria-hidden=\"true\" role=\"img\"><\/i> Vue rapide<\/a>\t<\/div><!-- .woo-entry-image-swap -->\r\n\r\n<\/li><li class=\"category\"><a href=\"https:\/\/dhalmann.fr\/music\/product-category\/auteurs\/almada-daniel\/\" rel=\"tag\">Almada Daniel<\/a>, <a href=\"https:\/\/dhalmann.fr\/music\/product-category\/instrument\/percussion\/vibraphone\/\" rel=\"tag\">Vibraphone<\/a><\/li><li class=\"title\"><h2><a href=\"https:\/\/dhalmann.fr\/music\/produit\/linde-daniel-almada\/\">Linde &#8211; Daniel Almada<\/a><\/h2><\/li><li class=\"price-wrap\">\n\t<span class=\"price\"><span class=\"woocommerce-Price-amount amount\"><bdi>50,10<span class=\"woocommerce-Price-currencySymbol\">&euro;<\/span><\/bdi><\/span><\/span>\n<\/li><li class=\"btn-wrap clr\"><a href=\"https:\/\/dhalmann.fr\/music\/produit\/linde-daniel-almada\/\" aria-describedby=\"woocommerce_loop_add_to_cart_link_describedby_13\" data-quantity=\"1\" class=\"button product_type_variable add_to_cart_button\" data-product_id=\"13\" data-product_sku=\"FD0001\" aria-label=\"S\u00e9lectionner les options pour &ldquo;Linde - Daniel Almada&rdquo;\" rel=\"nofollow\">Choix des options<\/a>\t<span id=\"woocommerce_loop_add_to_cart_link_describedby_13\" class=\"screen-reader-text\">\n\t\tCe produit a plusieurs variations. Les options peuvent \u00eatre choisies sur la page du produit\t<\/span>\n<\/li><\/ul><\/div><!-- .product-inner .clr --><\/li>\n<li class=\"entry has-media add-to-wishlist-before_image has-product-nav col span_1_of_3 owp-content-center owp-thumbs-layout-horizontal owp-btn-normal owp-tabs-layout-horizontal product type-product post-15 status-publish first instock product_cat-muller-richard product_cat-solo product_cat-vibraphone has-post-thumbnail taxable shipping-taxable purchasable product-type-variable\">\n\t\n<div\n\tclass=\"yith-wcwl-add-to-wishlist add-to-wishlist-15 yith-wcwl-add-to-wishlist--link-style wishlist-fragment on-first-load\"\n\tdata-fragment-ref=\"15\"\n\tdata-fragment-options=\"{&quot;base_url&quot;:&quot;&quot;,&quot;product_id&quot;:15,&quot;parent_product_id&quot;:0,&quot;product_type&quot;:&quot;variable&quot;,&quot;is_single&quot;:false,&quot;in_default_wishlist&quot;:false,&quot;show_view&quot;:false,&quot;browse_wishlist_text&quot;:&quot;Voir la liste des favoris&quot;,&quot;already_in_wishslist_text&quot;:&quot;Le produit est d\\u00e9j\\u00e0 dans vos favoris\\u00a0!&quot;,&quot;product_added_text&quot;:&quot;Produit ajout\\u00e9 \\u00e0 vos favoris !&quot;,&quot;available_multi_wishlist&quot;:false,&quot;disable_wishlist&quot;:false,&quot;show_count&quot;:false,&quot;ajax_loading&quot;:false,&quot;loop_position&quot;:&quot;before_image&quot;,&quot;item&quot;:&quot;add_to_wishlist&quot;}\"\n>\n\t<\/div>\n<div class=\"product-inner clr\">\r\n\t<div class=\"woo-entry-image-swap woo-entry-image clr\">\r\n\t\t<a href=\"https:\/\/dhalmann.fr\/music\/produit\/radio-pirate-muller-richard\/\" class=\"woocommerce-LoopProduct-link\"><img decoding=\"async\" width=\"300\" height=\"424\" src=\"https:\/\/dhalmann.fr\/music\/wp-content\/uploads\/2021\/07\/FD0003-radio-_pirate-300x424.jpg\" class=\"woo-entry-image-main\" alt=\"Radio Pirate &#8211; Richard Muller\" itemprop=\"image\" srcset=\"https:\/\/dhalmann.fr\/music\/wp-content\/uploads\/2021\/07\/FD0003-radio-_pirate-300x424.jpg 300w, https:\/\/dhalmann.fr\/music\/wp-content\/uploads\/2021\/07\/FD0003-radio-_pirate-600x849.jpg 600w, https:\/\/dhalmann.fr\/music\/wp-content\/uploads\/2021\/07\/FD0003-radio-_pirate-64x91.jpg 64w, https:\/\/dhalmann.fr\/music\/wp-content\/uploads\/2021\/07\/FD0003-radio-_pirate-212x300.jpg 212w, https:\/\/dhalmann.fr\/music\/wp-content\/uploads\/2021\/07\/FD0003-radio-_pirate.jpg 707w\" sizes=\"(max-width: 300px) 100vw, 300px\" \/><img decoding=\"async\" width=\"300\" height=\"424\" src=\"https:\/\/dhalmann.fr\/music\/wp-content\/uploads\/2021\/08\/FD0003_02-300x424.jpg\" class=\"woo-entry-image-secondary\" alt=\"Radio Pirate &#8211; Richard Muller\" itemprop=\"image\" srcset=\"https:\/\/dhalmann.fr\/music\/wp-content\/uploads\/2021\/08\/FD0003_02-300x424.jpg 300w, https:\/\/dhalmann.fr\/music\/wp-content\/uploads\/2021\/08\/FD0003_02-600x848.jpg 600w, https:\/\/dhalmann.fr\/music\/wp-content\/uploads\/2021\/08\/FD0003_02-64x90.jpg 64w, https:\/\/dhalmann.fr\/music\/wp-content\/uploads\/2021\/08\/FD0003_02-212x300.jpg 212w, https:\/\/dhalmann.fr\/music\/wp-content\/uploads\/2021\/08\/FD0003_02-725x1024.jpg 725w, https:\/\/dhalmann.fr\/music\/wp-content\/uploads\/2021\/08\/FD0003_02-768x1085.jpg 768w, https:\/\/dhalmann.fr\/music\/wp-content\/uploads\/2021\/08\/FD0003_02.jpg 794w\" sizes=\"(max-width: 300px) 100vw, 300px\" \/><\/a><a href=\"#\" id=\"product_id_15\" class=\"owp-quick-view\" data-product_id=\"15\" aria-label=\"Pr\u00e9visualiser rapidement le produit Radio Pirate - Richard Muller\"><i class=\" icon-eye\" aria-hidden=\"true\" role=\"img\"><\/i> Vue rapide<\/a>\t<\/div><!-- .woo-entry-image-swap -->\r\n\r\n<ul class=\"woo-entry-inner clr\"><li class=\"image-wrap\">\r\n\t<div class=\"woo-entry-image-swap woo-entry-image clr\">\r\n\t\t<a href=\"https:\/\/dhalmann.fr\/music\/produit\/radio-pirate-muller-richard\/\" class=\"woocommerce-LoopProduct-link\"><img decoding=\"async\" width=\"300\" height=\"424\" src=\"https:\/\/dhalmann.fr\/music\/wp-content\/uploads\/2021\/07\/FD0003-radio-_pirate-300x424.jpg\" class=\"woo-entry-image-main\" alt=\"Radio Pirate &#8211; Richard Muller\" itemprop=\"image\" srcset=\"https:\/\/dhalmann.fr\/music\/wp-content\/uploads\/2021\/07\/FD0003-radio-_pirate-300x424.jpg 300w, https:\/\/dhalmann.fr\/music\/wp-content\/uploads\/2021\/07\/FD0003-radio-_pirate-600x849.jpg 600w, https:\/\/dhalmann.fr\/music\/wp-content\/uploads\/2021\/07\/FD0003-radio-_pirate-64x91.jpg 64w, https:\/\/dhalmann.fr\/music\/wp-content\/uploads\/2021\/07\/FD0003-radio-_pirate-212x300.jpg 212w, https:\/\/dhalmann.fr\/music\/wp-content\/uploads\/2021\/07\/FD0003-radio-_pirate.jpg 707w\" sizes=\"(max-width: 300px) 100vw, 300px\" \/><img decoding=\"async\" width=\"300\" height=\"424\" src=\"https:\/\/dhalmann.fr\/music\/wp-content\/uploads\/2021\/08\/FD0003_02-300x424.jpg\" class=\"woo-entry-image-secondary\" alt=\"Radio Pirate &#8211; Richard Muller\" itemprop=\"image\" srcset=\"https:\/\/dhalmann.fr\/music\/wp-content\/uploads\/2021\/08\/FD0003_02-300x424.jpg 300w, https:\/\/dhalmann.fr\/music\/wp-content\/uploads\/2021\/08\/FD0003_02-600x848.jpg 600w, https:\/\/dhalmann.fr\/music\/wp-content\/uploads\/2021\/08\/FD0003_02-64x90.jpg 64w, https:\/\/dhalmann.fr\/music\/wp-content\/uploads\/2021\/08\/FD0003_02-212x300.jpg 212w, https:\/\/dhalmann.fr\/music\/wp-content\/uploads\/2021\/08\/FD0003_02-725x1024.jpg 725w, https:\/\/dhalmann.fr\/music\/wp-content\/uploads\/2021\/08\/FD0003_02-768x1085.jpg 768w, https:\/\/dhalmann.fr\/music\/wp-content\/uploads\/2021\/08\/FD0003_02.jpg 794w\" sizes=\"(max-width: 300px) 100vw, 300px\" \/><\/a><a href=\"#\" id=\"product_id_15\" class=\"owp-quick-view\" data-product_id=\"15\" aria-label=\"Pr\u00e9visualiser rapidement le produit Radio Pirate - Richard Muller\"><i class=\" icon-eye\" aria-hidden=\"true\" role=\"img\"><\/i> Vue rapide<\/a>\t<\/div><!-- .woo-entry-image-swap -->\r\n\r\n<\/li><li class=\"category\"><a href=\"https:\/\/dhalmann.fr\/music\/product-category\/auteurs\/muller-richard\/\" rel=\"tag\">Muller Richard<\/a>, <a href=\"https:\/\/dhalmann.fr\/music\/product-category\/formation\/solo\/\" rel=\"tag\">Solo<\/a>, <a href=\"https:\/\/dhalmann.fr\/music\/product-category\/instrument\/percussion\/vibraphone\/\" rel=\"tag\">Vibraphone<\/a><\/li><li class=\"title\"><h2><a href=\"https:\/\/dhalmann.fr\/music\/produit\/radio-pirate-muller-richard\/\">Radio Pirate &#8211; Richard Muller<\/a><\/h2><\/li><li class=\"price-wrap\">\n\t<span class=\"price\"><span class=\"woocommerce-Price-amount amount\"><bdi>12,80<span class=\"woocommerce-Price-currencySymbol\">&euro;<\/span><\/bdi><\/span><\/span>\n<\/li><li class=\"btn-wrap clr\"><a href=\"https:\/\/dhalmann.fr\/music\/produit\/radio-pirate-muller-richard\/\" aria-describedby=\"woocommerce_loop_add_to_cart_link_describedby_15\" data-quantity=\"1\" class=\"button product_type_variable add_to_cart_button\" data-product_id=\"15\" data-product_sku=\"FD0003\" aria-label=\"S\u00e9lectionner les options pour &ldquo;Radio Pirate - Richard Muller&rdquo;\" rel=\"nofollow\">Choix des options<\/a>\t<span id=\"woocommerce_loop_add_to_cart_link_describedby_15\" class=\"screen-reader-text\">\n\t\tCe produit a plusieurs variations. Les options peuvent \u00eatre choisies sur la page du produit\t<\/span>\n<\/li><\/ul><\/div><!-- .product-inner .clr --><\/li>\n<li class=\"entry has-media add-to-wishlist-before_image has-product-nav col span_1_of_3 owp-content-center owp-thumbs-layout-horizontal owp-btn-normal owp-tabs-layout-horizontal product type-product post-738 status-publish instock product_cat-voix product_cat-dazzi-gualtiero product_cat-solo has-post-thumbnail taxable shipping-taxable purchasable product-type-variable\">\n\t\n<div\n\tclass=\"yith-wcwl-add-to-wishlist add-to-wishlist-738 yith-wcwl-add-to-wishlist--link-style wishlist-fragment on-first-load\"\n\tdata-fragment-ref=\"738\"\n\tdata-fragment-options=\"{&quot;base_url&quot;:&quot;&quot;,&quot;product_id&quot;:738,&quot;parent_product_id&quot;:0,&quot;product_type&quot;:&quot;variable&quot;,&quot;is_single&quot;:false,&quot;in_default_wishlist&quot;:false,&quot;show_view&quot;:false,&quot;browse_wishlist_text&quot;:&quot;Voir la liste des favoris&quot;,&quot;already_in_wishslist_text&quot;:&quot;Le produit est d\\u00e9j\\u00e0 dans vos favoris\\u00a0!&quot;,&quot;product_added_text&quot;:&quot;Produit ajout\\u00e9 \\u00e0 vos favoris !&quot;,&quot;available_multi_wishlist&quot;:false,&quot;disable_wishlist&quot;:false,&quot;show_count&quot;:false,&quot;ajax_loading&quot;:false,&quot;loop_position&quot;:&quot;before_image&quot;,&quot;item&quot;:&quot;add_to_wishlist&quot;}\"\n>\n\t<\/div>\n<div class=\"product-inner clr\">\r\n\t<div class=\"woo-entry-image-swap woo-entry-image clr\">\r\n\t\t<a href=\"https:\/\/dhalmann.fr\/music\/produit\/sette-corte-melodie-da-michelangelo-dazzi-gualtiero\/\" class=\"woocommerce-LoopProduct-link\"><img decoding=\"async\" width=\"300\" height=\"424\" src=\"https:\/\/dhalmann.fr\/music\/wp-content\/uploads\/2021\/07\/FD0455-sette-corte-melodie-300x424.jpg\" class=\"woo-entry-image-main\" alt=\"Sette corte melodie da Michelangelo &#8211; Gualtiero Dazzi\" itemprop=\"image\" srcset=\"https:\/\/dhalmann.fr\/music\/wp-content\/uploads\/2021\/07\/FD0455-sette-corte-melodie-300x424.jpg 300w, https:\/\/dhalmann.fr\/music\/wp-content\/uploads\/2021\/07\/FD0455-sette-corte-melodie-600x849.jpg 600w, https:\/\/dhalmann.fr\/music\/wp-content\/uploads\/2021\/07\/FD0455-sette-corte-melodie-64x91.jpg 64w, https:\/\/dhalmann.fr\/music\/wp-content\/uploads\/2021\/07\/FD0455-sette-corte-melodie-212x300.jpg 212w, https:\/\/dhalmann.fr\/music\/wp-content\/uploads\/2021\/07\/FD0455-sette-corte-melodie-724x1024.jpg 724w, https:\/\/dhalmann.fr\/music\/wp-content\/uploads\/2021\/07\/FD0455-sette-corte-melodie-768x1086.jpg 768w, https:\/\/dhalmann.fr\/music\/wp-content\/uploads\/2021\/07\/FD0455-sette-corte-melodie.jpg 796w\" sizes=\"(max-width: 300px) 100vw, 300px\" \/><img decoding=\"async\" width=\"300\" height=\"424\" src=\"https:\/\/dhalmann.fr\/music\/wp-content\/uploads\/2021\/07\/fd0455_01-300x424.jpg\" class=\"woo-entry-image-secondary\" alt=\"Sette corte melodie da Michelangelo &#8211; Gualtiero Dazzi\" itemprop=\"image\" srcset=\"https:\/\/dhalmann.fr\/music\/wp-content\/uploads\/2021\/07\/fd0455_01-300x424.jpg 300w, https:\/\/dhalmann.fr\/music\/wp-content\/uploads\/2021\/07\/fd0455_01-600x849.jpg 600w, https:\/\/dhalmann.fr\/music\/wp-content\/uploads\/2021\/07\/fd0455_01-64x91.jpg 64w, https:\/\/dhalmann.fr\/music\/wp-content\/uploads\/2021\/07\/fd0455_01-212x300.jpg 212w, https:\/\/dhalmann.fr\/music\/wp-content\/uploads\/2021\/07\/fd0455_01-724x1024.jpg 724w, https:\/\/dhalmann.fr\/music\/wp-content\/uploads\/2021\/07\/fd0455_01-768x1086.jpg 768w, https:\/\/dhalmann.fr\/music\/wp-content\/uploads\/2021\/07\/fd0455_01.jpg 796w\" sizes=\"(max-width: 300px) 100vw, 300px\" \/><\/a><a href=\"#\" id=\"product_id_738\" class=\"owp-quick-view\" data-product_id=\"738\" aria-label=\"Pr\u00e9visualiser rapidement le produit Sette corte melodie da Michelangelo - Gualtiero Dazzi\"><i class=\" icon-eye\" aria-hidden=\"true\" role=\"img\"><\/i> Vue rapide<\/a>\t<\/div><!-- .woo-entry-image-swap -->\r\n\r\n<ul class=\"woo-entry-inner clr\"><li class=\"image-wrap\">\r\n\t<div class=\"woo-entry-image-swap woo-entry-image clr\">\r\n\t\t<a href=\"https:\/\/dhalmann.fr\/music\/produit\/sette-corte-melodie-da-michelangelo-dazzi-gualtiero\/\" class=\"woocommerce-LoopProduct-link\"><img decoding=\"async\" width=\"300\" height=\"424\" src=\"https:\/\/dhalmann.fr\/music\/wp-content\/uploads\/2021\/07\/FD0455-sette-corte-melodie-300x424.jpg\" class=\"woo-entry-image-main\" alt=\"Sette corte melodie da Michelangelo &#8211; Gualtiero Dazzi\" itemprop=\"image\" srcset=\"https:\/\/dhalmann.fr\/music\/wp-content\/uploads\/2021\/07\/FD0455-sette-corte-melodie-300x424.jpg 300w, https:\/\/dhalmann.fr\/music\/wp-content\/uploads\/2021\/07\/FD0455-sette-corte-melodie-600x849.jpg 600w, https:\/\/dhalmann.fr\/music\/wp-content\/uploads\/2021\/07\/FD0455-sette-corte-melodie-64x91.jpg 64w, https:\/\/dhalmann.fr\/music\/wp-content\/uploads\/2021\/07\/FD0455-sette-corte-melodie-212x300.jpg 212w, https:\/\/dhalmann.fr\/music\/wp-content\/uploads\/2021\/07\/FD0455-sette-corte-melodie-724x1024.jpg 724w, https:\/\/dhalmann.fr\/music\/wp-content\/uploads\/2021\/07\/FD0455-sette-corte-melodie-768x1086.jpg 768w, https:\/\/dhalmann.fr\/music\/wp-content\/uploads\/2021\/07\/FD0455-sette-corte-melodie.jpg 796w\" sizes=\"(max-width: 300px) 100vw, 300px\" \/><img decoding=\"async\" width=\"300\" height=\"424\" src=\"https:\/\/dhalmann.fr\/music\/wp-content\/uploads\/2021\/07\/fd0455_01-300x424.jpg\" class=\"woo-entry-image-secondary\" alt=\"Sette corte melodie da Michelangelo &#8211; Gualtiero Dazzi\" itemprop=\"image\" srcset=\"https:\/\/dhalmann.fr\/music\/wp-content\/uploads\/2021\/07\/fd0455_01-300x424.jpg 300w, https:\/\/dhalmann.fr\/music\/wp-content\/uploads\/2021\/07\/fd0455_01-600x849.jpg 600w, https:\/\/dhalmann.fr\/music\/wp-content\/uploads\/2021\/07\/fd0455_01-64x91.jpg 64w, https:\/\/dhalmann.fr\/music\/wp-content\/uploads\/2021\/07\/fd0455_01-212x300.jpg 212w, https:\/\/dhalmann.fr\/music\/wp-content\/uploads\/2021\/07\/fd0455_01-724x1024.jpg 724w, https:\/\/dhalmann.fr\/music\/wp-content\/uploads\/2021\/07\/fd0455_01-768x1086.jpg 768w, https:\/\/dhalmann.fr\/music\/wp-content\/uploads\/2021\/07\/fd0455_01.jpg 796w\" sizes=\"(max-width: 300px) 100vw, 300px\" \/><\/a><a href=\"#\" id=\"product_id_738\" class=\"owp-quick-view\" data-product_id=\"738\" aria-label=\"Pr\u00e9visualiser rapidement le produit Sette corte melodie da Michelangelo - Gualtiero Dazzi\"><i class=\" icon-eye\" aria-hidden=\"true\" role=\"img\"><\/i> Vue rapide<\/a>\t<\/div><!-- .woo-entry-image-swap -->\r\n\r\n<\/li><li class=\"category\"><a href=\"https:\/\/dhalmann.fr\/music\/product-category\/instrument\/voix\/\" rel=\"tag\">Chant - Voix<\/a>, <a href=\"https:\/\/dhalmann.fr\/music\/product-category\/auteurs\/dazzi-gualtiero\/\" rel=\"tag\">Dazzi Gualtiero<\/a>, <a href=\"https:\/\/dhalmann.fr\/music\/product-category\/formation\/solo\/\" rel=\"tag\">Solo<\/a><\/li><li class=\"title\"><h2><a href=\"https:\/\/dhalmann.fr\/music\/produit\/sette-corte-melodie-da-michelangelo-dazzi-gualtiero\/\">Sette corte melodie da Michelangelo &#8211; Gualtiero Dazzi<\/a><\/h2><\/li><li class=\"price-wrap\">\n\t<span class=\"price\"><span class=\"woocommerce-Price-amount amount\"><bdi>15,40<span class=\"woocommerce-Price-currencySymbol\">&euro;<\/span><\/bdi><\/span><\/span>\n<\/li><li class=\"btn-wrap clr\"><a href=\"https:\/\/dhalmann.fr\/music\/produit\/sette-corte-melodie-da-michelangelo-dazzi-gualtiero\/\" aria-describedby=\"woocommerce_loop_add_to_cart_link_describedby_738\" data-quantity=\"1\" class=\"button product_type_variable add_to_cart_button\" data-product_id=\"738\" data-product_sku=\"FD0455\" aria-label=\"S\u00e9lectionner les options pour &ldquo;Sette corte melodie da Michelangelo - Gualtiero Dazzi&rdquo;\" rel=\"nofollow\">Choix des options<\/a>\t<span id=\"woocommerce_loop_add_to_cart_link_describedby_738\" class=\"screen-reader-text\">\n\t\tCe produit a plusieurs variations. Les options peuvent \u00eatre choisies sur la page du produit\t<\/span>\n<\/li><\/ul><\/div><!-- .product-inner .clr --><\/li>\n<li class=\"entry has-media add-to-wishlist-before_image has-product-nav col span_1_of_3 owp-content-center owp-thumbs-layout-horizontal owp-btn-normal owp-tabs-layout-horizontal product type-product post-703 status-publish last instock product_cat-giner-bruno product_cat-hautbois product_cat-solo has-post-thumbnail taxable shipping-taxable purchasable product-type-variable\">\n\t\n<div\n\tclass=\"yith-wcwl-add-to-wishlist add-to-wishlist-703 yith-wcwl-add-to-wishlist--link-style wishlist-fragment on-first-load\"\n\tdata-fragment-ref=\"703\"\n\tdata-fragment-options=\"{&quot;base_url&quot;:&quot;&quot;,&quot;product_id&quot;:703,&quot;parent_product_id&quot;:0,&quot;product_type&quot;:&quot;variable&quot;,&quot;is_single&quot;:false,&quot;in_default_wishlist&quot;:false,&quot;show_view&quot;:false,&quot;browse_wishlist_text&quot;:&quot;Voir la liste des favoris&quot;,&quot;already_in_wishslist_text&quot;:&quot;Le produit est d\\u00e9j\\u00e0 dans vos favoris\\u00a0!&quot;,&quot;product_added_text&quot;:&quot;Produit ajout\\u00e9 \\u00e0 vos favoris !&quot;,&quot;available_multi_wishlist&quot;:false,&quot;disable_wishlist&quot;:false,&quot;show_count&quot;:false,&quot;ajax_loading&quot;:false,&quot;loop_position&quot;:&quot;before_image&quot;,&quot;item&quot;:&quot;add_to_wishlist&quot;}\"\n>\n\t<\/div>\n<div class=\"product-inner clr\">\r\n\t<div class=\"woo-entry-image-swap woo-entry-image clr\">\r\n\t\t<a href=\"https:\/\/dhalmann.fr\/music\/produit\/trois-silences-dechires-in-memoriam-pavel-haas-giner-bruno\/\" class=\"woocommerce-LoopProduct-link\"><img decoding=\"async\" width=\"300\" height=\"425\" src=\"https:\/\/dhalmann.fr\/music\/wp-content\/uploads\/2021\/07\/FD0430-trois-silences-dechires-300x425.jpg\" class=\"woo-entry-image-main\" alt=\"Trois silences d\u00e9chir\u00e9s (in memoriam Pavel Haas) &#8211; Bruno Giner\" itemprop=\"image\" srcset=\"https:\/\/dhalmann.fr\/music\/wp-content\/uploads\/2021\/07\/FD0430-trois-silences-dechires-300x425.jpg 300w, https:\/\/dhalmann.fr\/music\/wp-content\/uploads\/2021\/07\/FD0430-trois-silences-dechires-600x849.jpg 600w, https:\/\/dhalmann.fr\/music\/wp-content\/uploads\/2021\/07\/FD0430-trois-silences-dechires-64x91.jpg 64w, https:\/\/dhalmann.fr\/music\/wp-content\/uploads\/2021\/07\/FD0430-trois-silences-dechires-212x300.jpg 212w, https:\/\/dhalmann.fr\/music\/wp-content\/uploads\/2021\/07\/FD0430-trois-silences-dechires-723x1024.jpg 723w, https:\/\/dhalmann.fr\/music\/wp-content\/uploads\/2021\/07\/FD0430-trois-silences-dechires.jpg 746w\" sizes=\"(max-width: 300px) 100vw, 300px\" \/><img decoding=\"async\" width=\"300\" height=\"424\" src=\"https:\/\/dhalmann.fr\/music\/wp-content\/uploads\/2021\/08\/fd0430_03-300x424.jpg\" class=\"woo-entry-image-secondary\" alt=\"Trois silences d\u00e9chir\u00e9s (in memoriam Pavel Haas) &#8211; Bruno Giner\" itemprop=\"image\" srcset=\"https:\/\/dhalmann.fr\/music\/wp-content\/uploads\/2021\/08\/fd0430_03-300x424.jpg 300w, https:\/\/dhalmann.fr\/music\/wp-content\/uploads\/2021\/08\/fd0430_03-600x849.jpg 600w, https:\/\/dhalmann.fr\/music\/wp-content\/uploads\/2021\/08\/fd0430_03-64x91.jpg 64w, https:\/\/dhalmann.fr\/music\/wp-content\/uploads\/2021\/08\/fd0430_03-212x300.jpg 212w, https:\/\/dhalmann.fr\/music\/wp-content\/uploads\/2021\/08\/fd0430_03-724x1024.jpg 724w, https:\/\/dhalmann.fr\/music\/wp-content\/uploads\/2021\/08\/fd0430_03-768x1086.jpg 768w, https:\/\/dhalmann.fr\/music\/wp-content\/uploads\/2021\/08\/fd0430_03.jpg 794w\" sizes=\"(max-width: 300px) 100vw, 300px\" \/><\/a><a href=\"#\" id=\"product_id_703\" class=\"owp-quick-view\" data-product_id=\"703\" aria-label=\"Pr\u00e9visualiser rapidement le produit Trois silences d\u00e9chir\u00e9s (in memoriam Pavel Haas) - Bruno Giner\"><i class=\" icon-eye\" aria-hidden=\"true\" role=\"img\"><\/i> Vue rapide<\/a>\t<\/div><!-- .woo-entry-image-swap -->\r\n\r\n<ul class=\"woo-entry-inner clr\"><li class=\"image-wrap\">\r\n\t<div class=\"woo-entry-image-swap woo-entry-image clr\">\r\n\t\t<a href=\"https:\/\/dhalmann.fr\/music\/produit\/trois-silences-dechires-in-memoriam-pavel-haas-giner-bruno\/\" class=\"woocommerce-LoopProduct-link\"><img decoding=\"async\" width=\"300\" height=\"425\" src=\"https:\/\/dhalmann.fr\/music\/wp-content\/uploads\/2021\/07\/FD0430-trois-silences-dechires-300x425.jpg\" class=\"woo-entry-image-main\" alt=\"Trois silences d\u00e9chir\u00e9s (in memoriam Pavel Haas) &#8211; Bruno Giner\" itemprop=\"image\" srcset=\"https:\/\/dhalmann.fr\/music\/wp-content\/uploads\/2021\/07\/FD0430-trois-silences-dechires-300x425.jpg 300w, https:\/\/dhalmann.fr\/music\/wp-content\/uploads\/2021\/07\/FD0430-trois-silences-dechires-600x849.jpg 600w, https:\/\/dhalmann.fr\/music\/wp-content\/uploads\/2021\/07\/FD0430-trois-silences-dechires-64x91.jpg 64w, https:\/\/dhalmann.fr\/music\/wp-content\/uploads\/2021\/07\/FD0430-trois-silences-dechires-212x300.jpg 212w, https:\/\/dhalmann.fr\/music\/wp-content\/uploads\/2021\/07\/FD0430-trois-silences-dechires-723x1024.jpg 723w, https:\/\/dhalmann.fr\/music\/wp-content\/uploads\/2021\/07\/FD0430-trois-silences-dechires.jpg 746w\" sizes=\"(max-width: 300px) 100vw, 300px\" \/><img decoding=\"async\" width=\"300\" height=\"424\" src=\"https:\/\/dhalmann.fr\/music\/wp-content\/uploads\/2021\/08\/fd0430_03-300x424.jpg\" class=\"woo-entry-image-secondary\" alt=\"Trois silences d\u00e9chir\u00e9s (in memoriam Pavel Haas) &#8211; Bruno Giner\" itemprop=\"image\" srcset=\"https:\/\/dhalmann.fr\/music\/wp-content\/uploads\/2021\/08\/fd0430_03-300x424.jpg 300w, https:\/\/dhalmann.fr\/music\/wp-content\/uploads\/2021\/08\/fd0430_03-600x849.jpg 600w, https:\/\/dhalmann.fr\/music\/wp-content\/uploads\/2021\/08\/fd0430_03-64x91.jpg 64w, https:\/\/dhalmann.fr\/music\/wp-content\/uploads\/2021\/08\/fd0430_03-212x300.jpg 212w, https:\/\/dhalmann.fr\/music\/wp-content\/uploads\/2021\/08\/fd0430_03-724x1024.jpg 724w, https:\/\/dhalmann.fr\/music\/wp-content\/uploads\/2021\/08\/fd0430_03-768x1086.jpg 768w, https:\/\/dhalmann.fr\/music\/wp-content\/uploads\/2021\/08\/fd0430_03.jpg 794w\" sizes=\"(max-width: 300px) 100vw, 300px\" \/><\/a><a href=\"#\" id=\"product_id_703\" class=\"owp-quick-view\" data-product_id=\"703\" aria-label=\"Pr\u00e9visualiser rapidement le produit Trois silences d\u00e9chir\u00e9s (in memoriam Pavel Haas) - Bruno Giner\"><i class=\" icon-eye\" aria-hidden=\"true\" role=\"img\"><\/i> Vue rapide<\/a>\t<\/div><!-- .woo-entry-image-swap -->\r\n\r\n<\/li><li class=\"category\"><a href=\"https:\/\/dhalmann.fr\/music\/product-category\/auteurs\/giner-bruno\/\" rel=\"tag\">Giner Bruno<\/a>, <a href=\"https:\/\/dhalmann.fr\/music\/product-category\/instrument\/vents\/hautbois\/\" rel=\"tag\">Hautbois<\/a>, <a href=\"https:\/\/dhalmann.fr\/music\/product-category\/formation\/solo\/\" rel=\"tag\">Solo<\/a><\/li><li class=\"title\"><h2><a href=\"https:\/\/dhalmann.fr\/music\/produit\/trois-silences-dechires-in-memoriam-pavel-haas-giner-bruno\/\">Trois silences d\u00e9chir\u00e9s (in memoriam Pavel Haas) &#8211; Bruno Giner<\/a><\/h2><\/li><li class=\"price-wrap\">\n\t<span class=\"price\"><span class=\"woocommerce-Price-amount amount\"><bdi>16,70<span class=\"woocommerce-Price-currencySymbol\">&euro;<\/span><\/bdi><\/span><\/span>\n<\/li><li class=\"btn-wrap clr\"><a href=\"https:\/\/dhalmann.fr\/music\/produit\/trois-silences-dechires-in-memoriam-pavel-haas-giner-bruno\/\" aria-describedby=\"woocommerce_loop_add_to_cart_link_describedby_703\" data-quantity=\"1\" class=\"button product_type_variable add_to_cart_button\" data-product_id=\"703\" data-product_sku=\"FD0430\" aria-label=\"S\u00e9lectionner les options pour &ldquo;Trois silences d\u00e9chir\u00e9s (in memoriam Pavel Haas) - Bruno Giner&rdquo;\" rel=\"nofollow\">Choix des options<\/a>\t<span id=\"woocommerce_loop_add_to_cart_link_describedby_703\" class=\"screen-reader-text\">\n\t\tCe produit a plusieurs variations. Les options peuvent \u00eatre choisies sur la page du produit\t<\/span>\n<\/li><\/ul><\/div><!-- .product-inner .clr --><\/li>\n<li class=\"entry has-media add-to-wishlist-before_image has-product-nav col span_1_of_3 owp-content-center owp-thumbs-layout-horizontal owp-btn-normal owp-tabs-layout-horizontal has-no-thumbnails product type-product post-98 status-publish first instock product_cat-voix product_cat-duo product_cat-giner-bruno product_cat-marimba product_cat-chambre product_cat-vibraphone has-post-thumbnail taxable shipping-taxable purchasable product-type-variable\">\n\t\n<div\n\tclass=\"yith-wcwl-add-to-wishlist add-to-wishlist-98 yith-wcwl-add-to-wishlist--link-style wishlist-fragment on-first-load\"\n\tdata-fragment-ref=\"98\"\n\tdata-fragment-options=\"{&quot;base_url&quot;:&quot;&quot;,&quot;product_id&quot;:98,&quot;parent_product_id&quot;:0,&quot;product_type&quot;:&quot;variable&quot;,&quot;is_single&quot;:false,&quot;in_default_wishlist&quot;:false,&quot;show_view&quot;:false,&quot;browse_wishlist_text&quot;:&quot;Voir la liste des favoris&quot;,&quot;already_in_wishslist_text&quot;:&quot;Le produit est d\\u00e9j\\u00e0 dans vos favoris\\u00a0!&quot;,&quot;product_added_text&quot;:&quot;Produit ajout\\u00e9 \\u00e0 vos favoris !&quot;,&quot;available_multi_wishlist&quot;:false,&quot;disable_wishlist&quot;:false,&quot;show_count&quot;:false,&quot;ajax_loading&quot;:false,&quot;loop_position&quot;:&quot;before_image&quot;,&quot;item&quot;:&quot;add_to_wishlist&quot;}\"\n>\n\t<\/div>\n<div class=\"product-inner clr\">\r\n\t<div class=\"woo-entry-image clr\">\r\n\t\t<a href=\"https:\/\/dhalmann.fr\/music\/produit\/trois-vocalises-giner-bruno\/\" class=\"woocommerce-LoopProduct-link\"><img decoding=\"async\" width=\"300\" height=\"425\" src=\"https:\/\/dhalmann.fr\/music\/wp-content\/uploads\/2021\/07\/FD0059-trois-vocalises-300x425.jpg\" class=\"woo-entry-image-main\" alt=\"Trois vocalises &#8211; Bruno Giner\" itemprop=\"image\" srcset=\"https:\/\/dhalmann.fr\/music\/wp-content\/uploads\/2021\/07\/FD0059-trois-vocalises-300x425.jpg 300w, https:\/\/dhalmann.fr\/music\/wp-content\/uploads\/2021\/07\/FD0059-trois-vocalises-64x91.jpg 64w, https:\/\/dhalmann.fr\/music\/wp-content\/uploads\/2021\/07\/FD0059-trois-vocalises-212x300.jpg 212w, https:\/\/dhalmann.fr\/music\/wp-content\/uploads\/2021\/07\/FD0059-trois-vocalises.jpg 320w\" sizes=\"(max-width: 300px) 100vw, 300px\" \/><\/a><a href=\"#\" id=\"product_id_98\" class=\"owp-quick-view\" data-product_id=\"98\" aria-label=\"Pr\u00e9visualiser rapidement le produit Trois vocalises - Bruno Giner\"><i class=\" icon-eye\" aria-hidden=\"true\" role=\"img\"><\/i> Vue rapide<\/a>\t<\/div><!-- .woo-entry-image -->\r\n\r\n<ul class=\"woo-entry-inner clr\"><li class=\"image-wrap\">\r\n\t<div class=\"woo-entry-image clr\">\r\n\t\t<a href=\"https:\/\/dhalmann.fr\/music\/produit\/trois-vocalises-giner-bruno\/\" class=\"woocommerce-LoopProduct-link\"><img decoding=\"async\" width=\"300\" height=\"425\" src=\"https:\/\/dhalmann.fr\/music\/wp-content\/uploads\/2021\/07\/FD0059-trois-vocalises-300x425.jpg\" class=\"woo-entry-image-main\" alt=\"Trois vocalises &#8211; Bruno Giner\" itemprop=\"image\" srcset=\"https:\/\/dhalmann.fr\/music\/wp-content\/uploads\/2021\/07\/FD0059-trois-vocalises-300x425.jpg 300w, https:\/\/dhalmann.fr\/music\/wp-content\/uploads\/2021\/07\/FD0059-trois-vocalises-64x91.jpg 64w, https:\/\/dhalmann.fr\/music\/wp-content\/uploads\/2021\/07\/FD0059-trois-vocalises-212x300.jpg 212w, https:\/\/dhalmann.fr\/music\/wp-content\/uploads\/2021\/07\/FD0059-trois-vocalises.jpg 320w\" sizes=\"(max-width: 300px) 100vw, 300px\" \/><\/a><a href=\"#\" id=\"product_id_98\" class=\"owp-quick-view\" data-product_id=\"98\" aria-label=\"Pr\u00e9visualiser rapidement le produit Trois vocalises - Bruno Giner\"><i class=\" icon-eye\" aria-hidden=\"true\" role=\"img\"><\/i> Vue rapide<\/a>\t<\/div><!-- .woo-entry-image -->\r\n\r\n<\/li><li class=\"category\"><a href=\"https:\/\/dhalmann.fr\/music\/product-category\/instrument\/voix\/\" rel=\"tag\">Chant - Voix<\/a>, <a href=\"https:\/\/dhalmann.fr\/music\/product-category\/formation\/duo\/\" rel=\"tag\">Duo<\/a>, <a href=\"https:\/\/dhalmann.fr\/music\/product-category\/auteurs\/giner-bruno\/\" rel=\"tag\">Giner Bruno<\/a>, <a href=\"https:\/\/dhalmann.fr\/music\/product-category\/instrument\/percussion\/marimba\/\" rel=\"tag\">Marimba<\/a>, <a href=\"https:\/\/dhalmann.fr\/music\/product-category\/instrument\/chambre\/\" rel=\"tag\">Musique de Chambre<\/a>, <a href=\"https:\/\/dhalmann.fr\/music\/product-category\/instrument\/percussion\/vibraphone\/\" rel=\"tag\">Vibraphone<\/a><\/li><li class=\"title\"><h2><a href=\"https:\/\/dhalmann.fr\/music\/produit\/trois-vocalises-giner-bruno\/\">Trois vocalises &#8211; Bruno Giner<\/a><\/h2><\/li><li class=\"price-wrap\">\n\t<span class=\"price\"><span class=\"woocommerce-Price-amount amount\"><bdi>12,80<span class=\"woocommerce-Price-currencySymbol\">&euro;<\/span><\/bdi><\/span><\/span>\n<\/li><li class=\"btn-wrap clr\"><a href=\"https:\/\/dhalmann.fr\/music\/produit\/trois-vocalises-giner-bruno\/\" aria-describedby=\"woocommerce_loop_add_to_cart_link_describedby_98\" data-quantity=\"1\" class=\"button product_type_variable add_to_cart_button\" data-product_id=\"98\" data-product_sku=\"FD0059\" aria-label=\"S\u00e9lectionner les options pour &ldquo;Trois vocalises - Bruno Giner&rdquo;\" rel=\"nofollow\">Choix des options<\/a>\t<span id=\"woocommerce_loop_add_to_cart_link_describedby_98\" class=\"screen-reader-text\">\n\t\tCe produit a plusieurs variations. Les options peuvent \u00eatre choisies sur la page du produit\t<\/span>\n<\/li><\/ul><\/div><!-- .product-inner .clr --><\/li>\n<\/ul>\n<\/div>\n","protected":false},"excerpt":{"rendered":"<p>La s\u00e9lection de la Conf\u00e9d\u00e9ration Musicale de France (CMF) pour les examens musicaux Fin de premier cycle : Fin de deuxi\u00e8me cycle : Fin de Troisi\u00e8me cycle :<\/p>\n","protected":false},"author":2,"featured_media":0,"comment_status":"closed","ping_status":"closed","sticky":false,"template":"","format":"standard","meta":{"ocean_post_layout":"","ocean_both_sidebars_style":"","ocean_both_sidebars_content_width":0,"ocean_both_sidebars_sidebars_width":0,"ocean_sidebar":"0","ocean_second_sidebar":"0","ocean_disable_margins":"enable","ocean_add_body_class":"","ocean_shortcode_before_top_bar":"","ocean_shortcode_after_top_bar":"","ocean_shortcode_before_header":"","ocean_shortcode_after_header":"","ocean_has_shortcode":"","ocean_shortcode_after_title":"","ocean_shortcode_before_footer_widgets":"","ocean_shortcode_after_footer_widgets":"","ocean_shortcode_before_footer_bottom":"","ocean_shortcode_after_footer_bottom":"","ocean_display_top_bar":"default","ocean_display_header":"default","ocean_header_style":"","ocean_center_header_left_menu":"0","ocean_custom_header_template":"0","ocean_custom_logo":0,"ocean_custom_retina_logo":0,"ocean_custom_logo_max_width":0,"ocean_custom_logo_tablet_max_width":0,"ocean_custom_logo_mobile_max_width":0,"ocean_custom_logo_max_height":0,"ocean_custom_logo_tablet_max_height":0,"ocean_custom_logo_mobile_max_height":0,"ocean_header_custom_menu":"0","ocean_menu_typo_font_family":"0","ocean_menu_typo_font_subset":"","ocean_menu_typo_font_size":0,"ocean_menu_typo_font_size_tablet":0,"ocean_menu_typo_font_size_mobile":0,"ocean_menu_typo_font_size_unit":"px","ocean_menu_typo_font_weight":"","ocean_menu_typo_font_weight_tablet":"","ocean_menu_typo_font_weight_mobile":"","ocean_menu_typo_transform":"","ocean_menu_typo_transform_tablet":"","ocean_menu_typo_transform_mobile":"","ocean_menu_typo_line_height":0,"ocean_menu_typo_line_height_tablet":0,"ocean_menu_typo_line_height_mobile":0,"ocean_menu_typo_line_height_unit":"","ocean_menu_typo_spacing":0,"ocean_menu_typo_spacing_tablet":0,"ocean_menu_typo_spacing_mobile":0,"ocean_menu_typo_spacing_unit":"","ocean_menu_link_color":"","ocean_menu_link_color_hover":"","ocean_menu_link_color_active":"","ocean_menu_link_background":"","ocean_menu_link_hover_background":"","ocean_menu_link_active_background":"","ocean_menu_social_links_bg":"","ocean_menu_social_hover_links_bg":"","ocean_menu_social_links_color":"","ocean_menu_social_hover_links_color":"","ocean_disable_title":"default","ocean_disable_heading":"default","ocean_post_title":"","ocean_post_subheading":"","ocean_post_title_style":"","ocean_post_title_background_color":"","ocean_post_title_background":0,"ocean_post_title_bg_image_position":"","ocean_post_title_bg_image_attachment":"","ocean_post_title_bg_image_repeat":"","ocean_post_title_bg_image_size":"","ocean_post_title_height":0,"ocean_post_title_bg_overlay":0.5,"ocean_post_title_bg_overlay_color":"","ocean_disable_breadcrumbs":"default","ocean_breadcrumbs_color":"","ocean_breadcrumbs_separator_color":"","ocean_breadcrumbs_links_color":"","ocean_breadcrumbs_links_hover_color":"","ocean_display_footer_widgets":"default","ocean_display_footer_bottom":"default","ocean_custom_footer_template":"0","ocean_post_oembed":"","ocean_post_self_hosted_media":"","ocean_post_video_embed":"","ocean_link_format":"","ocean_link_format_target":"self","ocean_quote_format":"","ocean_quote_format_link":"post","ocean_gallery_link_images":"off","ocean_gallery_id":[],"footnotes":""},"categories":[512],"tags":[],"class_list":["post-7345","post","type-post","status-publish","format-standard","hentry","category-actualites","entry","owp-thumbs-layout-horizontal","owp-btn-normal","owp-tabs-layout-horizontal","has-no-thumbnails","has-product-nav"],"yoast_head":"<!-- This site is optimized with the Yoast SEO plugin v27.5 - https:\/\/yoast.com\/product\/yoast-seo-wordpress\/ -->\n<title>Les morceaux d&#039;examens : annales - Editions Fran\u00e7ois Dhalmann<\/title>\n<meta name=\"description\" content=\"La s\u00e9lection de la Conf\u00e9d\u00e9ration Musicale de France (CMF) pour les examens musicaux de l&#039;ann\u00e9e 2021-2022 en percussion\" \/>\n<meta name=\"robots\" content=\"index, follow, max-snippet:-1, max-image-preview:large, max-video-preview:-1\" \/>\n<link rel=\"canonical\" href=\"https:\/\/dhalmann.fr\/music\/les-morceaux-dexamens-2021-2022\/\" \/>\n<meta property=\"og:locale\" content=\"fr_FR\" \/>\n<meta property=\"og:type\" content=\"article\" \/>\n<meta property=\"og:title\" content=\"Les morceaux d&#039;examens : annales - Editions Fran\u00e7ois Dhalmann\" \/>\n<meta property=\"og:description\" content=\"La s\u00e9lection de la Conf\u00e9d\u00e9ration Musicale de France (CMF) pour les examens musicaux de l&#039;ann\u00e9e 2021-2022 en percussion\" \/>\n<meta property=\"og:url\" content=\"https:\/\/dhalmann.fr\/music\/les-morceaux-dexamens-2021-2022\/\" \/>\n<meta property=\"og:site_name\" content=\"Editions Fran\u00e7ois Dhalmann\" \/>\n<meta property=\"article:publisher\" content=\"https:\/\/www.facebook.com\/EditionsDhalmann\/\" \/>\n<meta property=\"article:published_time\" content=\"2021-09-10T13:35:19+00:00\" \/>\n<meta property=\"article:modified_time\" content=\"2023-02-04T15:30:47+00:00\" \/>\n<meta name=\"author\" content=\"Editions Dhalmann\" \/>\n<meta name=\"twitter:card\" content=\"summary_large_image\" \/>\n<meta name=\"twitter:creator\" content=\"@editiondhalmann\" \/>\n<meta name=\"twitter:site\" content=\"@editiondhalmann\" \/>\n<meta name=\"twitter:label1\" content=\"\u00c9crit par\" \/>\n\t<meta name=\"twitter:data1\" content=\"Editions Dhalmann\" \/>\n\t<meta name=\"twitter:label2\" content=\"Dur\u00e9e de lecture estim\u00e9e\" \/>\n\t<meta name=\"twitter:data2\" content=\"1 minute\" \/>\n<script type=\"application\/ld+json\" class=\"yoast-schema-graph\">{\"@context\":\"https:\\\/\\\/schema.org\",\"@graph\":[{\"@type\":\"Article\",\"@id\":\"https:\\\/\\\/dhalmann.fr\\\/music\\\/les-morceaux-dexamens-2021-2022\\\/#article\",\"isPartOf\":{\"@id\":\"https:\\\/\\\/dhalmann.fr\\\/music\\\/les-morceaux-dexamens-2021-2022\\\/\"},\"author\":{\"name\":\"Editions Dhalmann\",\"@id\":\"https:\\\/\\\/dhalmann.fr\\\/music\\\/#\\\/schema\\\/person\\\/a369157ae86c5e8f064177bad48750fa\"},\"headline\":\"Les morceaux d&#8217;examens : annales\",\"datePublished\":\"2021-09-10T13:35:19+00:00\",\"dateModified\":\"2023-02-04T15:30:47+00:00\",\"mainEntityOfPage\":{\"@id\":\"https:\\\/\\\/dhalmann.fr\\\/music\\\/les-morceaux-dexamens-2021-2022\\\/\"},\"wordCount\":85,\"publisher\":{\"@id\":\"https:\\\/\\\/dhalmann.fr\\\/music\\\/#organization\"},\"articleSection\":[\"Actualit\u00e9s\"],\"inLanguage\":\"fr-FR\"},{\"@type\":\"WebPage\",\"@id\":\"https:\\\/\\\/dhalmann.fr\\\/music\\\/les-morceaux-dexamens-2021-2022\\\/\",\"url\":\"https:\\\/\\\/dhalmann.fr\\\/music\\\/les-morceaux-dexamens-2021-2022\\\/\",\"name\":\"Les morceaux d'examens : annales - Editions Fran\u00e7ois Dhalmann\",\"isPartOf\":{\"@id\":\"https:\\\/\\\/dhalmann.fr\\\/music\\\/#website\"},\"datePublished\":\"2021-09-10T13:35:19+00:00\",\"dateModified\":\"2023-02-04T15:30:47+00:00\",\"description\":\"La s\u00e9lection de la Conf\u00e9d\u00e9ration Musicale de France (CMF) pour les examens musicaux de l'ann\u00e9e 2021-2022 en percussion\",\"breadcrumb\":{\"@id\":\"https:\\\/\\\/dhalmann.fr\\\/music\\\/les-morceaux-dexamens-2021-2022\\\/#breadcrumb\"},\"inLanguage\":\"fr-FR\",\"potentialAction\":[{\"@type\":\"ReadAction\",\"target\":[\"https:\\\/\\\/dhalmann.fr\\\/music\\\/les-morceaux-dexamens-2021-2022\\\/\"]}]},{\"@type\":\"BreadcrumbList\",\"@id\":\"https:\\\/\\\/dhalmann.fr\\\/music\\\/les-morceaux-dexamens-2021-2022\\\/#breadcrumb\",\"itemListElement\":[{\"@type\":\"ListItem\",\"position\":1,\"name\":\"Home\",\"item\":\"https:\\\/\\\/dhalmann.fr\\\/music\\\/\"},{\"@type\":\"ListItem\",\"position\":2,\"name\":\"Les morceaux d&#8217;examens : annales\"}]},{\"@type\":\"WebSite\",\"@id\":\"https:\\\/\\\/dhalmann.fr\\\/music\\\/#website\",\"url\":\"https:\\\/\\\/dhalmann.fr\\\/music\\\/\",\"name\":\"Editions Fran\u00e7ois Dhalmann\",\"description\":\"Partitions musicales des Editions Dhalmann pour tous les instruments - Percussion, piano, cordes, vents, ensemble, orchestre et bien plus\",\"publisher\":{\"@id\":\"https:\\\/\\\/dhalmann.fr\\\/music\\\/#organization\"},\"alternateName\":\"Dhalmann\",\"potentialAction\":[{\"@type\":\"SearchAction\",\"target\":{\"@type\":\"EntryPoint\",\"urlTemplate\":\"https:\\\/\\\/dhalmann.fr\\\/music\\\/?s={search_term_string}\"},\"query-input\":{\"@type\":\"PropertyValueSpecification\",\"valueRequired\":true,\"valueName\":\"search_term_string\"}}],\"inLanguage\":\"fr-FR\"},{\"@type\":\"Organization\",\"@id\":\"https:\\\/\\\/dhalmann.fr\\\/music\\\/#organization\",\"name\":\"Editions Francois Dhalmann\",\"alternateName\":\"Dhalmann\",\"url\":\"https:\\\/\\\/dhalmann.fr\\\/music\\\/\",\"logo\":{\"@type\":\"ImageObject\",\"inLanguage\":\"fr-FR\",\"@id\":\"https:\\\/\\\/dhalmann.fr\\\/music\\\/#\\\/schema\\\/logo\\\/image\\\/\",\"url\":\"https:\\\/\\\/dhalmann.fr\\\/music\\\/wp-content\\\/uploads\\\/2021\\\/07\\\/editions-francois-dhalmann-1397749175.jpg\",\"contentUrl\":\"https:\\\/\\\/dhalmann.fr\\\/music\\\/wp-content\\\/uploads\\\/2021\\\/07\\\/editions-francois-dhalmann-1397749175.jpg\",\"width\":559,\"height\":354,\"caption\":\"Editions Francois Dhalmann\"},\"image\":{\"@id\":\"https:\\\/\\\/dhalmann.fr\\\/music\\\/#\\\/schema\\\/logo\\\/image\\\/\"},\"sameAs\":[\"https:\\\/\\\/www.facebook.com\\\/EditionsDhalmann\\\/\",\"https:\\\/\\\/x.com\\\/editiondhalmann\",\"https:\\\/\\\/www.youtube.com\\\/channel\\\/UCZdGOJXKqg6ByF1pQloitAg\"]},{\"@type\":\"Person\",\"@id\":\"https:\\\/\\\/dhalmann.fr\\\/music\\\/#\\\/schema\\\/person\\\/a369157ae86c5e8f064177bad48750fa\",\"name\":\"Editions Dhalmann\",\"image\":{\"@type\":\"ImageObject\",\"inLanguage\":\"fr-FR\",\"@id\":\"https:\\\/\\\/secure.gravatar.com\\\/avatar\\\/7c78cfdb4a1fdf68108dcbb2afc53e5515fada4b9418f47e0456d1463bd3903b?s=96&d=mm&r=g\",\"url\":\"https:\\\/\\\/secure.gravatar.com\\\/avatar\\\/7c78cfdb4a1fdf68108dcbb2afc53e5515fada4b9418f47e0456d1463bd3903b?s=96&d=mm&r=g\",\"contentUrl\":\"https:\\\/\\\/secure.gravatar.com\\\/avatar\\\/7c78cfdb4a1fdf68108dcbb2afc53e5515fada4b9418f47e0456d1463bd3903b?s=96&d=mm&r=g\",\"caption\":\"Editions Dhalmann\"},\"url\":\"https:\\\/\\\/dhalmann.fr\\\/music\\\/author\\\/editionsdhal_18_1_19\\\/\"}]}<\/script>\n<!-- \/ Yoast SEO plugin. -->","yoast_head_json":{"title":"Les morceaux d'examens : annales - Editions Fran\u00e7ois Dhalmann","description":"La s\u00e9lection de la Conf\u00e9d\u00e9ration Musicale de France (CMF) pour les examens musicaux de l'ann\u00e9e 2021-2022 en percussion","robots":{"index":"index","follow":"follow","max-snippet":"max-snippet:-1","max-image-preview":"max-image-preview:large","max-video-preview":"max-video-preview:-1"},"canonical":"https:\/\/dhalmann.fr\/music\/les-morceaux-dexamens-2021-2022\/","og_locale":"fr_FR","og_type":"article","og_title":"Les morceaux d'examens : annales - Editions Fran\u00e7ois Dhalmann","og_description":"La s\u00e9lection de la Conf\u00e9d\u00e9ration Musicale de France (CMF) pour les examens musicaux de l'ann\u00e9e 2021-2022 en percussion","og_url":"https:\/\/dhalmann.fr\/music\/les-morceaux-dexamens-2021-2022\/","og_site_name":"Editions Fran\u00e7ois Dhalmann","article_publisher":"https:\/\/www.facebook.com\/EditionsDhalmann\/","article_published_time":"2021-09-10T13:35:19+00:00","article_modified_time":"2023-02-04T15:30:47+00:00","author":"Editions Dhalmann","twitter_card":"summary_large_image","twitter_creator":"@editiondhalmann","twitter_site":"@editiondhalmann","twitter_misc":{"\u00c9crit par":"Editions Dhalmann","Dur\u00e9e de lecture estim\u00e9e":"1 minute"},"schema":{"@context":"https:\/\/schema.org","@graph":[{"@type":"Article","@id":"https:\/\/dhalmann.fr\/music\/les-morceaux-dexamens-2021-2022\/#article","isPartOf":{"@id":"https:\/\/dhalmann.fr\/music\/les-morceaux-dexamens-2021-2022\/"},"author":{"name":"Editions Dhalmann","@id":"https:\/\/dhalmann.fr\/music\/#\/schema\/person\/a369157ae86c5e8f064177bad48750fa"},"headline":"Les morceaux d&#8217;examens : annales","datePublished":"2021-09-10T13:35:19+00:00","dateModified":"2023-02-04T15:30:47+00:00","mainEntityOfPage":{"@id":"https:\/\/dhalmann.fr\/music\/les-morceaux-dexamens-2021-2022\/"},"wordCount":85,"publisher":{"@id":"https:\/\/dhalmann.fr\/music\/#organization"},"articleSection":["Actualit\u00e9s"],"inLanguage":"fr-FR"},{"@type":"WebPage","@id":"https:\/\/dhalmann.fr\/music\/les-morceaux-dexamens-2021-2022\/","url":"https:\/\/dhalmann.fr\/music\/les-morceaux-dexamens-2021-2022\/","name":"Les morceaux d'examens : annales - Editions Fran\u00e7ois Dhalmann","isPartOf":{"@id":"https:\/\/dhalmann.fr\/music\/#website"},"datePublished":"2021-09-10T13:35:19+00:00","dateModified":"2023-02-04T15:30:47+00:00","description":"La s\u00e9lection de la Conf\u00e9d\u00e9ration Musicale de France (CMF) pour les examens musicaux de l'ann\u00e9e 2021-2022 en percussion","breadcrumb":{"@id":"https:\/\/dhalmann.fr\/music\/les-morceaux-dexamens-2021-2022\/#breadcrumb"},"inLanguage":"fr-FR","potentialAction":[{"@type":"ReadAction","target":["https:\/\/dhalmann.fr\/music\/les-morceaux-dexamens-2021-2022\/"]}]},{"@type":"BreadcrumbList","@id":"https:\/\/dhalmann.fr\/music\/les-morceaux-dexamens-2021-2022\/#breadcrumb","itemListElement":[{"@type":"ListItem","position":1,"name":"Home","item":"https:\/\/dhalmann.fr\/music\/"},{"@type":"ListItem","position":2,"name":"Les morceaux d&#8217;examens : annales"}]},{"@type":"WebSite","@id":"https:\/\/dhalmann.fr\/music\/#website","url":"https:\/\/dhalmann.fr\/music\/","name":"Editions Fran\u00e7ois Dhalmann","description":"Partitions musicales des Editions Dhalmann pour tous les instruments - Percussion, piano, cordes, vents, ensemble, orchestre et bien plus","publisher":{"@id":"https:\/\/dhalmann.fr\/music\/#organization"},"alternateName":"Dhalmann","potentialAction":[{"@type":"SearchAction","target":{"@type":"EntryPoint","urlTemplate":"https:\/\/dhalmann.fr\/music\/?s={search_term_string}"},"query-input":{"@type":"PropertyValueSpecification","valueRequired":true,"valueName":"search_term_string"}}],"inLanguage":"fr-FR"},{"@type":"Organization","@id":"https:\/\/dhalmann.fr\/music\/#organization","name":"Editions Francois Dhalmann","alternateName":"Dhalmann","url":"https:\/\/dhalmann.fr\/music\/","logo":{"@type":"ImageObject","inLanguage":"fr-FR","@id":"https:\/\/dhalmann.fr\/music\/#\/schema\/logo\/image\/","url":"https:\/\/dhalmann.fr\/music\/wp-content\/uploads\/2021\/07\/editions-francois-dhalmann-1397749175.jpg","contentUrl":"https:\/\/dhalmann.fr\/music\/wp-content\/uploads\/2021\/07\/editions-francois-dhalmann-1397749175.jpg","width":559,"height":354,"caption":"Editions Francois Dhalmann"},"image":{"@id":"https:\/\/dhalmann.fr\/music\/#\/schema\/logo\/image\/"},"sameAs":["https:\/\/www.facebook.com\/EditionsDhalmann\/","https:\/\/x.com\/editiondhalmann","https:\/\/www.youtube.com\/channel\/UCZdGOJXKqg6ByF1pQloitAg"]},{"@type":"Person","@id":"https:\/\/dhalmann.fr\/music\/#\/schema\/person\/a369157ae86c5e8f064177bad48750fa","name":"Editions Dhalmann","image":{"@type":"ImageObject","inLanguage":"fr-FR","@id":"https:\/\/secure.gravatar.com\/avatar\/7c78cfdb4a1fdf68108dcbb2afc53e5515fada4b9418f47e0456d1463bd3903b?s=96&d=mm&r=g","url":"https:\/\/secure.gravatar.com\/avatar\/7c78cfdb4a1fdf68108dcbb2afc53e5515fada4b9418f47e0456d1463bd3903b?s=96&d=mm&r=g","contentUrl":"https:\/\/secure.gravatar.com\/avatar\/7c78cfdb4a1fdf68108dcbb2afc53e5515fada4b9418f47e0456d1463bd3903b?s=96&d=mm&r=g","caption":"Editions Dhalmann"},"url":"https:\/\/dhalmann.fr\/music\/author\/editionsdhal_18_1_19\/"}]}},"_links":{"self":[{"href":"https:\/\/dhalmann.fr\/music\/wp-json\/wp\/v2\/posts\/7345","targetHints":{"allow":["GET"]}}],"collection":[{"href":"https:\/\/dhalmann.fr\/music\/wp-json\/wp\/v2\/posts"}],"about":[{"href":"https:\/\/dhalmann.fr\/music\/wp-json\/wp\/v2\/types\/post"}],"author":[{"embeddable":true,"href":"https:\/\/dhalmann.fr\/music\/wp-json\/wp\/v2\/users\/2"}],"replies":[{"embeddable":true,"href":"https:\/\/dhalmann.fr\/music\/wp-json\/wp\/v2\/comments?post=7345"}],"version-history":[{"count":6,"href":"https:\/\/dhalmann.fr\/music\/wp-json\/wp\/v2\/posts\/7345\/revisions"}],"predecessor-version":[{"id":8660,"href":"https:\/\/dhalmann.fr\/music\/wp-json\/wp\/v2\/posts\/7345\/revisions\/8660"}],"wp:attachment":[{"href":"https:\/\/dhalmann.fr\/music\/wp-json\/wp\/v2\/media?parent=7345"}],"wp:term":[{"taxonomy":"category","embeddable":true,"href":"https:\/\/dhalmann.fr\/music\/wp-json\/wp\/v2\/categories?post=7345"},{"taxonomy":"post_tag","embeddable":true,"href":"https:\/\/dhalmann.fr\/music\/wp-json\/wp\/v2\/tags?post=7345"}],"curies":[{"name":"wp","href":"https:\/\/api.w.org\/{rel}","templated":true}]}}