{"id":7625,"date":"2021-12-10T17:13:49","date_gmt":"2021-12-10T15:13:49","guid":{"rendered":"https:\/\/dhalmann.fr\/music\/?p=7625"},"modified":"2022-02-17T17:24:21","modified_gmt":"2022-02-17T15:24:21","slug":"nouvelle-parution-extra-de-bruno-giner","status":"publish","type":"post","link":"https:\/\/dhalmann.fr\/music\/nouvelle-parution-extra-de-bruno-giner\/","title":{"rendered":"Nouvelle parution : Extra de Bruno Giner"},"content":{"rendered":"\n<figure class=\"wp-block-image size-medium\"><img decoding=\"async\" width=\"210\" height=\"300\" src=\"https:\/\/dhalmann.fr\/music\/wp-content\/uploads\/2021\/12\/FD0191_Extra-210x300.jpg\" alt=\"Extra - Bruno Giner\" class=\"wp-image-7609\" srcset=\"https:\/\/dhalmann.fr\/music\/wp-content\/uploads\/2021\/12\/FD0191_Extra-210x300.jpg 210w, https:\/\/dhalmann.fr\/music\/wp-content\/uploads\/2021\/12\/FD0191_Extra-300x429.jpg 300w, https:\/\/dhalmann.fr\/music\/wp-content\/uploads\/2021\/12\/FD0191_Extra-600x857.jpg 600w, https:\/\/dhalmann.fr\/music\/wp-content\/uploads\/2021\/12\/FD0191_Extra-64x91.jpg 64w, https:\/\/dhalmann.fr\/music\/wp-content\/uploads\/2021\/12\/FD0191_Extra-717x1024.jpg 717w, https:\/\/dhalmann.fr\/music\/wp-content\/uploads\/2021\/12\/FD0191_Extra.jpg 756w\" sizes=\"(max-width: 210px) 100vw, 210px\" \/><figcaption><a href=\"https:\/\/dhalmann.fr\/music\/produit\/extra-bruno-giner\/\">Extra \u2013 Bruno Giner<\/a><\/figcaption><\/figure>\n\n\n\n<p><a href=\"https:\/\/dhalmann.fr\/music\/produit\/extra-bruno-giner\/\">Extra <\/a>: Ensemble pour huit violoncelles.<\/p>\n\n\n\n<p>Compos\u00e9e pour l&#8217;Ensemble Nomos, l&#8217;oeuvre (par son titre) est un clin d&#8217;oeil \u00e0 la chanson de L\u00e9o Ferr\u00e9 (<em>C&#8217;est extra<\/em>). A l&#8217;exception du titre, nul autre rapport (surtout pas musical!). Juste un d\u00e9clic pour l&#8217;imaginaire, comme une simple d\u00e9rive sonore sur des mots ou plus exactement des souvenirs de mots&#8230;<\/p>\n","protected":false},"excerpt":{"rendered":"<p>Extra : Ensemble pour huit violoncelles. Compos\u00e9e pour l&#8217;Ensemble Nomos, l&#8217;oeuvre (par son titre) est un clin d&#8217;oeil \u00e0 la chanson de L\u00e9o Ferr\u00e9 (C&#8217;est extra). A l&#8217;exception du titre, nul autre rapport (surtout pas musical!). Juste un d\u00e9clic pour l&#8217;imaginaire, comme une simple d\u00e9rive sonore sur des mots ou plus exactement des souvenirs de [&hellip;]<\/p>\n","protected":false},"author":2,"featured_media":0,"comment_status":"closed","ping_status":"closed","sticky":false,"template":"","format":"standard","meta":{"ocean_post_layout":"","ocean_both_sidebars_style":"","ocean_both_sidebars_content_width":0,"ocean_both_sidebars_sidebars_width":0,"ocean_sidebar":"woo_sidebar","ocean_second_sidebar":"0","ocean_disable_margins":"enable","ocean_add_body_class":"","ocean_shortcode_before_top_bar":"","ocean_shortcode_after_top_bar":"","ocean_shortcode_before_header":"","ocean_shortcode_after_header":"","ocean_has_shortcode":"","ocean_shortcode_after_title":"","ocean_shortcode_before_footer_widgets":"","ocean_shortcode_after_footer_widgets":"","ocean_shortcode_before_footer_bottom":"","ocean_shortcode_after_footer_bottom":"","ocean_display_top_bar":"default","ocean_display_header":"default","ocean_header_style":"","ocean_center_header_left_menu":"0","ocean_custom_header_template":"0","ocean_custom_logo":0,"ocean_custom_retina_logo":0,"ocean_custom_logo_max_width":0,"ocean_custom_logo_tablet_max_width":0,"ocean_custom_logo_mobile_max_width":0,"ocean_custom_logo_max_height":0,"ocean_custom_logo_tablet_max_height":0,"ocean_custom_logo_mobile_max_height":0,"ocean_header_custom_menu":"0","ocean_menu_typo_font_family":"0","ocean_menu_typo_font_subset":"","ocean_menu_typo_font_size":0,"ocean_menu_typo_font_size_tablet":0,"ocean_menu_typo_font_size_mobile":0,"ocean_menu_typo_font_size_unit":"px","ocean_menu_typo_font_weight":"","ocean_menu_typo_font_weight_tablet":"","ocean_menu_typo_font_weight_mobile":"","ocean_menu_typo_transform":"","ocean_menu_typo_transform_tablet":"","ocean_menu_typo_transform_mobile":"","ocean_menu_typo_line_height":0,"ocean_menu_typo_line_height_tablet":0,"ocean_menu_typo_line_height_mobile":0,"ocean_menu_typo_line_height_unit":"","ocean_menu_typo_spacing":0,"ocean_menu_typo_spacing_tablet":0,"ocean_menu_typo_spacing_mobile":0,"ocean_menu_typo_spacing_unit":"","ocean_menu_link_color":"","ocean_menu_link_color_hover":"","ocean_menu_link_color_active":"","ocean_menu_link_background":"","ocean_menu_link_hover_background":"","ocean_menu_link_active_background":"","ocean_menu_social_links_bg":"","ocean_menu_social_hover_links_bg":"","ocean_menu_social_links_color":"","ocean_menu_social_hover_links_color":"","ocean_disable_title":"default","ocean_disable_heading":"default","ocean_post_title":"","ocean_post_subheading":"","ocean_post_title_style":"","ocean_post_title_background_color":"","ocean_post_title_background":0,"ocean_post_title_bg_image_position":"","ocean_post_title_bg_image_attachment":"","ocean_post_title_bg_image_repeat":"","ocean_post_title_bg_image_size":"","ocean_post_title_height":0,"ocean_post_title_bg_overlay":0.5,"ocean_post_title_bg_overlay_color":"","ocean_disable_breadcrumbs":"default","ocean_breadcrumbs_color":"","ocean_breadcrumbs_separator_color":"","ocean_breadcrumbs_links_color":"","ocean_breadcrumbs_links_hover_color":"","ocean_display_footer_widgets":"default","ocean_display_footer_bottom":"default","ocean_custom_footer_template":"0","ocean_post_oembed":"","ocean_post_self_hosted_media":"","ocean_post_video_embed":"","ocean_link_format":"","ocean_link_format_target":"self","ocean_quote_format":"","ocean_quote_format_link":"post","ocean_gallery_link_images":"off","ocean_gallery_id":[],"footnotes":""},"categories":[512],"tags":[],"class_list":["post-7625","post","type-post","status-publish","format-standard","hentry","category-actualites","entry","owp-thumbs-layout-horizontal","owp-btn-normal","owp-tabs-layout-horizontal","has-no-thumbnails","has-product-nav"],"yoast_head":"<!-- This site is optimized with the Yoast SEO plugin v27.5 - https:\/\/yoast.com\/product\/yoast-seo-wordpress\/ -->\n<title>Nouvelle parution : Extra de Bruno Giner - Editions Fran\u00e7ois Dhalmann<\/title>\n<meta name=\"description\" content=\"Nouvelle parution : &quot;Extra&quot; de Bruno Giner pour ensemble de huit violoncelles. Partition disponible au format imprim\u00e9 ou en t\u00e9l\u00e9chargement.\" \/>\n<meta name=\"robots\" content=\"index, follow, max-snippet:-1, max-image-preview:large, max-video-preview:-1\" \/>\n<link rel=\"canonical\" href=\"https:\/\/dhalmann.fr\/music\/nouvelle-parution-extra-de-bruno-giner\/\" \/>\n<meta property=\"og:locale\" content=\"fr_FR\" \/>\n<meta property=\"og:type\" content=\"article\" \/>\n<meta property=\"og:title\" content=\"Nouvelle parution : Extra de Bruno Giner - Editions Fran\u00e7ois Dhalmann\" \/>\n<meta property=\"og:description\" content=\"Nouvelle parution : &quot;Extra&quot; de Bruno Giner pour ensemble de huit violoncelles. Partition disponible au format imprim\u00e9 ou en t\u00e9l\u00e9chargement.\" \/>\n<meta property=\"og:url\" content=\"https:\/\/dhalmann.fr\/music\/nouvelle-parution-extra-de-bruno-giner\/\" \/>\n<meta property=\"og:site_name\" content=\"Editions Fran\u00e7ois Dhalmann\" \/>\n<meta property=\"article:publisher\" content=\"https:\/\/www.facebook.com\/EditionsDhalmann\/\" \/>\n<meta property=\"article:published_time\" content=\"2021-12-10T15:13:49+00:00\" \/>\n<meta property=\"article:modified_time\" content=\"2022-02-17T15:24:21+00:00\" \/>\n<meta property=\"og:image\" content=\"https:\/\/dhalmann.fr\/music\/wp-content\/uploads\/2021\/12\/FD0191_Extra-210x300.jpg\" \/>\n<meta name=\"author\" content=\"Editions Dhalmann\" \/>\n<meta name=\"twitter:card\" content=\"summary_large_image\" \/>\n<meta name=\"twitter:creator\" content=\"@editiondhalmann\" \/>\n<meta name=\"twitter:site\" content=\"@editiondhalmann\" \/>\n<meta name=\"twitter:label1\" content=\"\u00c9crit par\" \/>\n\t<meta name=\"twitter:data1\" content=\"Editions Dhalmann\" \/>\n\t<meta name=\"twitter:label2\" content=\"Dur\u00e9e de lecture estim\u00e9e\" \/>\n\t<meta name=\"twitter:data2\" content=\"1 minute\" \/>\n<script type=\"application\/ld+json\" class=\"yoast-schema-graph\">{\"@context\":\"https:\\\/\\\/schema.org\",\"@graph\":[{\"@type\":\"Article\",\"@id\":\"https:\\\/\\\/dhalmann.fr\\\/music\\\/nouvelle-parution-extra-de-bruno-giner\\\/#article\",\"isPartOf\":{\"@id\":\"https:\\\/\\\/dhalmann.fr\\\/music\\\/nouvelle-parution-extra-de-bruno-giner\\\/\"},\"author\":{\"name\":\"Editions Dhalmann\",\"@id\":\"https:\\\/\\\/dhalmann.fr\\\/music\\\/#\\\/schema\\\/person\\\/a369157ae86c5e8f064177bad48750fa\"},\"headline\":\"Nouvelle parution : Extra de Bruno Giner\",\"datePublished\":\"2021-12-10T15:13:49+00:00\",\"dateModified\":\"2022-02-17T15:24:21+00:00\",\"mainEntityOfPage\":{\"@id\":\"https:\\\/\\\/dhalmann.fr\\\/music\\\/nouvelle-parution-extra-de-bruno-giner\\\/\"},\"wordCount\":73,\"publisher\":{\"@id\":\"https:\\\/\\\/dhalmann.fr\\\/music\\\/#organization\"},\"image\":{\"@id\":\"https:\\\/\\\/dhalmann.fr\\\/music\\\/nouvelle-parution-extra-de-bruno-giner\\\/#primaryimage\"},\"thumbnailUrl\":\"https:\\\/\\\/dhalmann.fr\\\/music\\\/wp-content\\\/uploads\\\/2021\\\/12\\\/FD0191_Extra-210x300.jpg\",\"articleSection\":[\"Actualit\u00e9s\"],\"inLanguage\":\"fr-FR\"},{\"@type\":\"WebPage\",\"@id\":\"https:\\\/\\\/dhalmann.fr\\\/music\\\/nouvelle-parution-extra-de-bruno-giner\\\/\",\"url\":\"https:\\\/\\\/dhalmann.fr\\\/music\\\/nouvelle-parution-extra-de-bruno-giner\\\/\",\"name\":\"Nouvelle parution : Extra de Bruno Giner - Editions Fran\u00e7ois Dhalmann\",\"isPartOf\":{\"@id\":\"https:\\\/\\\/dhalmann.fr\\\/music\\\/#website\"},\"primaryImageOfPage\":{\"@id\":\"https:\\\/\\\/dhalmann.fr\\\/music\\\/nouvelle-parution-extra-de-bruno-giner\\\/#primaryimage\"},\"image\":{\"@id\":\"https:\\\/\\\/dhalmann.fr\\\/music\\\/nouvelle-parution-extra-de-bruno-giner\\\/#primaryimage\"},\"thumbnailUrl\":\"https:\\\/\\\/dhalmann.fr\\\/music\\\/wp-content\\\/uploads\\\/2021\\\/12\\\/FD0191_Extra-210x300.jpg\",\"datePublished\":\"2021-12-10T15:13:49+00:00\",\"dateModified\":\"2022-02-17T15:24:21+00:00\",\"description\":\"Nouvelle parution : \\\"Extra\\\" de Bruno Giner pour ensemble de huit violoncelles. Partition disponible au format imprim\u00e9 ou en t\u00e9l\u00e9chargement.\",\"breadcrumb\":{\"@id\":\"https:\\\/\\\/dhalmann.fr\\\/music\\\/nouvelle-parution-extra-de-bruno-giner\\\/#breadcrumb\"},\"inLanguage\":\"fr-FR\",\"potentialAction\":[{\"@type\":\"ReadAction\",\"target\":[\"https:\\\/\\\/dhalmann.fr\\\/music\\\/nouvelle-parution-extra-de-bruno-giner\\\/\"]}]},{\"@type\":\"ImageObject\",\"inLanguage\":\"fr-FR\",\"@id\":\"https:\\\/\\\/dhalmann.fr\\\/music\\\/nouvelle-parution-extra-de-bruno-giner\\\/#primaryimage\",\"url\":\"https:\\\/\\\/dhalmann.fr\\\/music\\\/wp-content\\\/uploads\\\/2021\\\/12\\\/FD0191_Extra.jpg\",\"contentUrl\":\"https:\\\/\\\/dhalmann.fr\\\/music\\\/wp-content\\\/uploads\\\/2021\\\/12\\\/FD0191_Extra.jpg\",\"width\":756,\"height\":1080,\"caption\":\"Extra\"},{\"@type\":\"BreadcrumbList\",\"@id\":\"https:\\\/\\\/dhalmann.fr\\\/music\\\/nouvelle-parution-extra-de-bruno-giner\\\/#breadcrumb\",\"itemListElement\":[{\"@type\":\"ListItem\",\"position\":1,\"name\":\"Home\",\"item\":\"https:\\\/\\\/dhalmann.fr\\\/music\\\/\"},{\"@type\":\"ListItem\",\"position\":2,\"name\":\"Nouvelle parution : Extra de Bruno Giner\"}]},{\"@type\":\"WebSite\",\"@id\":\"https:\\\/\\\/dhalmann.fr\\\/music\\\/#website\",\"url\":\"https:\\\/\\\/dhalmann.fr\\\/music\\\/\",\"name\":\"Editions Fran\u00e7ois Dhalmann\",\"description\":\"Partitions musicales des Editions Dhalmann pour tous les instruments - Percussion, piano, cordes, vents, ensemble, orchestre et bien plus\",\"publisher\":{\"@id\":\"https:\\\/\\\/dhalmann.fr\\\/music\\\/#organization\"},\"alternateName\":\"Dhalmann\",\"potentialAction\":[{\"@type\":\"SearchAction\",\"target\":{\"@type\":\"EntryPoint\",\"urlTemplate\":\"https:\\\/\\\/dhalmann.fr\\\/music\\\/?s={search_term_string}\"},\"query-input\":{\"@type\":\"PropertyValueSpecification\",\"valueRequired\":true,\"valueName\":\"search_term_string\"}}],\"inLanguage\":\"fr-FR\"},{\"@type\":\"Organization\",\"@id\":\"https:\\\/\\\/dhalmann.fr\\\/music\\\/#organization\",\"name\":\"Editions Francois Dhalmann\",\"alternateName\":\"Dhalmann\",\"url\":\"https:\\\/\\\/dhalmann.fr\\\/music\\\/\",\"logo\":{\"@type\":\"ImageObject\",\"inLanguage\":\"fr-FR\",\"@id\":\"https:\\\/\\\/dhalmann.fr\\\/music\\\/#\\\/schema\\\/logo\\\/image\\\/\",\"url\":\"https:\\\/\\\/dhalmann.fr\\\/music\\\/wp-content\\\/uploads\\\/2021\\\/07\\\/editions-francois-dhalmann-1397749175.jpg\",\"contentUrl\":\"https:\\\/\\\/dhalmann.fr\\\/music\\\/wp-content\\\/uploads\\\/2021\\\/07\\\/editions-francois-dhalmann-1397749175.jpg\",\"width\":559,\"height\":354,\"caption\":\"Editions Francois Dhalmann\"},\"image\":{\"@id\":\"https:\\\/\\\/dhalmann.fr\\\/music\\\/#\\\/schema\\\/logo\\\/image\\\/\"},\"sameAs\":[\"https:\\\/\\\/www.facebook.com\\\/EditionsDhalmann\\\/\",\"https:\\\/\\\/x.com\\\/editiondhalmann\",\"https:\\\/\\\/www.youtube.com\\\/channel\\\/UCZdGOJXKqg6ByF1pQloitAg\"]},{\"@type\":\"Person\",\"@id\":\"https:\\\/\\\/dhalmann.fr\\\/music\\\/#\\\/schema\\\/person\\\/a369157ae86c5e8f064177bad48750fa\",\"name\":\"Editions Dhalmann\",\"image\":{\"@type\":\"ImageObject\",\"inLanguage\":\"fr-FR\",\"@id\":\"https:\\\/\\\/secure.gravatar.com\\\/avatar\\\/7c78cfdb4a1fdf68108dcbb2afc53e5515fada4b9418f47e0456d1463bd3903b?s=96&d=mm&r=g\",\"url\":\"https:\\\/\\\/secure.gravatar.com\\\/avatar\\\/7c78cfdb4a1fdf68108dcbb2afc53e5515fada4b9418f47e0456d1463bd3903b?s=96&d=mm&r=g\",\"contentUrl\":\"https:\\\/\\\/secure.gravatar.com\\\/avatar\\\/7c78cfdb4a1fdf68108dcbb2afc53e5515fada4b9418f47e0456d1463bd3903b?s=96&d=mm&r=g\",\"caption\":\"Editions Dhalmann\"},\"url\":\"https:\\\/\\\/dhalmann.fr\\\/music\\\/author\\\/editionsdhal_18_1_19\\\/\"}]}<\/script>\n<!-- \/ Yoast SEO plugin. -->","yoast_head_json":{"title":"Nouvelle parution : Extra de Bruno Giner - Editions Fran\u00e7ois Dhalmann","description":"Nouvelle parution : \"Extra\" de Bruno Giner pour ensemble de huit violoncelles. Partition disponible au format imprim\u00e9 ou en t\u00e9l\u00e9chargement.","robots":{"index":"index","follow":"follow","max-snippet":"max-snippet:-1","max-image-preview":"max-image-preview:large","max-video-preview":"max-video-preview:-1"},"canonical":"https:\/\/dhalmann.fr\/music\/nouvelle-parution-extra-de-bruno-giner\/","og_locale":"fr_FR","og_type":"article","og_title":"Nouvelle parution : Extra de Bruno Giner - Editions Fran\u00e7ois Dhalmann","og_description":"Nouvelle parution : \"Extra\" de Bruno Giner pour ensemble de huit violoncelles. Partition disponible au format imprim\u00e9 ou en t\u00e9l\u00e9chargement.","og_url":"https:\/\/dhalmann.fr\/music\/nouvelle-parution-extra-de-bruno-giner\/","og_site_name":"Editions Fran\u00e7ois Dhalmann","article_publisher":"https:\/\/www.facebook.com\/EditionsDhalmann\/","article_published_time":"2021-12-10T15:13:49+00:00","article_modified_time":"2022-02-17T15:24:21+00:00","og_image":[{"url":"https:\/\/dhalmann.fr\/music\/wp-content\/uploads\/2021\/12\/FD0191_Extra-210x300.jpg","type":"","width":"","height":""}],"author":"Editions Dhalmann","twitter_card":"summary_large_image","twitter_creator":"@editiondhalmann","twitter_site":"@editiondhalmann","twitter_misc":{"\u00c9crit par":"Editions Dhalmann","Dur\u00e9e de lecture estim\u00e9e":"1 minute"},"schema":{"@context":"https:\/\/schema.org","@graph":[{"@type":"Article","@id":"https:\/\/dhalmann.fr\/music\/nouvelle-parution-extra-de-bruno-giner\/#article","isPartOf":{"@id":"https:\/\/dhalmann.fr\/music\/nouvelle-parution-extra-de-bruno-giner\/"},"author":{"name":"Editions Dhalmann","@id":"https:\/\/dhalmann.fr\/music\/#\/schema\/person\/a369157ae86c5e8f064177bad48750fa"},"headline":"Nouvelle parution : Extra de Bruno Giner","datePublished":"2021-12-10T15:13:49+00:00","dateModified":"2022-02-17T15:24:21+00:00","mainEntityOfPage":{"@id":"https:\/\/dhalmann.fr\/music\/nouvelle-parution-extra-de-bruno-giner\/"},"wordCount":73,"publisher":{"@id":"https:\/\/dhalmann.fr\/music\/#organization"},"image":{"@id":"https:\/\/dhalmann.fr\/music\/nouvelle-parution-extra-de-bruno-giner\/#primaryimage"},"thumbnailUrl":"https:\/\/dhalmann.fr\/music\/wp-content\/uploads\/2021\/12\/FD0191_Extra-210x300.jpg","articleSection":["Actualit\u00e9s"],"inLanguage":"fr-FR"},{"@type":"WebPage","@id":"https:\/\/dhalmann.fr\/music\/nouvelle-parution-extra-de-bruno-giner\/","url":"https:\/\/dhalmann.fr\/music\/nouvelle-parution-extra-de-bruno-giner\/","name":"Nouvelle parution : Extra de Bruno Giner - Editions Fran\u00e7ois Dhalmann","isPartOf":{"@id":"https:\/\/dhalmann.fr\/music\/#website"},"primaryImageOfPage":{"@id":"https:\/\/dhalmann.fr\/music\/nouvelle-parution-extra-de-bruno-giner\/#primaryimage"},"image":{"@id":"https:\/\/dhalmann.fr\/music\/nouvelle-parution-extra-de-bruno-giner\/#primaryimage"},"thumbnailUrl":"https:\/\/dhalmann.fr\/music\/wp-content\/uploads\/2021\/12\/FD0191_Extra-210x300.jpg","datePublished":"2021-12-10T15:13:49+00:00","dateModified":"2022-02-17T15:24:21+00:00","description":"Nouvelle parution : \"Extra\" de Bruno Giner pour ensemble de huit violoncelles. Partition disponible au format imprim\u00e9 ou en t\u00e9l\u00e9chargement.","breadcrumb":{"@id":"https:\/\/dhalmann.fr\/music\/nouvelle-parution-extra-de-bruno-giner\/#breadcrumb"},"inLanguage":"fr-FR","potentialAction":[{"@type":"ReadAction","target":["https:\/\/dhalmann.fr\/music\/nouvelle-parution-extra-de-bruno-giner\/"]}]},{"@type":"ImageObject","inLanguage":"fr-FR","@id":"https:\/\/dhalmann.fr\/music\/nouvelle-parution-extra-de-bruno-giner\/#primaryimage","url":"https:\/\/dhalmann.fr\/music\/wp-content\/uploads\/2021\/12\/FD0191_Extra.jpg","contentUrl":"https:\/\/dhalmann.fr\/music\/wp-content\/uploads\/2021\/12\/FD0191_Extra.jpg","width":756,"height":1080,"caption":"Extra"},{"@type":"BreadcrumbList","@id":"https:\/\/dhalmann.fr\/music\/nouvelle-parution-extra-de-bruno-giner\/#breadcrumb","itemListElement":[{"@type":"ListItem","position":1,"name":"Home","item":"https:\/\/dhalmann.fr\/music\/"},{"@type":"ListItem","position":2,"name":"Nouvelle parution : Extra de Bruno Giner"}]},{"@type":"WebSite","@id":"https:\/\/dhalmann.fr\/music\/#website","url":"https:\/\/dhalmann.fr\/music\/","name":"Editions Fran\u00e7ois Dhalmann","description":"Partitions musicales des Editions Dhalmann pour tous les instruments - Percussion, piano, cordes, vents, ensemble, orchestre et bien plus","publisher":{"@id":"https:\/\/dhalmann.fr\/music\/#organization"},"alternateName":"Dhalmann","potentialAction":[{"@type":"SearchAction","target":{"@type":"EntryPoint","urlTemplate":"https:\/\/dhalmann.fr\/music\/?s={search_term_string}"},"query-input":{"@type":"PropertyValueSpecification","valueRequired":true,"valueName":"search_term_string"}}],"inLanguage":"fr-FR"},{"@type":"Organization","@id":"https:\/\/dhalmann.fr\/music\/#organization","name":"Editions Francois Dhalmann","alternateName":"Dhalmann","url":"https:\/\/dhalmann.fr\/music\/","logo":{"@type":"ImageObject","inLanguage":"fr-FR","@id":"https:\/\/dhalmann.fr\/music\/#\/schema\/logo\/image\/","url":"https:\/\/dhalmann.fr\/music\/wp-content\/uploads\/2021\/07\/editions-francois-dhalmann-1397749175.jpg","contentUrl":"https:\/\/dhalmann.fr\/music\/wp-content\/uploads\/2021\/07\/editions-francois-dhalmann-1397749175.jpg","width":559,"height":354,"caption":"Editions Francois Dhalmann"},"image":{"@id":"https:\/\/dhalmann.fr\/music\/#\/schema\/logo\/image\/"},"sameAs":["https:\/\/www.facebook.com\/EditionsDhalmann\/","https:\/\/x.com\/editiondhalmann","https:\/\/www.youtube.com\/channel\/UCZdGOJXKqg6ByF1pQloitAg"]},{"@type":"Person","@id":"https:\/\/dhalmann.fr\/music\/#\/schema\/person\/a369157ae86c5e8f064177bad48750fa","name":"Editions Dhalmann","image":{"@type":"ImageObject","inLanguage":"fr-FR","@id":"https:\/\/secure.gravatar.com\/avatar\/7c78cfdb4a1fdf68108dcbb2afc53e5515fada4b9418f47e0456d1463bd3903b?s=96&d=mm&r=g","url":"https:\/\/secure.gravatar.com\/avatar\/7c78cfdb4a1fdf68108dcbb2afc53e5515fada4b9418f47e0456d1463bd3903b?s=96&d=mm&r=g","contentUrl":"https:\/\/secure.gravatar.com\/avatar\/7c78cfdb4a1fdf68108dcbb2afc53e5515fada4b9418f47e0456d1463bd3903b?s=96&d=mm&r=g","caption":"Editions Dhalmann"},"url":"https:\/\/dhalmann.fr\/music\/author\/editionsdhal_18_1_19\/"}]}},"_links":{"self":[{"href":"https:\/\/dhalmann.fr\/music\/wp-json\/wp\/v2\/posts\/7625","targetHints":{"allow":["GET"]}}],"collection":[{"href":"https:\/\/dhalmann.fr\/music\/wp-json\/wp\/v2\/posts"}],"about":[{"href":"https:\/\/dhalmann.fr\/music\/wp-json\/wp\/v2\/types\/post"}],"author":[{"embeddable":true,"href":"https:\/\/dhalmann.fr\/music\/wp-json\/wp\/v2\/users\/2"}],"replies":[{"embeddable":true,"href":"https:\/\/dhalmann.fr\/music\/wp-json\/wp\/v2\/comments?post=7625"}],"version-history":[{"count":2,"href":"https:\/\/dhalmann.fr\/music\/wp-json\/wp\/v2\/posts\/7625\/revisions"}],"predecessor-version":[{"id":7794,"href":"https:\/\/dhalmann.fr\/music\/wp-json\/wp\/v2\/posts\/7625\/revisions\/7794"}],"wp:attachment":[{"href":"https:\/\/dhalmann.fr\/music\/wp-json\/wp\/v2\/media?parent=7625"}],"wp:term":[{"taxonomy":"category","embeddable":true,"href":"https:\/\/dhalmann.fr\/music\/wp-json\/wp\/v2\/categories?post=7625"},{"taxonomy":"post_tag","embeddable":true,"href":"https:\/\/dhalmann.fr\/music\/wp-json\/wp\/v2\/tags?post=7625"}],"curies":[{"name":"wp","href":"https:\/\/api.w.org\/{rel}","templated":true}]}}