{"id":8270,"date":"2022-07-22T12:12:47","date_gmt":"2022-07-22T10:12:47","guid":{"rendered":"https:\/\/dhalmann.fr\/music\/?p=8270"},"modified":"2022-07-22T12:31:04","modified_gmt":"2022-07-22T10:31:04","slug":"pour-une-gamme-egalitaire","status":"publish","type":"post","link":"https:\/\/dhalmann.fr\/music\/pour-une-gamme-egalitaire\/","title":{"rendered":"Plaidoyer pour un gamme \u00e9galitaire. Par Alain Louvier"},"content":{"rendered":"\n<p>Le 21<sup>\u00e8me<\/sup> Si\u00e8cle naissant a jet\u00e9 un regard nouveau \u2013 et sans complaisance \u2013 sur les multiples <strong>in\u00e9galit\u00e9s <\/strong>de nos soci\u00e9t\u00e9s humaines.<\/p>\n\n\n\n<p>Elles font aujourd\u2019hui l\u2019objet d\u2019une lutte sans merci, dans de nombreux domaines&nbsp;: parit\u00e9 hommes\/femmes, acc\u00e8s \u00e0 l\u2019\u00e9ducation ou \u00e0 la culture, syst\u00e8mes de sant\u00e9, disparit\u00e9s des r\u00e9mun\u00e9rations, etc\u2026<\/p>\n\n\n\n<p>On ne peut que se r\u00e9jouir de ces luttes, h\u00e9rit\u00e9es de la R\u00e9volution Fran\u00e7aise et des Lumi\u00e8res, qui ont abouti \u00e0 des lois aujourd\u2019hui plus contraignantes. Elles prolongent d\u2019autres luttes anciennes, contre les <strong>discriminations<\/strong> (de race, de m\u0153urs, de religion, etc\u2026) et invoquent les grands principes d\u2019<strong>\u00e9galit\u00e9<\/strong> et d\u2019<strong>universalit\u00e9.<\/strong><\/p>\n\n\n\n<p><strong>Cependant, personne ne s\u2019occupe de la Musique, langage pourtant universel, mais totalement fig\u00e9.<\/strong><\/p>\n\n\n\n<p>Le cas particulier des <strong>intervalles musicaux <\/strong>m\u2019interpelle, perturbant \u00e0 la fois mon d\u00e9sir de logique, et ma soif de justice.<\/p>\n\n\n\n<p>La notation musicale, vieille de plus de mille ans, nous a l\u00e9gu\u00e9 sept notes connues de tous, issues vers le 8\u00e8me si\u00e8cle de l\u2019Hymne \u00e0 St Jean Baptiste&nbsp;: <strong>&nbsp;&nbsp;UT RE MI FA SOL LA SI<\/strong><\/p>\n\n\n\n<figure class=\"wp-block-gallery has-nested-images columns-default is-cropped wp-block-gallery-1 is-layout-flex wp-block-gallery-is-layout-flex\">\n<figure class=\"wp-block-image size-full\"><img decoding=\"async\" width=\"400\" height=\"187\" data-id=\"8277\" src=\"https:\/\/dhalmann.fr\/music\/wp-content\/uploads\/2022\/07\/Ut1-1.png\" alt=\"\" class=\"wp-image-8277\" srcset=\"https:\/\/dhalmann.fr\/music\/wp-content\/uploads\/2022\/07\/Ut1-1.png 400w, https:\/\/dhalmann.fr\/music\/wp-content\/uploads\/2022\/07\/Ut1-1-300x140.png 300w, https:\/\/dhalmann.fr\/music\/wp-content\/uploads\/2022\/07\/Ut1-1-64x30.png 64w, https:\/\/dhalmann.fr\/music\/wp-content\/uploads\/2022\/07\/Ut1-1-128x60.png 128w, https:\/\/dhalmann.fr\/music\/wp-content\/uploads\/2022\/07\/Ut1-1-193x90.png 193w\" sizes=\"(max-width: 400px) 100vw, 400px\" \/><\/figure>\n\n\n\n<figure class=\"wp-block-image size-full\"><img decoding=\"async\" width=\"500\" height=\"200\" data-id=\"8279\" src=\"https:\/\/dhalmann.fr\/music\/wp-content\/uploads\/2022\/07\/Ut2.png\" alt=\"\" class=\"wp-image-8279\" srcset=\"https:\/\/dhalmann.fr\/music\/wp-content\/uploads\/2022\/07\/Ut2.png 500w, https:\/\/dhalmann.fr\/music\/wp-content\/uploads\/2022\/07\/Ut2-300x120.png 300w, https:\/\/dhalmann.fr\/music\/wp-content\/uploads\/2022\/07\/Ut2-64x26.png 64w, https:\/\/dhalmann.fr\/music\/wp-content\/uploads\/2022\/07\/Ut2-150x60.png 150w, https:\/\/dhalmann.fr\/music\/wp-content\/uploads\/2022\/07\/Ut2-225x90.png 225w\" sizes=\"(max-width: 500px) 100vw, 500px\" \/><\/figure>\n<\/figure>\n\n\n\n<p>Le solf\u00e8ge italianisant n\u2019a chang\u00e9 que UT, devenu DO, le SI \u00e9tant par ailleurs la signature <em>Sancte Joannes<\/em><\/p>\n\n\n\n<p>Depuis cette \u00e9poque, la Musique est sortie des abbayes, et les instruments sont arriv\u00e9s, avec leurs cordes, leurs tuyaux, leurs marteaux\u2026et surtout<\/p>\n\n\n\n<p>\u2026 <strong>le clavier, symbole absolu de l\u2019in\u00e9galit\u00e9 des intervalles\u2026<\/strong><\/p>\n\n\n\n<p>Regardez un clavier de piano : <strong>7 touches blanches, mais seulement 5 touches noires\u2026<\/strong><\/p>\n\n\n\n<p>Il y a pire&nbsp;: entre mi et fa, entre si et do, pas de touche noire, ce sont <strong>deux demi-tons, <\/strong>sujets d\u00e9favoris\u00e9s perdus au milieu de <strong>cinq tons<\/strong>&nbsp;: une vraie fracture sociale&nbsp;!<\/p>\n\n\n\n<p>Alors, creusons un peu&nbsp;: ces deux pauvres demi-tons sont dus, d\u2019apr\u00e8s les th\u00e9oriciens fondamentalistes de la religion tonale, \u00e0 de pr\u00e9tendues&nbsp;<strong>attractions<\/strong> sur des <strong>notes sensibles<\/strong>&nbsp;! C\u2019est du charlatanisme&nbsp;!<\/p>\n\n\n\n<p>Et pour nos cinq touches noires minoritaires, on invente la notion perverse d\u2019<strong>alt\u00e9ration, <\/strong>allusion \u00e0 une certaine <strong>anormalit\u00e9 <\/strong>qui devient vite un tabou&nbsp;: on chante avec le nom des notes, mais on n\u2019ose jamais chanter \u00ab&nbsp;di\u00e8se&nbsp;\u00bb ou \u00ab&nbsp;b\u00e9mol&nbsp;\u00bb&nbsp;!<\/p>\n\n\n\n<p>On n\u2019a certes pas vou\u00e9 au b\u00fbcher les di\u00e8ses et les b\u00e9mols, mais on a vou\u00e9 \u00e0 l\u2019enfer les adeptes du <strong>Diabolus in Musica<\/strong>&nbsp;!!<\/p>\n\n\n\n<p>Toute la musique \u00ab&nbsp;tonale&nbsp;\u00bb, dont le sempiternel <strong>dor\u00e9mifasollasido <\/strong>triomphe en ce d\u00e9but de 21<sup>\u00e8me<\/sup> si\u00e8cle, est finalement bas\u00e9e sur une <strong>discrimination fondamentale <\/strong>\u00e0 l\u2019\u00e9gard de nos malheureux demi-tons.<\/p>\n\n\n\n<p>Serait-ce l\u2019expression subtile d\u2019un racisme d\u00e9guis\u00e9 ?<\/p>\n\n\n\n<p>Ou la m\u00e9taphore musicale de l\u2019homme envers sa \u00ab&nbsp;moiti\u00e9&nbsp;\u00bb aux droits souvent bafou\u00e9s ? Misogynie inavou\u00e9e\u2026<\/p>\n\n\n\n<p>J\u2019abr\u00e8ge&nbsp;: d\u2019autres termes, comme <strong>dominante <\/strong>ou <strong>sous-dominante <\/strong>finiront de vous en convaincre&nbsp;:<em> <strong>le monde des intervalles est par essence INEGALITAIRE<\/strong><\/em><\/p>\n\n\n\n<p>Certains grands th\u00e9oriciens ont bien essay\u00e9 de r\u00e9agir contre l\u2019obscurantisme, et d\u2019am\u00e9liorer le sort peu enviable du peuple des demi-tons&#8230;<\/p>\n\n\n\n<p>Apparaissent alors des syst\u00e8mes totalitaires&nbsp;qui vous entassent 12 demi-tons par octave sans leur demander leur avis\u2026 (Bach, Schoenberg, etc\u2026)<\/p>\n\n\n\n<p>Quant \u00e0 ce cher Debussy, qui se m\u00e9fiait des th\u00e9ories, il invente une s\u00e9duisante gamme en six tons entiers\u2026solution radicale&nbsp;: les demi-tons sont extermin\u00e9s\u2026&nbsp;!<\/p>\n\n\n\n<p>Ces oppressions arbitraires et successives sont certes le fruit de l\u2019Histoire de la Musique, mais elles n\u2019en sont pas moins discriminatoires, donc <strong>insupportables<\/strong>.<\/p>\n\n\n\n<p>Elles devraient <strong>tomber sous le coup de la Loi, comme une atteinte inacceptable aux droits des minorit\u00e9s.<\/strong><\/p>\n\n\n\n<p class=\"has-medium-font-size\"><strong>Il est temps d\u2019agir.<\/strong><\/p>\n\n\n\n<p>Mais revenons \u00e0 l\u2019Hymne \u00e0 Saint Jean-Baptiste.<\/p>\n\n\n\n<p>Depuis Pythagore, chacune de nos sept notes a v\u00e9cu des avatars incroyables. Les notes de la gamme sont toutes des personnages importants, mais n\u00e9s en des si\u00e8cles divers. Elles sont sept, et sept intervalles les s\u00e9parent\u2026serait-ce des tons&nbsp;??<\/p>\n\n\n\n<p>Pour <strong>parfaire la perfection<\/strong> <strong>du nombre 7<\/strong>, sacr\u00e9 entre tous, m\u00e9tal pr\u00e9cieux insoluble \u00e0 toute alliance, osons affirmer&nbsp;:<\/p>\n\n\n\n<p><strong><em>Tous les tons naissent libres et \u00e9gaux en droits<\/em><\/strong><\/p>\n\n\n\n<p><strong>Une nouvelle l\u00e9gislation intervallique&nbsp;s\u2019impose alors&nbsp;:<\/strong><\/p>\n\n\n\n<p>Depuis do-r\u00e9 jusqu\u2019\u00e0 si-do, <strong>l\u2019octave sera divis\u00e9e en 7 tons \u00e9gaux appel\u00e9s&nbsp; <em>tons&nbsp;hepta\u00efques<\/em>&nbsp; <\/strong>ou encore <strong>&nbsp;<em>heptatons.<\/em><\/strong><\/p>\n\n\n\n<p>Ainsi le mot <strong>octave<\/strong> retrouvera son <strong>sens originel<\/strong>&nbsp;: la 8<sup>\u00e8me<\/sup> note de la gamme, qui redonne la premi\u00e8re.<\/p>\n\n\n\n<p>Dans ce <strong>temp\u00e9rament \u00e9gal \u00e0 7 sons<\/strong>, plus d\u2019alt\u00e9rations ni de touches noires, plus de di\u00e8ses, b\u00e9carres ni b\u00e9mols, plus de tons ni demi-tons, plus de tierces majeures ou mineures, plus de quinte juste ou de Diabolus\u2026 nous devrons nous habituer \u00e0 une <strong>\u00e9galit\u00e9 totale de 6 nouveaux intervalles<\/strong> parfaitement inconnus de nos oreilles conditionn\u00e9es.<\/p>\n\n\n\n<p style=\"font-size:24px\"><strong>Vive la R\u00e9volution Heptatonique&nbsp;!&nbsp;&nbsp;<\/strong><\/p>\n\n\n\n<p style=\"font-size:24px\"><strong>Vive la Musique&nbsp;!<\/strong><\/p>\n\n\n\n<p><strong><a href=\"https:\/\/dhalmann.fr\/music\/product-category\/auteurs\/louvier-alain\/\">Alain Louvier<\/a>, d\u00e9cembre 2019<\/strong><\/p>\n","protected":false},"excerpt":{"rendered":"<p>Le 21\u00e8me Si\u00e8cle naissant a jet\u00e9 un regard nouveau \u2013 et sans complaisance \u2013 sur les multiples in\u00e9galit\u00e9s de nos soci\u00e9t\u00e9s humaines. Elles font aujourd\u2019hui l\u2019objet d\u2019une lutte sans merci, dans de nombreux domaines&nbsp;: parit\u00e9 hommes\/femmes, acc\u00e8s \u00e0 l\u2019\u00e9ducation ou \u00e0 la culture, syst\u00e8mes de sant\u00e9, disparit\u00e9s des r\u00e9mun\u00e9rations, etc\u2026 On ne peut que se [&hellip;]<\/p>\n","protected":false},"author":2,"featured_media":0,"comment_status":"closed","ping_status":"closed","sticky":false,"template":"","format":"standard","meta":{"ocean_post_layout":"","ocean_both_sidebars_style":"","ocean_both_sidebars_content_width":0,"ocean_both_sidebars_sidebars_width":0,"ocean_sidebar":"woo_sidebar","ocean_second_sidebar":"0","ocean_disable_margins":"enable","ocean_add_body_class":"","ocean_shortcode_before_top_bar":"","ocean_shortcode_after_top_bar":"","ocean_shortcode_before_header":"","ocean_shortcode_after_header":"","ocean_has_shortcode":"","ocean_shortcode_after_title":"","ocean_shortcode_before_footer_widgets":"","ocean_shortcode_after_footer_widgets":"","ocean_shortcode_before_footer_bottom":"","ocean_shortcode_after_footer_bottom":"","ocean_display_top_bar":"default","ocean_display_header":"default","ocean_header_style":"","ocean_center_header_left_menu":"0","ocean_custom_header_template":"0","ocean_custom_logo":0,"ocean_custom_retina_logo":0,"ocean_custom_logo_max_width":0,"ocean_custom_logo_tablet_max_width":0,"ocean_custom_logo_mobile_max_width":0,"ocean_custom_logo_max_height":0,"ocean_custom_logo_tablet_max_height":0,"ocean_custom_logo_mobile_max_height":0,"ocean_header_custom_menu":"0","ocean_menu_typo_font_family":"0","ocean_menu_typo_font_subset":"","ocean_menu_typo_font_size":0,"ocean_menu_typo_font_size_tablet":0,"ocean_menu_typo_font_size_mobile":0,"ocean_menu_typo_font_size_unit":"px","ocean_menu_typo_font_weight":"","ocean_menu_typo_font_weight_tablet":"","ocean_menu_typo_font_weight_mobile":"","ocean_menu_typo_transform":"","ocean_menu_typo_transform_tablet":"","ocean_menu_typo_transform_mobile":"","ocean_menu_typo_line_height":0,"ocean_menu_typo_line_height_tablet":0,"ocean_menu_typo_line_height_mobile":0,"ocean_menu_typo_line_height_unit":"","ocean_menu_typo_spacing":0,"ocean_menu_typo_spacing_tablet":0,"ocean_menu_typo_spacing_mobile":0,"ocean_menu_typo_spacing_unit":"","ocean_menu_link_color":"","ocean_menu_link_color_hover":"","ocean_menu_link_color_active":"","ocean_menu_link_background":"","ocean_menu_link_hover_background":"","ocean_menu_link_active_background":"","ocean_menu_social_links_bg":"","ocean_menu_social_hover_links_bg":"","ocean_menu_social_links_color":"","ocean_menu_social_hover_links_color":"","ocean_disable_title":"default","ocean_disable_heading":"default","ocean_post_title":"","ocean_post_subheading":"","ocean_post_title_style":"","ocean_post_title_background_color":"","ocean_post_title_background":0,"ocean_post_title_bg_image_position":"","ocean_post_title_bg_image_attachment":"","ocean_post_title_bg_image_repeat":"","ocean_post_title_bg_image_size":"","ocean_post_title_height":0,"ocean_post_title_bg_overlay":0.5,"ocean_post_title_bg_overlay_color":"","ocean_disable_breadcrumbs":"default","ocean_breadcrumbs_color":"","ocean_breadcrumbs_separator_color":"","ocean_breadcrumbs_links_color":"","ocean_breadcrumbs_links_hover_color":"","ocean_display_footer_widgets":"default","ocean_display_footer_bottom":"default","ocean_custom_footer_template":"0","ocean_post_oembed":"","ocean_post_self_hosted_media":"","ocean_post_video_embed":"","ocean_link_format":"","ocean_link_format_target":"self","ocean_quote_format":"","ocean_quote_format_link":"post","ocean_gallery_link_images":"off","ocean_gallery_id":[],"footnotes":""},"categories":[512],"tags":[],"class_list":["post-8270","post","type-post","status-publish","format-standard","hentry","category-actualites","entry","owp-thumbs-layout-horizontal","owp-btn-normal","owp-tabs-layout-horizontal","has-no-thumbnails","has-product-nav"],"yoast_head":"<!-- This site is optimized with the Yoast SEO plugin v27.5 - https:\/\/yoast.com\/product\/yoast-seo-wordpress\/ -->\n<title>Plaidoyer pour un gamme \u00e9galitaire. Par Alain Louvier<\/title>\n<meta name=\"description\" content=\"Le 21\u00e8me Si\u00e8cle naissant a jet\u00e9 un regard nouveau sur les multiples in\u00e9galit\u00e9s de nos soci\u00e9t\u00e9s humaines. Cependant, personne ne s\u2019occupe de la Musique, langage pourtant universel, mais totalement fig\u00e9.\" \/>\n<meta name=\"robots\" content=\"index, follow, max-snippet:-1, max-image-preview:large, max-video-preview:-1\" \/>\n<link rel=\"canonical\" href=\"https:\/\/dhalmann.fr\/music\/pour-une-gamme-egalitaire\/\" \/>\n<meta property=\"og:locale\" content=\"fr_FR\" \/>\n<meta property=\"og:type\" content=\"article\" \/>\n<meta property=\"og:title\" content=\"Plaidoyer pour un gamme \u00e9galitaire. Par Alain Louvier\" \/>\n<meta property=\"og:description\" content=\"Le 21\u00e8me Si\u00e8cle naissant a jet\u00e9 un regard nouveau sur les multiples in\u00e9galit\u00e9s de nos soci\u00e9t\u00e9s humaines. Cependant, personne ne s\u2019occupe de la Musique, langage pourtant universel, mais totalement fig\u00e9.\" \/>\n<meta property=\"og:url\" content=\"https:\/\/dhalmann.fr\/music\/pour-une-gamme-egalitaire\/\" \/>\n<meta property=\"og:site_name\" content=\"Editions Fran\u00e7ois Dhalmann\" \/>\n<meta property=\"article:publisher\" content=\"https:\/\/www.facebook.com\/EditionsDhalmann\/\" \/>\n<meta property=\"article:published_time\" content=\"2022-07-22T10:12:47+00:00\" \/>\n<meta property=\"article:modified_time\" content=\"2022-07-22T10:31:04+00:00\" \/>\n<meta property=\"og:image\" content=\"https:\/\/dhalmann.fr\/music\/wp-content\/uploads\/2022\/07\/Ut1-1.png\" \/>\n<meta name=\"author\" content=\"Editions Dhalmann\" \/>\n<meta name=\"twitter:card\" content=\"summary_large_image\" \/>\n<meta name=\"twitter:creator\" content=\"@editiondhalmann\" \/>\n<meta name=\"twitter:site\" content=\"@editiondhalmann\" \/>\n<meta name=\"twitter:label1\" content=\"\u00c9crit par\" \/>\n\t<meta name=\"twitter:data1\" content=\"Editions Dhalmann\" \/>\n\t<meta name=\"twitter:label2\" content=\"Dur\u00e9e de lecture estim\u00e9e\" \/>\n\t<meta name=\"twitter:data2\" content=\"4 minutes\" \/>\n<script type=\"application\/ld+json\" class=\"yoast-schema-graph\">{\"@context\":\"https:\\\/\\\/schema.org\",\"@graph\":[{\"@type\":\"Article\",\"@id\":\"https:\\\/\\\/dhalmann.fr\\\/music\\\/pour-une-gamme-egalitaire\\\/#article\",\"isPartOf\":{\"@id\":\"https:\\\/\\\/dhalmann.fr\\\/music\\\/pour-une-gamme-egalitaire\\\/\"},\"author\":{\"name\":\"Editions Dhalmann\",\"@id\":\"https:\\\/\\\/dhalmann.fr\\\/music\\\/#\\\/schema\\\/person\\\/a369157ae86c5e8f064177bad48750fa\"},\"headline\":\"Plaidoyer pour un gamme \u00e9galitaire. Par Alain Louvier\",\"datePublished\":\"2022-07-22T10:12:47+00:00\",\"dateModified\":\"2022-07-22T10:31:04+00:00\",\"mainEntityOfPage\":{\"@id\":\"https:\\\/\\\/dhalmann.fr\\\/music\\\/pour-une-gamme-egalitaire\\\/\"},\"wordCount\":839,\"publisher\":{\"@id\":\"https:\\\/\\\/dhalmann.fr\\\/music\\\/#organization\"},\"image\":{\"@id\":\"https:\\\/\\\/dhalmann.fr\\\/music\\\/pour-une-gamme-egalitaire\\\/#primaryimage\"},\"thumbnailUrl\":\"https:\\\/\\\/dhalmann.fr\\\/music\\\/wp-content\\\/uploads\\\/2022\\\/07\\\/Ut1-1.png\",\"articleSection\":[\"Actualit\u00e9s\"],\"inLanguage\":\"fr-FR\"},{\"@type\":\"WebPage\",\"@id\":\"https:\\\/\\\/dhalmann.fr\\\/music\\\/pour-une-gamme-egalitaire\\\/\",\"url\":\"https:\\\/\\\/dhalmann.fr\\\/music\\\/pour-une-gamme-egalitaire\\\/\",\"name\":\"Plaidoyer pour un gamme \u00e9galitaire. Par Alain Louvier\",\"isPartOf\":{\"@id\":\"https:\\\/\\\/dhalmann.fr\\\/music\\\/#website\"},\"primaryImageOfPage\":{\"@id\":\"https:\\\/\\\/dhalmann.fr\\\/music\\\/pour-une-gamme-egalitaire\\\/#primaryimage\"},\"image\":{\"@id\":\"https:\\\/\\\/dhalmann.fr\\\/music\\\/pour-une-gamme-egalitaire\\\/#primaryimage\"},\"thumbnailUrl\":\"https:\\\/\\\/dhalmann.fr\\\/music\\\/wp-content\\\/uploads\\\/2022\\\/07\\\/Ut1-1.png\",\"datePublished\":\"2022-07-22T10:12:47+00:00\",\"dateModified\":\"2022-07-22T10:31:04+00:00\",\"description\":\"Le 21\u00e8me Si\u00e8cle naissant a jet\u00e9 un regard nouveau sur les multiples in\u00e9galit\u00e9s de nos soci\u00e9t\u00e9s humaines. Cependant, personne ne s\u2019occupe de la Musique, langage pourtant universel, mais totalement fig\u00e9.\",\"breadcrumb\":{\"@id\":\"https:\\\/\\\/dhalmann.fr\\\/music\\\/pour-une-gamme-egalitaire\\\/#breadcrumb\"},\"inLanguage\":\"fr-FR\",\"potentialAction\":[{\"@type\":\"ReadAction\",\"target\":[\"https:\\\/\\\/dhalmann.fr\\\/music\\\/pour-une-gamme-egalitaire\\\/\"]}]},{\"@type\":\"ImageObject\",\"inLanguage\":\"fr-FR\",\"@id\":\"https:\\\/\\\/dhalmann.fr\\\/music\\\/pour-une-gamme-egalitaire\\\/#primaryimage\",\"url\":\"https:\\\/\\\/dhalmann.fr\\\/music\\\/wp-content\\\/uploads\\\/2022\\\/07\\\/Ut1-1.png\",\"contentUrl\":\"https:\\\/\\\/dhalmann.fr\\\/music\\\/wp-content\\\/uploads\\\/2022\\\/07\\\/Ut1-1.png\",\"width\":400,\"height\":187},{\"@type\":\"BreadcrumbList\",\"@id\":\"https:\\\/\\\/dhalmann.fr\\\/music\\\/pour-une-gamme-egalitaire\\\/#breadcrumb\",\"itemListElement\":[{\"@type\":\"ListItem\",\"position\":1,\"name\":\"Home\",\"item\":\"https:\\\/\\\/dhalmann.fr\\\/music\\\/\"},{\"@type\":\"ListItem\",\"position\":2,\"name\":\"Plaidoyer pour un gamme \u00e9galitaire. Par Alain Louvier\"}]},{\"@type\":\"WebSite\",\"@id\":\"https:\\\/\\\/dhalmann.fr\\\/music\\\/#website\",\"url\":\"https:\\\/\\\/dhalmann.fr\\\/music\\\/\",\"name\":\"Editions Fran\u00e7ois Dhalmann\",\"description\":\"Partitions musicales des Editions Dhalmann pour tous les instruments - Percussion, piano, cordes, vents, ensemble, orchestre et bien plus\",\"publisher\":{\"@id\":\"https:\\\/\\\/dhalmann.fr\\\/music\\\/#organization\"},\"alternateName\":\"Dhalmann\",\"potentialAction\":[{\"@type\":\"SearchAction\",\"target\":{\"@type\":\"EntryPoint\",\"urlTemplate\":\"https:\\\/\\\/dhalmann.fr\\\/music\\\/?s={search_term_string}\"},\"query-input\":{\"@type\":\"PropertyValueSpecification\",\"valueRequired\":true,\"valueName\":\"search_term_string\"}}],\"inLanguage\":\"fr-FR\"},{\"@type\":\"Organization\",\"@id\":\"https:\\\/\\\/dhalmann.fr\\\/music\\\/#organization\",\"name\":\"Editions Francois Dhalmann\",\"alternateName\":\"Dhalmann\",\"url\":\"https:\\\/\\\/dhalmann.fr\\\/music\\\/\",\"logo\":{\"@type\":\"ImageObject\",\"inLanguage\":\"fr-FR\",\"@id\":\"https:\\\/\\\/dhalmann.fr\\\/music\\\/#\\\/schema\\\/logo\\\/image\\\/\",\"url\":\"https:\\\/\\\/dhalmann.fr\\\/music\\\/wp-content\\\/uploads\\\/2021\\\/07\\\/editions-francois-dhalmann-1397749175.jpg\",\"contentUrl\":\"https:\\\/\\\/dhalmann.fr\\\/music\\\/wp-content\\\/uploads\\\/2021\\\/07\\\/editions-francois-dhalmann-1397749175.jpg\",\"width\":559,\"height\":354,\"caption\":\"Editions Francois Dhalmann\"},\"image\":{\"@id\":\"https:\\\/\\\/dhalmann.fr\\\/music\\\/#\\\/schema\\\/logo\\\/image\\\/\"},\"sameAs\":[\"https:\\\/\\\/www.facebook.com\\\/EditionsDhalmann\\\/\",\"https:\\\/\\\/x.com\\\/editiondhalmann\",\"https:\\\/\\\/www.youtube.com\\\/channel\\\/UCZdGOJXKqg6ByF1pQloitAg\"]},{\"@type\":\"Person\",\"@id\":\"https:\\\/\\\/dhalmann.fr\\\/music\\\/#\\\/schema\\\/person\\\/a369157ae86c5e8f064177bad48750fa\",\"name\":\"Editions Dhalmann\",\"image\":{\"@type\":\"ImageObject\",\"inLanguage\":\"fr-FR\",\"@id\":\"https:\\\/\\\/secure.gravatar.com\\\/avatar\\\/7c78cfdb4a1fdf68108dcbb2afc53e5515fada4b9418f47e0456d1463bd3903b?s=96&d=mm&r=g\",\"url\":\"https:\\\/\\\/secure.gravatar.com\\\/avatar\\\/7c78cfdb4a1fdf68108dcbb2afc53e5515fada4b9418f47e0456d1463bd3903b?s=96&d=mm&r=g\",\"contentUrl\":\"https:\\\/\\\/secure.gravatar.com\\\/avatar\\\/7c78cfdb4a1fdf68108dcbb2afc53e5515fada4b9418f47e0456d1463bd3903b?s=96&d=mm&r=g\",\"caption\":\"Editions Dhalmann\"},\"url\":\"https:\\\/\\\/dhalmann.fr\\\/music\\\/author\\\/editionsdhal_18_1_19\\\/\"}]}<\/script>\n<!-- \/ Yoast SEO plugin. -->","yoast_head_json":{"title":"Plaidoyer pour un gamme \u00e9galitaire. Par Alain Louvier","description":"Le 21\u00e8me Si\u00e8cle naissant a jet\u00e9 un regard nouveau sur les multiples in\u00e9galit\u00e9s de nos soci\u00e9t\u00e9s humaines. Cependant, personne ne s\u2019occupe de la Musique, langage pourtant universel, mais totalement fig\u00e9.","robots":{"index":"index","follow":"follow","max-snippet":"max-snippet:-1","max-image-preview":"max-image-preview:large","max-video-preview":"max-video-preview:-1"},"canonical":"https:\/\/dhalmann.fr\/music\/pour-une-gamme-egalitaire\/","og_locale":"fr_FR","og_type":"article","og_title":"Plaidoyer pour un gamme \u00e9galitaire. Par Alain Louvier","og_description":"Le 21\u00e8me Si\u00e8cle naissant a jet\u00e9 un regard nouveau sur les multiples in\u00e9galit\u00e9s de nos soci\u00e9t\u00e9s humaines. Cependant, personne ne s\u2019occupe de la Musique, langage pourtant universel, mais totalement fig\u00e9.","og_url":"https:\/\/dhalmann.fr\/music\/pour-une-gamme-egalitaire\/","og_site_name":"Editions Fran\u00e7ois Dhalmann","article_publisher":"https:\/\/www.facebook.com\/EditionsDhalmann\/","article_published_time":"2022-07-22T10:12:47+00:00","article_modified_time":"2022-07-22T10:31:04+00:00","og_image":[{"url":"https:\/\/dhalmann.fr\/music\/wp-content\/uploads\/2022\/07\/Ut1-1.png","type":"","width":"","height":""}],"author":"Editions Dhalmann","twitter_card":"summary_large_image","twitter_creator":"@editiondhalmann","twitter_site":"@editiondhalmann","twitter_misc":{"\u00c9crit par":"Editions Dhalmann","Dur\u00e9e de lecture estim\u00e9e":"4 minutes"},"schema":{"@context":"https:\/\/schema.org","@graph":[{"@type":"Article","@id":"https:\/\/dhalmann.fr\/music\/pour-une-gamme-egalitaire\/#article","isPartOf":{"@id":"https:\/\/dhalmann.fr\/music\/pour-une-gamme-egalitaire\/"},"author":{"name":"Editions Dhalmann","@id":"https:\/\/dhalmann.fr\/music\/#\/schema\/person\/a369157ae86c5e8f064177bad48750fa"},"headline":"Plaidoyer pour un gamme \u00e9galitaire. Par Alain Louvier","datePublished":"2022-07-22T10:12:47+00:00","dateModified":"2022-07-22T10:31:04+00:00","mainEntityOfPage":{"@id":"https:\/\/dhalmann.fr\/music\/pour-une-gamme-egalitaire\/"},"wordCount":839,"publisher":{"@id":"https:\/\/dhalmann.fr\/music\/#organization"},"image":{"@id":"https:\/\/dhalmann.fr\/music\/pour-une-gamme-egalitaire\/#primaryimage"},"thumbnailUrl":"https:\/\/dhalmann.fr\/music\/wp-content\/uploads\/2022\/07\/Ut1-1.png","articleSection":["Actualit\u00e9s"],"inLanguage":"fr-FR"},{"@type":"WebPage","@id":"https:\/\/dhalmann.fr\/music\/pour-une-gamme-egalitaire\/","url":"https:\/\/dhalmann.fr\/music\/pour-une-gamme-egalitaire\/","name":"Plaidoyer pour un gamme \u00e9galitaire. Par Alain Louvier","isPartOf":{"@id":"https:\/\/dhalmann.fr\/music\/#website"},"primaryImageOfPage":{"@id":"https:\/\/dhalmann.fr\/music\/pour-une-gamme-egalitaire\/#primaryimage"},"image":{"@id":"https:\/\/dhalmann.fr\/music\/pour-une-gamme-egalitaire\/#primaryimage"},"thumbnailUrl":"https:\/\/dhalmann.fr\/music\/wp-content\/uploads\/2022\/07\/Ut1-1.png","datePublished":"2022-07-22T10:12:47+00:00","dateModified":"2022-07-22T10:31:04+00:00","description":"Le 21\u00e8me Si\u00e8cle naissant a jet\u00e9 un regard nouveau sur les multiples in\u00e9galit\u00e9s de nos soci\u00e9t\u00e9s humaines. Cependant, personne ne s\u2019occupe de la Musique, langage pourtant universel, mais totalement fig\u00e9.","breadcrumb":{"@id":"https:\/\/dhalmann.fr\/music\/pour-une-gamme-egalitaire\/#breadcrumb"},"inLanguage":"fr-FR","potentialAction":[{"@type":"ReadAction","target":["https:\/\/dhalmann.fr\/music\/pour-une-gamme-egalitaire\/"]}]},{"@type":"ImageObject","inLanguage":"fr-FR","@id":"https:\/\/dhalmann.fr\/music\/pour-une-gamme-egalitaire\/#primaryimage","url":"https:\/\/dhalmann.fr\/music\/wp-content\/uploads\/2022\/07\/Ut1-1.png","contentUrl":"https:\/\/dhalmann.fr\/music\/wp-content\/uploads\/2022\/07\/Ut1-1.png","width":400,"height":187},{"@type":"BreadcrumbList","@id":"https:\/\/dhalmann.fr\/music\/pour-une-gamme-egalitaire\/#breadcrumb","itemListElement":[{"@type":"ListItem","position":1,"name":"Home","item":"https:\/\/dhalmann.fr\/music\/"},{"@type":"ListItem","position":2,"name":"Plaidoyer pour un gamme \u00e9galitaire. Par Alain Louvier"}]},{"@type":"WebSite","@id":"https:\/\/dhalmann.fr\/music\/#website","url":"https:\/\/dhalmann.fr\/music\/","name":"Editions Fran\u00e7ois Dhalmann","description":"Partitions musicales des Editions Dhalmann pour tous les instruments - Percussion, piano, cordes, vents, ensemble, orchestre et bien plus","publisher":{"@id":"https:\/\/dhalmann.fr\/music\/#organization"},"alternateName":"Dhalmann","potentialAction":[{"@type":"SearchAction","target":{"@type":"EntryPoint","urlTemplate":"https:\/\/dhalmann.fr\/music\/?s={search_term_string}"},"query-input":{"@type":"PropertyValueSpecification","valueRequired":true,"valueName":"search_term_string"}}],"inLanguage":"fr-FR"},{"@type":"Organization","@id":"https:\/\/dhalmann.fr\/music\/#organization","name":"Editions Francois Dhalmann","alternateName":"Dhalmann","url":"https:\/\/dhalmann.fr\/music\/","logo":{"@type":"ImageObject","inLanguage":"fr-FR","@id":"https:\/\/dhalmann.fr\/music\/#\/schema\/logo\/image\/","url":"https:\/\/dhalmann.fr\/music\/wp-content\/uploads\/2021\/07\/editions-francois-dhalmann-1397749175.jpg","contentUrl":"https:\/\/dhalmann.fr\/music\/wp-content\/uploads\/2021\/07\/editions-francois-dhalmann-1397749175.jpg","width":559,"height":354,"caption":"Editions Francois Dhalmann"},"image":{"@id":"https:\/\/dhalmann.fr\/music\/#\/schema\/logo\/image\/"},"sameAs":["https:\/\/www.facebook.com\/EditionsDhalmann\/","https:\/\/x.com\/editiondhalmann","https:\/\/www.youtube.com\/channel\/UCZdGOJXKqg6ByF1pQloitAg"]},{"@type":"Person","@id":"https:\/\/dhalmann.fr\/music\/#\/schema\/person\/a369157ae86c5e8f064177bad48750fa","name":"Editions Dhalmann","image":{"@type":"ImageObject","inLanguage":"fr-FR","@id":"https:\/\/secure.gravatar.com\/avatar\/7c78cfdb4a1fdf68108dcbb2afc53e5515fada4b9418f47e0456d1463bd3903b?s=96&d=mm&r=g","url":"https:\/\/secure.gravatar.com\/avatar\/7c78cfdb4a1fdf68108dcbb2afc53e5515fada4b9418f47e0456d1463bd3903b?s=96&d=mm&r=g","contentUrl":"https:\/\/secure.gravatar.com\/avatar\/7c78cfdb4a1fdf68108dcbb2afc53e5515fada4b9418f47e0456d1463bd3903b?s=96&d=mm&r=g","caption":"Editions Dhalmann"},"url":"https:\/\/dhalmann.fr\/music\/author\/editionsdhal_18_1_19\/"}]}},"_links":{"self":[{"href":"https:\/\/dhalmann.fr\/music\/wp-json\/wp\/v2\/posts\/8270","targetHints":{"allow":["GET"]}}],"collection":[{"href":"https:\/\/dhalmann.fr\/music\/wp-json\/wp\/v2\/posts"}],"about":[{"href":"https:\/\/dhalmann.fr\/music\/wp-json\/wp\/v2\/types\/post"}],"author":[{"embeddable":true,"href":"https:\/\/dhalmann.fr\/music\/wp-json\/wp\/v2\/users\/2"}],"replies":[{"embeddable":true,"href":"https:\/\/dhalmann.fr\/music\/wp-json\/wp\/v2\/comments?post=8270"}],"version-history":[{"count":2,"href":"https:\/\/dhalmann.fr\/music\/wp-json\/wp\/v2\/posts\/8270\/revisions"}],"predecessor-version":[{"id":8282,"href":"https:\/\/dhalmann.fr\/music\/wp-json\/wp\/v2\/posts\/8270\/revisions\/8282"}],"wp:attachment":[{"href":"https:\/\/dhalmann.fr\/music\/wp-json\/wp\/v2\/media?parent=8270"}],"wp:term":[{"taxonomy":"category","embeddable":true,"href":"https:\/\/dhalmann.fr\/music\/wp-json\/wp\/v2\/categories?post=8270"},{"taxonomy":"post_tag","embeddable":true,"href":"https:\/\/dhalmann.fr\/music\/wp-json\/wp\/v2\/tags?post=8270"}],"curies":[{"name":"wp","href":"https:\/\/api.w.org\/{rel}","templated":true}]}}