{"id":107,"count":2,"description":"Les partitions de Latif Chaarani en vente directe sur le site des Editions Fran\u00e7ois Dhalmann. Partitions au format imprim\u00e9 ou en t\u00e9l\u00e9chargement imm\u00e9diat.\r\n<h2><img class=\"alignleft size-thumbnail wp-image-1822\" src=\"https:\/\/dhalmann.fr\/music\/wp-content\/uploads\/2021\/07\/Latif-Chaarani-150x150.jpg\" alt=\"Latif Chaarani\" width=\"150\" height=\"150\" \/>Latif Chaarani<\/h2>\r\nLatif Chaarani, n\u00e9 \u00e0 Casablanca, pratique r\u00e9guli\u00e8rement la percussion traditionnelle dans son pays natal, le Maroc, jusqu\u2019en 1978, date \u00e0 laquelle il s\u2019installe en France.\r\n\r\n\u00c0 Nancy, o\u00f9 il termine ses \u00e9tudes d\u2019\u00e9conomie \u00e0 l'universit\u00e9, il se consacre \u00e0 la musique en jouant les percussions afro-cubaines, mais aussi orientales. Il est ensuite l\u2019un des fondateurs de <em>Mister Bird<\/em>, groupe de jazz d\u2019avant-garde prim\u00e9 au festival de la D\u00e9fense \u00e0 Paris en 1987. Il obtient, en 1989, le Dipl\u00f4me d\u2019\u00c9tat de percussions traditionnelles et en 1992, le Certificat d\u2019Aptitude aux fonctions de professeur de musique traditionnelle. Il enseigne les instruments de percussions latines et orientales, tout d\u2019abord \u00e0 l\u2019\u00c9cole Nationale de Musique d\u2019\u00c9pinal, et depuis 1995 au <strong>Conservatoire National de R\u00e9gion de Strasbourg<\/strong>. \u00c0 partir de cette date et pendant plusieurs ann\u00e9es, il joue dans <em>l\u2019Orchestre R\u00e9gional de Jazz en Alsace<\/em>. C'est pr\u00e9cis\u00e9ment dans ce cadre qu'il a l'occasion, avec les autres musiciens de cet orchestre, d'accompagner le saxophoniste <strong>Archie Shepp<\/strong> au festival de jazz de Vienne en 1996.\r\n\r\n\u00c0 partir de 1998, il compose pour le th\u00e9\u00e2tre et il est co-sc\u00e9nariste et co-compositeur (avec Jaime Cordoba) du r\u00e9cit musical <em>Un jour, \u00e0 Cuba\u2026, <\/em>destin\u00e9 aux coll\u00e9giens etpubli\u00e9 en 1998 aux \u00c9ditions Van De Velde. De 2001 \u00e0 2010, il s\u2019est \u00e9galement produit en compagnie de Mariano Martin, guitariste de flamenco, dans un duo en qu\u00eate des racines communes \u00e0 deux cultures cousines, espagnole et orientale. Il a jou\u00e9, en tant que com\u00e9dien et musicien, dans le film <em>Swing<\/em> du cin\u00e9aste <strong>Tony Gatlif<\/strong>, tourn\u00e9 en 2001 et sorti en 2002, ainsi que dans le spectacle musical du m\u00eame cin\u00e9aste, intitul\u00e9 <em>Vertiges<\/em> et mont\u00e9 en 2007. En 2002, il a accompagn\u00e9, en tant que percussionniste, la tourn\u00e9e de concerts de <strong>Jane Birkin<\/strong>, pour son spectacle <em>Arabesques<\/em>.","link":"https:\/\/dhalmann.fr\/music\/product-category\/auteurs\/chaarani-latif-et-elsa\/","name":"Chaarani Latif et Elsa","slug":"chaarani-latif-et-elsa","taxonomy":"product_cat","parent":129,"meta":[],"menu_order":0,"yoast_head":"<!-- This site is optimized with the Yoast SEO plugin v27.5 - https:\/\/yoast.com\/product\/yoast-seo-wordpress\/ -->\n<title>Partitions de Chaarani Latif et Elsa - Editions Fran\u00e7ois Dhalmann<\/title>\n<meta name=\"description\" content=\"Les partitions de Latif Chaarani en vente directe sur le site des Editions Fran\u00e7ois Dhalmann. Partitions au format imprim\u00e9 ou en t\u00e9l\u00e9chargement imm\u00e9diat.\" \/>\n<meta name=\"robots\" content=\"index, follow, max-snippet:-1, max-image-preview:large, max-video-preview:-1\" \/>\n<link rel=\"canonical\" href=\"https:\/\/dhalmann.fr\/music\/product-category\/auteurs\/chaarani-latif-et-elsa\/\" \/>\n<meta property=\"og:locale\" content=\"fr_FR\" \/>\n<meta property=\"og:type\" content=\"article\" \/>\n<meta property=\"og:title\" content=\"Partitions de Chaarani Latif et Elsa - Editions Fran\u00e7ois Dhalmann\" \/>\n<meta property=\"og:description\" content=\"Les partitions de Latif Chaarani en vente directe sur le site des Editions Fran\u00e7ois Dhalmann. Partitions au format imprim\u00e9 ou en t\u00e9l\u00e9chargement imm\u00e9diat.\" \/>\n<meta property=\"og:url\" content=\"https:\/\/dhalmann.fr\/music\/product-category\/auteurs\/chaarani-latif-et-elsa\/\" \/>\n<meta property=\"og:site_name\" content=\"Editions Fran\u00e7ois Dhalmann\" \/>\n<meta property=\"og:image\" content=\"https:\/\/dhalmann.fr\/music\/wp-content\/uploads\/2021\/07\/Latif-Chaarani-150x150.jpg\" \/>\n<meta name=\"twitter:card\" content=\"summary_large_image\" \/>\n<meta name=\"twitter:site\" content=\"@editiondhalmann\" \/>\n<script type=\"application\/ld+json\" class=\"yoast-schema-graph\">{\"@context\":\"https:\\\/\\\/schema.org\",\"@graph\":[{\"@type\":\"CollectionPage\",\"@id\":\"https:\\\/\\\/dhalmann.fr\\\/music\\\/product-category\\\/auteurs\\\/chaarani-latif-et-elsa\\\/\",\"url\":\"https:\\\/\\\/dhalmann.fr\\\/music\\\/product-category\\\/auteurs\\\/chaarani-latif-et-elsa\\\/\",\"name\":\"Partitions de Chaarani Latif et Elsa - Editions Fran\u00e7ois Dhalmann\",\"isPartOf\":{\"@id\":\"https:\\\/\\\/dhalmann.fr\\\/music\\\/#website\"},\"description\":\"Les partitions de Latif Chaarani en vente directe sur le site des Editions Fran\u00e7ois Dhalmann. Partitions au format imprim\u00e9 ou en t\u00e9l\u00e9chargement imm\u00e9diat.\",\"breadcrumb\":{\"@id\":\"https:\\\/\\\/dhalmann.fr\\\/music\\\/product-category\\\/auteurs\\\/chaarani-latif-et-elsa\\\/#breadcrumb\"},\"inLanguage\":\"fr-FR\"},{\"@type\":\"BreadcrumbList\",\"@id\":\"https:\\\/\\\/dhalmann.fr\\\/music\\\/product-category\\\/auteurs\\\/chaarani-latif-et-elsa\\\/#breadcrumb\",\"itemListElement\":[{\"@type\":\"ListItem\",\"position\":1,\"name\":\"Home\",\"item\":\"https:\\\/\\\/dhalmann.fr\\\/music\\\/\"},{\"@type\":\"ListItem\",\"position\":2,\"name\":\"Auteurs\",\"item\":\"https:\\\/\\\/dhalmann.fr\\\/music\\\/product-category\\\/auteurs\\\/\"},{\"@type\":\"ListItem\",\"position\":3,\"name\":\"Chaarani Latif et Elsa\"}]},{\"@type\":\"WebSite\",\"@id\":\"https:\\\/\\\/dhalmann.fr\\\/music\\\/#website\",\"url\":\"https:\\\/\\\/dhalmann.fr\\\/music\\\/\",\"name\":\"Editions Fran\u00e7ois Dhalmann\",\"description\":\"Partitions musicales des Editions Dhalmann pour tous les instruments - Percussion, piano, cordes, vents, ensemble, orchestre et bien plus\",\"publisher\":{\"@id\":\"https:\\\/\\\/dhalmann.fr\\\/music\\\/#organization\"},\"alternateName\":\"Dhalmann\",\"potentialAction\":[{\"@type\":\"SearchAction\",\"target\":{\"@type\":\"EntryPoint\",\"urlTemplate\":\"https:\\\/\\\/dhalmann.fr\\\/music\\\/?s={search_term_string}\"},\"query-input\":{\"@type\":\"PropertyValueSpecification\",\"valueRequired\":true,\"valueName\":\"search_term_string\"}}],\"inLanguage\":\"fr-FR\"},{\"@type\":\"Organization\",\"@id\":\"https:\\\/\\\/dhalmann.fr\\\/music\\\/#organization\",\"name\":\"Editions Francois Dhalmann\",\"alternateName\":\"Dhalmann\",\"url\":\"https:\\\/\\\/dhalmann.fr\\\/music\\\/\",\"logo\":{\"@type\":\"ImageObject\",\"inLanguage\":\"fr-FR\",\"@id\":\"https:\\\/\\\/dhalmann.fr\\\/music\\\/#\\\/schema\\\/logo\\\/image\\\/\",\"url\":\"https:\\\/\\\/dhalmann.fr\\\/music\\\/wp-content\\\/uploads\\\/2021\\\/07\\\/editions-francois-dhalmann-1397749175.jpg\",\"contentUrl\":\"https:\\\/\\\/dhalmann.fr\\\/music\\\/wp-content\\\/uploads\\\/2021\\\/07\\\/editions-francois-dhalmann-1397749175.jpg\",\"width\":559,\"height\":354,\"caption\":\"Editions Francois Dhalmann\"},\"image\":{\"@id\":\"https:\\\/\\\/dhalmann.fr\\\/music\\\/#\\\/schema\\\/logo\\\/image\\\/\"},\"sameAs\":[\"https:\\\/\\\/www.facebook.com\\\/EditionsDhalmann\\\/\",\"https:\\\/\\\/x.com\\\/editiondhalmann\",\"https:\\\/\\\/www.youtube.com\\\/channel\\\/UCZdGOJXKqg6ByF1pQloitAg\"]}]}<\/script>\n<!-- \/ Yoast SEO plugin. -->","yoast_head_json":{"title":"Partitions de Chaarani Latif et Elsa - Editions Fran\u00e7ois Dhalmann","description":"Les partitions de Latif Chaarani en vente directe sur le site des Editions Fran\u00e7ois Dhalmann. Partitions au format imprim\u00e9 ou en t\u00e9l\u00e9chargement imm\u00e9diat.","robots":{"index":"index","follow":"follow","max-snippet":"max-snippet:-1","max-image-preview":"max-image-preview:large","max-video-preview":"max-video-preview:-1"},"canonical":"https:\/\/dhalmann.fr\/music\/product-category\/auteurs\/chaarani-latif-et-elsa\/","og_locale":"fr_FR","og_type":"article","og_title":"Partitions de Chaarani Latif et Elsa - Editions Fran\u00e7ois Dhalmann","og_description":"Les partitions de Latif Chaarani en vente directe sur le site des Editions Fran\u00e7ois Dhalmann. Partitions au format imprim\u00e9 ou en t\u00e9l\u00e9chargement imm\u00e9diat.","og_url":"https:\/\/dhalmann.fr\/music\/product-category\/auteurs\/chaarani-latif-et-elsa\/","og_site_name":"Editions Fran\u00e7ois Dhalmann","og_image":[{"url":"https:\/\/dhalmann.fr\/music\/wp-content\/uploads\/2021\/07\/Latif-Chaarani-150x150.jpg","type":"","width":"","height":""}],"twitter_card":"summary_large_image","twitter_site":"@editiondhalmann","schema":{"@context":"https:\/\/schema.org","@graph":[{"@type":"CollectionPage","@id":"https:\/\/dhalmann.fr\/music\/product-category\/auteurs\/chaarani-latif-et-elsa\/","url":"https:\/\/dhalmann.fr\/music\/product-category\/auteurs\/chaarani-latif-et-elsa\/","name":"Partitions de Chaarani Latif et Elsa - Editions Fran\u00e7ois Dhalmann","isPartOf":{"@id":"https:\/\/dhalmann.fr\/music\/#website"},"description":"Les partitions de Latif Chaarani en vente directe sur le site des Editions Fran\u00e7ois Dhalmann. Partitions au format imprim\u00e9 ou en t\u00e9l\u00e9chargement imm\u00e9diat.","breadcrumb":{"@id":"https:\/\/dhalmann.fr\/music\/product-category\/auteurs\/chaarani-latif-et-elsa\/#breadcrumb"},"inLanguage":"fr-FR"},{"@type":"BreadcrumbList","@id":"https:\/\/dhalmann.fr\/music\/product-category\/auteurs\/chaarani-latif-et-elsa\/#breadcrumb","itemListElement":[{"@type":"ListItem","position":1,"name":"Home","item":"https:\/\/dhalmann.fr\/music\/"},{"@type":"ListItem","position":2,"name":"Auteurs","item":"https:\/\/dhalmann.fr\/music\/product-category\/auteurs\/"},{"@type":"ListItem","position":3,"name":"Chaarani Latif et Elsa"}]},{"@type":"WebSite","@id":"https:\/\/dhalmann.fr\/music\/#website","url":"https:\/\/dhalmann.fr\/music\/","name":"Editions Fran\u00e7ois Dhalmann","description":"Partitions musicales des Editions Dhalmann pour tous les instruments - Percussion, piano, cordes, vents, ensemble, orchestre et bien plus","publisher":{"@id":"https:\/\/dhalmann.fr\/music\/#organization"},"alternateName":"Dhalmann","potentialAction":[{"@type":"SearchAction","target":{"@type":"EntryPoint","urlTemplate":"https:\/\/dhalmann.fr\/music\/?s={search_term_string}"},"query-input":{"@type":"PropertyValueSpecification","valueRequired":true,"valueName":"search_term_string"}}],"inLanguage":"fr-FR"},{"@type":"Organization","@id":"https:\/\/dhalmann.fr\/music\/#organization","name":"Editions Francois Dhalmann","alternateName":"Dhalmann","url":"https:\/\/dhalmann.fr\/music\/","logo":{"@type":"ImageObject","inLanguage":"fr-FR","@id":"https:\/\/dhalmann.fr\/music\/#\/schema\/logo\/image\/","url":"https:\/\/dhalmann.fr\/music\/wp-content\/uploads\/2021\/07\/editions-francois-dhalmann-1397749175.jpg","contentUrl":"https:\/\/dhalmann.fr\/music\/wp-content\/uploads\/2021\/07\/editions-francois-dhalmann-1397749175.jpg","width":559,"height":354,"caption":"Editions Francois Dhalmann"},"image":{"@id":"https:\/\/dhalmann.fr\/music\/#\/schema\/logo\/image\/"},"sameAs":["https:\/\/www.facebook.com\/EditionsDhalmann\/","https:\/\/x.com\/editiondhalmann","https:\/\/www.youtube.com\/channel\/UCZdGOJXKqg6ByF1pQloitAg"]}]}},"_links":{"self":[{"href":"https:\/\/dhalmann.fr\/music\/wp-json\/wp\/v2\/product_cat\/107","targetHints":{"allow":["GET"]}}],"collection":[{"href":"https:\/\/dhalmann.fr\/music\/wp-json\/wp\/v2\/product_cat"}],"about":[{"href":"https:\/\/dhalmann.fr\/music\/wp-json\/wp\/v2\/taxonomies\/product_cat"}],"up":[{"embeddable":true,"href":"https:\/\/dhalmann.fr\/music\/wp-json\/wp\/v2\/product_cat\/129"}],"wp:post_type":[{"href":"https:\/\/dhalmann.fr\/music\/wp-json\/wp\/v2\/product?product_cat=107"}],"curies":[{"name":"wp","href":"https:\/\/api.w.org\/{rel}","templated":true}]}}