{"id":533,"count":4,"description":"Franck Masquelier consacre aujourd'hui une grande partie de son activit\u00e9 au d\u00e9veloppement de ses propres projets artistiques, faisant partager sa vitalit\u00e9, notamment au sein des Trios Adonis, Furioso et Panama, de l'Ensemble Laborintus, du Quintette Aria de Paris, ensembles dont il est membre fondateur. Il se produit \u00e9galement avec les organistes Monica Melcova (Slovaquie), Pierre Cambourian et Claude Nadeau, et les harpistes H\u00e9l\u00e8ne Breschand, Delphine Benhamou, Iole Cerri (It), C\u00e9line Mata et Marielle Nordmann. Il est le directeur artistique du Festival \u201cMusiques en Vercors\u201d (Is\u00e8re) et de l\u2019Acad\u00e9mie Musicale d\u2019Et\u00e9 de Villard-de-Lans, qu\u2019il a cr\u00e9\u00e9s en 1991.\r\n\r\nN\u00e9 \u00e0 Paris, il a obtenu une M\u00e9daille d\u2019Or \u00e0 l\u2019Unanimit\u00e9 de Fl\u00fbte et un Prix d\u2019Excellence au Conservatoire National de R\u00e9gion de Rueil-Malmaison. Egalement r\u00e9compens\u00e9 d\u2019un Prix de Perfectionnement au Conservatoire National de R\u00e9gion de Saint-Maur, il est ensuite entr\u00e9 au Conservatoire Royal de Musique de Bruxelles, o\u00f9 il a \u00e9t\u00e9 r\u00e9compens\u00e9 par le Dipl\u00f4me Sup\u00e9rieur. Enfin, il se perfectionne avec William Bennet \u00e0 la Hochschule f\u00fbr Musik de Freiburg. Il est \u00e9galement laur\u00e9at du 2\u00e8me Prix au Concours International de Musique de Chambre d\u2019Illzach (France), 1er ex-\u00e6quo au Concours International de Martigny (Suisse) et laur\u00e9at des Fondations Cziffra et Menuhin. Il a alors particip\u00e9 \u00e0 de nombreux concerts au sein de prestigieux orchestres nationaux et internationaux sous la baguette de grands chefs tels que Sylvain Cambreling, Jean-Marc Cochereau, G\u00e9rard Devos, Thierry Fischer, Emmanuel Krivine, Patrick Fournillier, Pascal Roph\u00e9, Pierre Roullier \u2026\r\n\r\nSon \u00e9clectisme l\u2019a amen\u00e9, comme soliste ou avec l'Ensemble Laborintus, \u00e0 inspirer de nombreux compositeurs qu\u2019il a pu cr\u00e9er et enregistrer. Sa discographie est riche de plus d'une quinzaine d'enregistrements avec ses ensembles. Il a \u00e9galement effectu\u00e9 des enregistrements pour France Musique, Radio Suisse Romande, et la RTBF. \r\n\r\nParall\u00e8lement \u00e0 ses activit\u00e9s d\u2019artiste interpr\u00e8te, Franck Masquelier d\u00e9veloppe \u00e9galement des activit\u00e9s d\u2019arrangeur et de compositeur. Son catalogue compte d\u00e9j\u00e0 plus d\u2019une soixantaine d\u2019oeuvres pour des formations tr\u00e8s diverses, ainsi que pr\u00e8s de cinq cents arrangements ou orchestrations. Environ soixante-dix partitions sont d\u00e9sormais \u00e9dit\u00e9es. \r\n\r\nP\u00e9dagogue reconnu, titulaire du Dipl\u00f4me d\u2019Etat et du Certificat d\u2019Aptitude, il est professeur de fl\u00fbte et de musique de chambre au Conservatoire \u00e0 Rayonnement Communal Agr\u00e9\u00e9 de Rungis (94), ainsi qu\u2019\u00e0 l\u2019Acad\u00e9mie Internationale de Colombes (92). \r\n\r\nDepuis janvier 2018, Franck Masquelier est \u00e9galement Pr\u00e9sident de La Traversi\u00e8re Association Fran\u00e7aise de la fl\u00fbte, qui \u00e9dite un magazine, organise des \u00e9v\u00e9nements dont la Convention Internationale de la fl\u00fbte.","link":"https:\/\/dhalmann.fr\/music\/product-category\/auteurs\/masquelier-franck\/","name":"Masquelier Franck","slug":"masquelier-franck","taxonomy":"product_cat","parent":129,"meta":[],"menu_order":0,"yoast_head":"<!-- This site is optimized with the Yoast SEO plugin v27.5 - https:\/\/yoast.com\/product\/yoast-seo-wordpress\/ -->\n<title>Partitions pour Masquelier Franck - Editions Fran\u00e7ois Dhalmann<\/title>\n<meta name=\"description\" content=\"Partition pour Masquelier Franck publi\u00e9es aux Editions Fran\u00e7ois Dhalmann. Partitions au format imprim\u00e9 ou en t\u00e9l\u00e9chargement imm\u00e9diat.\" \/>\n<meta name=\"robots\" content=\"index, follow, max-snippet:-1, max-image-preview:large, max-video-preview:-1\" \/>\n<link rel=\"canonical\" href=\"https:\/\/dhalmann.fr\/music\/product-category\/auteurs\/masquelier-franck\/\" \/>\n<meta property=\"og:locale\" content=\"fr_FR\" \/>\n<meta property=\"og:type\" content=\"article\" \/>\n<meta property=\"og:title\" content=\"Partitions pour Masquelier Franck - Editions Fran\u00e7ois Dhalmann\" \/>\n<meta property=\"og:description\" content=\"Partition pour Masquelier Franck publi\u00e9es aux Editions Fran\u00e7ois Dhalmann. Partitions au format imprim\u00e9 ou en t\u00e9l\u00e9chargement imm\u00e9diat.\" \/>\n<meta property=\"og:url\" content=\"https:\/\/dhalmann.fr\/music\/product-category\/auteurs\/masquelier-franck\/\" \/>\n<meta property=\"og:site_name\" content=\"Editions Fran\u00e7ois Dhalmann\" \/>\n<meta name=\"twitter:card\" content=\"summary_large_image\" \/>\n<meta name=\"twitter:site\" content=\"@editiondhalmann\" \/>\n<script type=\"application\/ld+json\" class=\"yoast-schema-graph\">{\"@context\":\"https:\\\/\\\/schema.org\",\"@graph\":[{\"@type\":\"CollectionPage\",\"@id\":\"https:\\\/\\\/dhalmann.fr\\\/music\\\/product-category\\\/auteurs\\\/masquelier-franck\\\/\",\"url\":\"https:\\\/\\\/dhalmann.fr\\\/music\\\/product-category\\\/auteurs\\\/masquelier-franck\\\/\",\"name\":\"Partitions pour Masquelier Franck - Editions Fran\u00e7ois Dhalmann\",\"isPartOf\":{\"@id\":\"https:\\\/\\\/dhalmann.fr\\\/music\\\/#website\"},\"description\":\"Partition pour Masquelier Franck publi\u00e9es aux Editions Fran\u00e7ois Dhalmann. Partitions au format imprim\u00e9 ou en t\u00e9l\u00e9chargement imm\u00e9diat.\",\"breadcrumb\":{\"@id\":\"https:\\\/\\\/dhalmann.fr\\\/music\\\/product-category\\\/auteurs\\\/masquelier-franck\\\/#breadcrumb\"},\"inLanguage\":\"fr-FR\"},{\"@type\":\"BreadcrumbList\",\"@id\":\"https:\\\/\\\/dhalmann.fr\\\/music\\\/product-category\\\/auteurs\\\/masquelier-franck\\\/#breadcrumb\",\"itemListElement\":[{\"@type\":\"ListItem\",\"position\":1,\"name\":\"Home\",\"item\":\"https:\\\/\\\/dhalmann.fr\\\/music\\\/\"},{\"@type\":\"ListItem\",\"position\":2,\"name\":\"Auteurs\",\"item\":\"https:\\\/\\\/dhalmann.fr\\\/music\\\/product-category\\\/auteurs\\\/\"},{\"@type\":\"ListItem\",\"position\":3,\"name\":\"Masquelier Franck\"}]},{\"@type\":\"WebSite\",\"@id\":\"https:\\\/\\\/dhalmann.fr\\\/music\\\/#website\",\"url\":\"https:\\\/\\\/dhalmann.fr\\\/music\\\/\",\"name\":\"Editions Fran\u00e7ois Dhalmann\",\"description\":\"Partitions musicales des Editions Dhalmann pour tous les instruments - Percussion, piano, cordes, vents, ensemble, orchestre et bien plus\",\"publisher\":{\"@id\":\"https:\\\/\\\/dhalmann.fr\\\/music\\\/#organization\"},\"alternateName\":\"Dhalmann\",\"potentialAction\":[{\"@type\":\"SearchAction\",\"target\":{\"@type\":\"EntryPoint\",\"urlTemplate\":\"https:\\\/\\\/dhalmann.fr\\\/music\\\/?s={search_term_string}\"},\"query-input\":{\"@type\":\"PropertyValueSpecification\",\"valueRequired\":true,\"valueName\":\"search_term_string\"}}],\"inLanguage\":\"fr-FR\"},{\"@type\":\"Organization\",\"@id\":\"https:\\\/\\\/dhalmann.fr\\\/music\\\/#organization\",\"name\":\"Editions Francois Dhalmann\",\"alternateName\":\"Dhalmann\",\"url\":\"https:\\\/\\\/dhalmann.fr\\\/music\\\/\",\"logo\":{\"@type\":\"ImageObject\",\"inLanguage\":\"fr-FR\",\"@id\":\"https:\\\/\\\/dhalmann.fr\\\/music\\\/#\\\/schema\\\/logo\\\/image\\\/\",\"url\":\"https:\\\/\\\/dhalmann.fr\\\/music\\\/wp-content\\\/uploads\\\/2021\\\/07\\\/editions-francois-dhalmann-1397749175.jpg\",\"contentUrl\":\"https:\\\/\\\/dhalmann.fr\\\/music\\\/wp-content\\\/uploads\\\/2021\\\/07\\\/editions-francois-dhalmann-1397749175.jpg\",\"width\":559,\"height\":354,\"caption\":\"Editions Francois Dhalmann\"},\"image\":{\"@id\":\"https:\\\/\\\/dhalmann.fr\\\/music\\\/#\\\/schema\\\/logo\\\/image\\\/\"},\"sameAs\":[\"https:\\\/\\\/www.facebook.com\\\/EditionsDhalmann\\\/\",\"https:\\\/\\\/x.com\\\/editiondhalmann\",\"https:\\\/\\\/www.youtube.com\\\/channel\\\/UCZdGOJXKqg6ByF1pQloitAg\"]}]}<\/script>\n<!-- \/ Yoast SEO plugin. -->","yoast_head_json":{"title":"Partitions pour Masquelier Franck - Editions Fran\u00e7ois Dhalmann","description":"Partition pour Masquelier Franck publi\u00e9es aux Editions Fran\u00e7ois Dhalmann. Partitions au format imprim\u00e9 ou en t\u00e9l\u00e9chargement imm\u00e9diat.","robots":{"index":"index","follow":"follow","max-snippet":"max-snippet:-1","max-image-preview":"max-image-preview:large","max-video-preview":"max-video-preview:-1"},"canonical":"https:\/\/dhalmann.fr\/music\/product-category\/auteurs\/masquelier-franck\/","og_locale":"fr_FR","og_type":"article","og_title":"Partitions pour Masquelier Franck - Editions Fran\u00e7ois Dhalmann","og_description":"Partition pour Masquelier Franck publi\u00e9es aux Editions Fran\u00e7ois Dhalmann. Partitions au format imprim\u00e9 ou en t\u00e9l\u00e9chargement imm\u00e9diat.","og_url":"https:\/\/dhalmann.fr\/music\/product-category\/auteurs\/masquelier-franck\/","og_site_name":"Editions Fran\u00e7ois Dhalmann","twitter_card":"summary_large_image","twitter_site":"@editiondhalmann","schema":{"@context":"https:\/\/schema.org","@graph":[{"@type":"CollectionPage","@id":"https:\/\/dhalmann.fr\/music\/product-category\/auteurs\/masquelier-franck\/","url":"https:\/\/dhalmann.fr\/music\/product-category\/auteurs\/masquelier-franck\/","name":"Partitions pour Masquelier Franck - Editions Fran\u00e7ois Dhalmann","isPartOf":{"@id":"https:\/\/dhalmann.fr\/music\/#website"},"description":"Partition pour Masquelier Franck publi\u00e9es aux Editions Fran\u00e7ois Dhalmann. Partitions au format imprim\u00e9 ou en t\u00e9l\u00e9chargement imm\u00e9diat.","breadcrumb":{"@id":"https:\/\/dhalmann.fr\/music\/product-category\/auteurs\/masquelier-franck\/#breadcrumb"},"inLanguage":"fr-FR"},{"@type":"BreadcrumbList","@id":"https:\/\/dhalmann.fr\/music\/product-category\/auteurs\/masquelier-franck\/#breadcrumb","itemListElement":[{"@type":"ListItem","position":1,"name":"Home","item":"https:\/\/dhalmann.fr\/music\/"},{"@type":"ListItem","position":2,"name":"Auteurs","item":"https:\/\/dhalmann.fr\/music\/product-category\/auteurs\/"},{"@type":"ListItem","position":3,"name":"Masquelier Franck"}]},{"@type":"WebSite","@id":"https:\/\/dhalmann.fr\/music\/#website","url":"https:\/\/dhalmann.fr\/music\/","name":"Editions Fran\u00e7ois Dhalmann","description":"Partitions musicales des Editions Dhalmann pour tous les instruments - Percussion, piano, cordes, vents, ensemble, orchestre et bien plus","publisher":{"@id":"https:\/\/dhalmann.fr\/music\/#organization"},"alternateName":"Dhalmann","potentialAction":[{"@type":"SearchAction","target":{"@type":"EntryPoint","urlTemplate":"https:\/\/dhalmann.fr\/music\/?s={search_term_string}"},"query-input":{"@type":"PropertyValueSpecification","valueRequired":true,"valueName":"search_term_string"}}],"inLanguage":"fr-FR"},{"@type":"Organization","@id":"https:\/\/dhalmann.fr\/music\/#organization","name":"Editions Francois Dhalmann","alternateName":"Dhalmann","url":"https:\/\/dhalmann.fr\/music\/","logo":{"@type":"ImageObject","inLanguage":"fr-FR","@id":"https:\/\/dhalmann.fr\/music\/#\/schema\/logo\/image\/","url":"https:\/\/dhalmann.fr\/music\/wp-content\/uploads\/2021\/07\/editions-francois-dhalmann-1397749175.jpg","contentUrl":"https:\/\/dhalmann.fr\/music\/wp-content\/uploads\/2021\/07\/editions-francois-dhalmann-1397749175.jpg","width":559,"height":354,"caption":"Editions Francois Dhalmann"},"image":{"@id":"https:\/\/dhalmann.fr\/music\/#\/schema\/logo\/image\/"},"sameAs":["https:\/\/www.facebook.com\/EditionsDhalmann\/","https:\/\/x.com\/editiondhalmann","https:\/\/www.youtube.com\/channel\/UCZdGOJXKqg6ByF1pQloitAg"]}]}},"_links":{"self":[{"href":"https:\/\/dhalmann.fr\/music\/wp-json\/wp\/v2\/product_cat\/533","targetHints":{"allow":["GET"]}}],"collection":[{"href":"https:\/\/dhalmann.fr\/music\/wp-json\/wp\/v2\/product_cat"}],"about":[{"href":"https:\/\/dhalmann.fr\/music\/wp-json\/wp\/v2\/taxonomies\/product_cat"}],"up":[{"embeddable":true,"href":"https:\/\/dhalmann.fr\/music\/wp-json\/wp\/v2\/product_cat\/129"}],"wp:post_type":[{"href":"https:\/\/dhalmann.fr\/music\/wp-json\/wp\/v2\/product?product_cat=533"}],"curies":[{"name":"wp","href":"https:\/\/api.w.org\/{rel}","templated":true}]}}